{"id":953,"date":"2023-07-03T07:26:00","date_gmt":"2023-07-03T10:26:00","guid":{"rendered":"https:\/\/autosgiros.com.br\/?p=953"},"modified":"2023-07-06T07:54:52","modified_gmt":"2023-07-06T10:54:52","slug":"volkswagen-confirma-a-chegada-ao-brasil-do-sucessor-da-kombi-o-id-buzz","status":"publish","type":"post","link":"https:\/\/autosgiros.com.br\/index.php\/2023\/07\/03\/volkswagen-confirma-a-chegada-ao-brasil-do-sucessor-da-kombi-o-id-buzz\/","title":{"rendered":"Volkswagen confirma a chegada ao Brasil do sucessor da Kombi: o ID.Buzz"},"content":{"rendered":"\n<p><em>Dez anos depois do fim da produ\u00e7\u00e3o da saudosa Kombi, a vers\u00e3o eletrificada do \u00edcone estreia oficialmente no Brasil mais conectada, vers\u00e1til e espa\u00e7osa<\/em><\/p>\n\n\n\n<p>No ano de comemora\u00e7\u00e3o dos 70 anos da Volkswagen no Brasil, um \u00edcone ressurgir\u00e1: a Kombi est\u00e1 de volta! Ela retorna em sua vers\u00e3o eletrificada, o ID.Buzz. E isso dez anos ap\u00f3s o fim de produ\u00e7\u00e3o do modelo que conquistou o cora\u00e7\u00e3o dos brasileiros. Sua vers\u00e3o 100% el\u00e9trica chega em lote limitado especial com 70 unidades.<\/p>\n\n\n\n<p>\u201cO ID.Buzz \u00e9 o \u00edcone da era eletrificada da Volkswagen. Ap\u00f3s 56 anos de hist\u00f3rias e emo\u00e7\u00f5es a bordo da Kombi, os brasileiros poder\u00e3o reviver a liberdade, independ\u00eancia e emo\u00e7\u00e3o da Velha Senhora, agora zero emiss\u00f5es e totalmente sustent\u00e1vel. A Kombi El\u00e9trica \u00e9 a uni\u00e3o de for\u00e7as das nossas estrat\u00e9gias de crescimento e descarboniza\u00e7\u00e3o para a regi\u00e3o: ACELERA VW e Way To Zero\u201d, diz Alexander Seitz, Chairman da Volkswagen Am\u00e9rica Latina.<\/p>\n\n\n\n<p>Assim como o ID.4, o ID.Buzz passou pelas mesmas etapas de pesquisas e testes no Brasil. Como esperado, a conex\u00e3o hist\u00f3rica do modelo trouxe resultados excelentes nas avalia\u00e7\u00f5es realizadas no \u00faltimo ano junto aos principais parceiros de neg\u00f3cio da marca, como concession\u00e1rios, fornecedores, autoridades e, em especial, os clientes.<\/p>\n\n\n\n<p><strong>Um rockstar global com cora\u00e7\u00e3o brasileiro<\/strong><\/p>\n\n\n\n<figure class=\"wp-block-image size-full\"><img loading=\"lazy\" decoding=\"async\" width=\"1023\" height=\"576\" src=\"https:\/\/autosgiros.com.br\/wp-content\/uploads\/2023\/07\/VW-IDBUZZ-03.png\" alt=\"\" class=\"wp-image-955\" srcset=\"https:\/\/autosgiros.com.br\/wp-content\/uploads\/2023\/07\/VW-IDBUZZ-03.png 1023w, https:\/\/autosgiros.com.br\/wp-content\/uploads\/2023\/07\/VW-IDBUZZ-03-300x169.png 300w, https:\/\/autosgiros.com.br\/wp-content\/uploads\/2023\/07\/VW-IDBUZZ-03-768x432.png 768w\" sizes=\"auto, (max-width: 1023px) 100vw, 1023px\" \/><\/figure>\n\n\n\n<p><\/p>\n\n\n\n<p>O modelo produzido em Hannover, na Alemanha, teve uma chegada digna de uma estrela do rock ao longo de 2022. Lan\u00e7ado em setembro, foi coroado com o pr\u00eamio de \u201cCarro El\u00e9trico do Ano\u201d pela publica\u00e7\u00e3o inglesa Top Gear. A vers\u00e3o Cargo, voltada para trabalho, foi eleita como \u201cVe\u00edculo Comercial Internacional do Ano\u201d durante o IAA Transportation 2022, na cidade em que \u00e9 produzido.<\/p>\n\n\n\n<p>E seu legado no Brasil come\u00e7ou rapidamente. J\u00e1 no m\u00eas de lan\u00e7amento, fez sua primeira apari\u00e7\u00e3o na Am\u00e9rica Latina no maior festival de m\u00fasica e entretenimento do mundo, o Rock in Rio, no Rio de Janeiro. A \u201ccamper van\u201d do futuro fez jus ao hist\u00f3rico em festivais herdado de sua ancestral, a T1.<\/p>\n\n\n\n<p>Semanas depois, sua passagem seguiu em S\u00e3o Paulo para um encontro hist\u00f3rico: a pr\u00f3pria Kombi T1 de 1961, carinhosamente chamada de \u201cCorujinha\u201d, recebeu o ID.Buzz na Garagem VW, na f\u00e1brica da Anchieta. E hoje, semanas ap\u00f3s a cria\u00e7\u00e3o do Dia Internacional da Kombi, em 2 de junho, a Kombi El\u00e9trica decidiu que veio para ficar.<\/p>\n\n\n\n<p>A sua chegada por aqui marca n\u00e3o s\u00f3 mais um passo da Volkswagen do Brasil no segmento de el\u00e9tricos &#8211; que cresceu 21,7% de 2021 para 2022 no Brasil -, mas, tamb\u00e9m, por sua conex\u00e3o com os brasileiros. De 1957 at\u00e9 2013, foram mais de 1,4 milh\u00f5es de Kombis comercializadas no Pa\u00eds.<\/p>\n\n\n\n<p><strong>Cl\u00e1ssico do futuro<\/strong><\/p>\n\n\n\n<figure class=\"wp-block-image size-full\"><img loading=\"lazy\" decoding=\"async\" width=\"800\" height=\"450\" src=\"https:\/\/autosgiros.com.br\/wp-content\/uploads\/2023\/07\/VW-IDBUZZ-02.jpg\" alt=\"\" class=\"wp-image-954\" srcset=\"https:\/\/autosgiros.com.br\/wp-content\/uploads\/2023\/07\/VW-IDBUZZ-02.jpg 800w, https:\/\/autosgiros.com.br\/wp-content\/uploads\/2023\/07\/VW-IDBUZZ-02-300x169.jpg 300w, https:\/\/autosgiros.com.br\/wp-content\/uploads\/2023\/07\/VW-IDBUZZ-02-768x432.jpg 768w\" sizes=\"auto, (max-width: 800px) 100vw, 800px\" \/><\/figure>\n\n\n\n<p><\/p>\n\n\n\n<p>Totalmente el\u00e9trico, o ID.Buzz se baseia na primeira gera\u00e7\u00e3o da Kombi original, a T1, e resgata um dos maiores \u00edcones do design automotivo para a era da mobilidade el\u00e9trica. Foi constru\u00eddo sobre a plataforma modular el\u00e9trica (MEB) do Grupo Volkswagen. Trata-se da primeira plataforma escal\u00e1vel de grande produ\u00e7\u00e3o no mundo para carros totalmente el\u00e9tricos.<\/p>\n\n\n\n<p>O \u00edcone automotivo \u00e9 equipado com uma bateria de 77 kWh que fornece corrente para um motor el\u00e9trico de 204 cv, e que movimenta o eixo traseiro. A pot\u00eancia de carga, utilizando corrente alternada (AC), \u00e9 de 11 kW. Com uma tomada CCS, em uma esta\u00e7\u00e3o de carga r\u00e1pida de corrente cont\u00ednua (DC), a pot\u00eancia de carga aumenta para at\u00e9 170 kW. Carregada dessa maneira, o n\u00edvel da bateria sobe de 5% para 80% em cerca de 30 minutos.<\/p>\n\n\n\n<p>Assim como toda a linha de el\u00e9tricos da VW, o pacote de assist\u00eancias \u00e9 extenso. Na lista est\u00e3o sistemas como: Front Assist, Lane Assist, Travel Assist e o Turn Assist, que facilita as convers\u00f5es transversais, considerando os 4,7 metros de comprimento da Kombi El\u00e9trica. Tudo para uma dire\u00e7\u00e3o segura e sempre divertida a bordo da lenda.<\/p>\n\n\n\n<p>E a hist\u00f3ria do ID.Buzz no Brasil est\u00e1 s\u00f3 come\u00e7ando. Em breve, mais detalhes eletrizantes do novo \u00edcone da Volkswagen.<\/p>\n","protected":false},"excerpt":{"rendered":"<p>Dez anos depois do fim da produ\u00e7\u00e3o da saudosa Kombi, a vers\u00e3o eletrificada do \u00edcone estreia oficialmente no Brasil mais conectada, vers\u00e1til e espa\u00e7osa No ano de comemora\u00e7\u00e3o dos 70 anos da Volkswagen no Brasil, um \u00edcone ressurgir\u00e1: a Kombi est\u00e1 de volta! Ela retorna em sua vers\u00e3o eletrificada, o ID.Buzz. E isso dez anos [&hellip;]<\/p>\n","protected":false},"author":1,"featured_media":956,"comment_status":"open","ping_status":"open","sticky":false,"template":"","format":"standard","meta":{"footnotes":""},"categories":[235,6],"tags":[265],"class_list":["post-953","post","type-post","status-publish","format-standard","has-post-thumbnail","hentry","category-com-l","category-auto-e","tag-volkswagen"],"amp_enabled":true,"_links":{"self":[{"href":"https:\/\/autosgiros.com.br\/index.php\/wp-json\/wp\/v2\/posts\/953","targetHints":{"allow":["GET"]}}],"collection":[{"href":"https:\/\/autosgiros.com.br\/index.php\/wp-json\/wp\/v2\/posts"}],"about":[{"href":"https:\/\/autosgiros.com.br\/index.php\/wp-json\/wp\/v2\/types\/post"}],"author":[{"embeddable":true,"href":"https:\/\/autosgiros.com.br\/index.php\/wp-json\/wp\/v2\/users\/1"}],"replies":[{"embeddable":true,"href":"https:\/\/autosgiros.com.br\/index.php\/wp-json\/wp\/v2\/comments?post=953"}],"version-history":[{"count":2,"href":"https:\/\/autosgiros.com.br\/index.php\/wp-json\/wp\/v2\/posts\/953\/revisions"}],"predecessor-version":[{"id":958,"href":"https:\/\/autosgiros.com.br\/index.php\/wp-json\/wp\/v2\/posts\/953\/revisions\/958"}],"wp:featuredmedia":[{"embeddable":true,"href":"https:\/\/autosgiros.com.br\/index.php\/wp-json\/wp\/v2\/media\/956"}],"wp:attachment":[{"href":"https:\/\/autosgiros.com.br\/index.php\/wp-json\/wp\/v2\/media?parent=953"}],"wp:term":[{"taxonomy":"category","embeddable":true,"href":"https:\/\/autosgiros.com.br\/index.php\/wp-json\/wp\/v2\/categories?post=953"},{"taxonomy":"post_tag","embeddable":true,"href":"https:\/\/autosgiros.com.br\/index.php\/wp-json\/wp\/v2\/tags?post=953"}],"curies":[{"name":"wp","href":"https:\/\/api.w.org\/{rel}","templated":true}]}}