{"id":928,"date":"2023-07-04T11:19:00","date_gmt":"2023-07-04T14:19:00","guid":{"rendered":"https:\/\/autosgiros.com.br\/?p=928"},"modified":"2023-07-05T11:32:52","modified_gmt":"2023-07-05T14:32:52","slug":"volkswagen-lanca-seu-primeiro-carro-eletrico-no-brasil-o-suv-id-4","status":"publish","type":"post","link":"https:\/\/autosgiros.com.br\/index.php\/2023\/07\/04\/volkswagen-lanca-seu-primeiro-carro-eletrico-no-brasil-o-suv-id-4\/","title":{"rendered":"Volkswagen lan\u00e7a seu primeiro carro el\u00e9trico no Brasil, o SUV ID.4"},"content":{"rendered":"\n<p><em>Modelo faz parte da ofensiva de 15 novos produtos da marca no Brasil at\u00e9 2025, com base na estrat\u00e9gia Acelera VW<\/em><\/p>\n\n\n\n<p>A revolu\u00e7\u00e3o el\u00e9trica est\u00e1 nas suas m\u00e3os! Durante as comemora\u00e7\u00f5es dos 70 anos da Volkswagen no Brasil, o SUV el\u00e9trico ID.4 foi lan\u00e7ado oficialmente, sendo o primeiro carro da marca a ser introduzido ao mercado exclusivamente pelo programa de assinatura, o VW Sign&amp;Drive.<\/p>\n\n\n\n<p>Com legado marcante desde de sua primeira apari\u00e7\u00e3o na Am\u00e9rica Latina em 2021, o modelo foi anunciado oficialmente em mar\u00e7o deste ano. Ao lado do seu parceiro rec\u00e9m confirmado no Brasil, o ID.Buzz, a Volkswagen completa mais um passo no caminho em dire\u00e7\u00e3o \u00e0 mobilidade el\u00e9trica e sustent\u00e1vel, seguindo o compromisso global da marca e as estrat\u00e9gias locais ACELERA VW e Way To Zero.<\/p>\n\n\n\n<p>&#8220;Depois de anos de trabalho, estudos e testes com nossos IDs, finalmente poderemos v\u00ea-los nas ruas com nossos clientes. O lan\u00e7amento do ID.4 \u00e9 um marco para a Volkswagen, concluindo um ciclo fundamental na evolu\u00e7\u00e3o da marca no Brasil, e colocando nosso primeiro modelo exclusivamente via VW Sign&amp;Drive, oferecendo mais tranquilidade e simplicidade durante toda a experi\u00eancia a bordo do nosso SUV el\u00e9trico\u201d, refor\u00e7a Ciro Possobom, CEO da Volkswagen do Brasil.<\/p>\n\n\n\n<p><a href=\"http:\/\/url3992.vwnews.com.br\/ls\/click?upn=uM9puzfHmE5afUbqY-2FdldHW1l75AIfu5lwJkbYfZignlzTB8RuzxEFElv2c0NmV-2FTBeB7KnJqOV5LGg15Vf6Fg-3D-3DKUxb_VQWt0ZbGql29UtvPgacLCp4EsB7wTwUXKlEMunqZFxckFHKaxX4fmfITAxXZ2O6Dx-2Ba1MeDB1lK-2B16uRSOk3Rx2RNkPc95oyBkqjS-2F-2FlWbTrQMrrwuLQgCzgOX0s-2BnNBufcQ6gig4UedHlV8zb-2B-2FbhaIUB-2Bjt4UoJAVIERelcWyTQCWToi68XsactLLx2O0UVXQ4n9d5m7zK8aSgrly-2B-2Bt7PbNvnyipE-2B4fKYXBUNMA-3D\" target=\"_blank\" rel=\"noreferrer noopener\"><strong><u>Veja a galeria de fotos do VW ID.4 aqui<\/u><\/strong><\/a><\/p>\n\n\n\n<p>Com o VW Sign&amp;Drive, servi\u00e7o de carro por assinatura da Volkswagen, oferecer\u00e1 a possibilidade de contrata\u00e7\u00e3o da assinatura em 24 meses -, com pre\u00e7o de R$ 9.990,00 j\u00e1 com todas os servi\u00e7os do programa: manuten\u00e7\u00e3o, seguro, documenta\u00e7\u00e3o, log\u00edstica de entrega, assist\u00eancia 24 horas, gest\u00e3o de multas e servi\u00e7o de rastreador. Al\u00e9m disso, clientes poder\u00e3o optar por incluir um wallbox de 7,4kW e, pela primeira vez no sistema de assinatura, o ID.4 poder\u00e1 ser entregue blindado ao cliente, como opcional.<\/p>\n\n\n\n<p>\u201cN\u00f3s da Volkswagen Financial Services acreditamos muito no valor do VW Sign&amp;Drive, o programa de carro por assinatura que temos em parceria com a Volkswagen. \u00c9 uma proposta inteligente e full service de mobilidade e por isso que milhares de brasileiros j\u00e1 assinam o VW Sign&amp;Drive. A nossa proposta de assinatura &#8211; com servi\u00e7os inclusos, sem preocupa\u00e7\u00e3o do cliente com a revenda e contrat\u00e1vel em poucos cliques na loja online do VW S&amp;D &#8211; conversa muito bem com o cliente que experimentar\u00e1 esse come\u00e7o da eletrifica\u00e7\u00e3o da Volkswagen no Brasil\u201d, enfatiza Rodrigo Capuru\u00e7o CEO VWFS Brasil e Am\u00e9rica do Sul.<\/p>\n\n\n\n<p><strong>ID.4 Pro<\/strong><\/p>\n\n\n\n<figure class=\"wp-block-image size-large\"><img loading=\"lazy\" decoding=\"async\" width=\"1024\" height=\"575\" src=\"https:\/\/autosgiros.com.br\/wp-content\/uploads\/2023\/07\/VW-ID-4-02-1024x575.jpg\" alt=\"\" class=\"wp-image-929\" srcset=\"https:\/\/autosgiros.com.br\/wp-content\/uploads\/2023\/07\/VW-ID-4-02-1024x575.jpg 1024w, https:\/\/autosgiros.com.br\/wp-content\/uploads\/2023\/07\/VW-ID-4-02-300x169.jpg 300w, https:\/\/autosgiros.com.br\/wp-content\/uploads\/2023\/07\/VW-ID-4-02-768x432.jpg 768w, https:\/\/autosgiros.com.br\/wp-content\/uploads\/2023\/07\/VW-ID-4-02.jpg 1500w\" sizes=\"auto, (max-width: 1024px) 100vw, 1024px\" \/><\/figure>\n\n\n\n<p><\/p>\n\n\n\n<p>J\u00e1 adaptado ao Brasil, depois de passagens pelo ID.Week, em 2021, no Rock in Rio e Boat Show, em 2022, o ID.4 ser\u00e1 disponibilizado em vers\u00e3o \u00fanica, a Pro. Assim como as unidades que j\u00e1 estavam em testes no Brasil, o conjunto el\u00e9trico montado no eixo traseiro de 150 kW segue oferecendo 204 cv e 31,6 kgfm de torque, com tra\u00e7\u00e3o apenas nas rodas traseiras.<\/p>\n\n\n\n<p>A bateria de 77 kW oferece sistema de recarga r\u00e1pida e \u00e9 capaz de completar at\u00e9 80% da carga em aproximadamente 40 minutos, considerando um carregador a recarga DC (150 kW). Ela, assim como o motor el\u00e9trico, est\u00e3o montados no assoalho do ID.4, permitindo um melhor aproveitamento do habit\u00e1culo.<\/p>\n\n\n\n<p>No exterior, os j\u00e1 conhecidos far\u00f3is e lanternas com tecnologia IQ.Light Matrix com Light Bar da Volkswagen, s\u00e3o acompanhados por rodas de 21 polegadas \u201cNarvik\u201d que est\u00e3o conectadas ao Controle Adaptativo de Suspens\u00e3o (DCC), permitindo que o carro se adapte de acordo com modo de condu\u00e7\u00e3o e terreno.<\/p>\n\n\n\n<p>Nas laterais, o emblema com nomenclatura Pro confirma a vers\u00e3o do modelo. O ID.4 poder\u00e1 ser configurado em duas op\u00e7\u00f5es de cores: Azul Dusk e Cinza Moonstone. Ambas possuem o teto em contraste na cor Preto Piano.<\/p>\n\n\n\n<p><strong>Tecnologia e seguran\u00e7a de um el\u00e9trico VW<\/strong><\/p>\n\n\n\n<p>Ao abrir as portas do ID.4, conforto, tecnologia e seguran\u00e7a tem casamento perfeito. Os bancos ergoActive s\u00e3o o primeiro contato e contam com ajuste el\u00e9trico, acabamento artVelours em couro e tecido 100% reciclados, al\u00e9m das fun\u00e7\u00f5es mem\u00f3ria, aquecimento e massagem.<\/p>\n\n\n\n<p>No painel, o volante multifuncional touch, que pode ser configurado na cor preta (dispon\u00edvel apenas com o Cinza Moonstone) ou branca, acompanha o ID.Cockpit: painel de instrumentos digital de 5,3 polegadas que est\u00e1 conectado a coluna de dire\u00e7\u00e3o, entregando uma experi\u00eancia minimalista, sem atrapalhar a vis\u00e3o do condutor.<\/p>\n\n\n\n<p>A central multim\u00eddia \u201cReady 2 Discover Max\u201d tem tela de 10 polegadas com conex\u00e3o sem fio para Apple Carplay e Android Auto possui fun\u00e7\u00f5es exclusivos. S\u00e3o quatro portas USB-C, carregador de celular por indu\u00e7\u00e3o, ar-condicionado AirCare Climatronic Touch de tr\u00eas zonas e o ID.Light &#8211; fita de LED que percorre todo o painel e interage com o condutor ou passageiro, usando os comandos de voz.<\/p>\n\n\n\n<p>Falando de seguran\u00e7a, s\u00e3o sete airbags, ACC (Controle de Cruzeiro Adaptativo) + AEB (Frenagem Aut\u00f4noma de Emerg\u00eancia) com fun\u00e7\u00e3o Stop&amp;Go, Turn Assist (Assistente de Convers\u00e3o Transversal) e o Travel Assist, que acompanha o ACC e mantem o ve\u00edculo na faixa de forma ativa (Side Assist).<\/p>\n\n\n\n<p>E seguran\u00e7a n\u00e3o est\u00e1 s\u00f3 na prote\u00e7\u00e3o, mas, tamb\u00e9m, no conforto ao volante. Atrelado a condu\u00e7\u00e3o semiaut\u00f4noma n\u00edvel dois, gra\u00e7as ao sistema Park Assist Plus, o SUV recebe um item in\u00e9dito, o Memory Park Assist Plus. Com ele, voc\u00ea pode treinar seu ID.4 para armazenar at\u00e9 cinco trajetos do dia a dia. Ap\u00f3s os treinos, ativando a fun\u00e7\u00e3o gravada, o carro far\u00e1 o trajeto e estacionar no destino de sozinho, utilizando as fun\u00e7\u00f5es semiaut\u00f4nomas.<\/p>\n\n\n\n<p>A lista de equipamentos vai al\u00e9m: abertura e fechamento el\u00e9tricos da tampa do porta-malas de 543 litros, c\u00e2mera 360\u00b0 com vista completa pela central multim\u00eddia, ilumina\u00e7\u00e3o interna em LED com 30 op\u00e7\u00f5es de cores, para-brisa conforto com anti-emba\u00e7amento e isolamento ac\u00fastico e o teto panor\u00e2mico de vidro de s\u00e9rie.<\/p>\n\n\n\n<p><strong>VW Sign&amp;Drive: a maneira f\u00e1cil de dirigir o ID.4<\/strong><\/p>\n\n\n\n<p>Com o sistema de assinatura Sign&amp;Drive, a Volkswagen proporciona uma experi\u00eancia \u00fanica. O cliente paga uma mensalidade R$ 9.990 e tem acesso ao ID.4, sem precisar se preocupar com o processo de revenda ao final do contrato, seguro ou manuten\u00e7\u00e3o. \u00c9 a oportunidade perfeita para aproveitar tudo que a mobilidade el\u00e9trica tem a oferecer, de forma simples e descomplicada. A contrata\u00e7\u00e3o do ID.4 por assinatura j\u00e1 poder\u00e1 ser realizada a partir de hoje, atrav\u00e9s do site do VWSign&amp;Drive de forma on-line ou pela rede de concession\u00e1rios que aderiram ao projeto da marca.<\/p>\n","protected":false},"excerpt":{"rendered":"<p>Modelo faz parte da ofensiva de 15 novos produtos da marca no Brasil at\u00e9 2025, com base na estrat\u00e9gia Acelera VW A revolu\u00e7\u00e3o el\u00e9trica est\u00e1 nas suas m\u00e3os! Durante as comemora\u00e7\u00f5es dos 70 anos da Volkswagen no Brasil, o SUV el\u00e9trico ID.4 foi lan\u00e7ado oficialmente, sendo o primeiro carro da marca a ser introduzido ao [&hellip;]<\/p>\n","protected":false},"author":1,"featured_media":930,"comment_status":"open","ping_status":"open","sticky":false,"template":"","format":"standard","meta":{"footnotes":""},"categories":[6,4],"tags":[247,229],"class_list":["post-928","post","type-post","status-publish","format-standard","has-post-thumbnail","hentry","category-auto-e","category-auto-suv","tag-launch","tag-vw"],"amp_enabled":true,"_links":{"self":[{"href":"https:\/\/autosgiros.com.br\/index.php\/wp-json\/wp\/v2\/posts\/928","targetHints":{"allow":["GET"]}}],"collection":[{"href":"https:\/\/autosgiros.com.br\/index.php\/wp-json\/wp\/v2\/posts"}],"about":[{"href":"https:\/\/autosgiros.com.br\/index.php\/wp-json\/wp\/v2\/types\/post"}],"author":[{"embeddable":true,"href":"https:\/\/autosgiros.com.br\/index.php\/wp-json\/wp\/v2\/users\/1"}],"replies":[{"embeddable":true,"href":"https:\/\/autosgiros.com.br\/index.php\/wp-json\/wp\/v2\/comments?post=928"}],"version-history":[{"count":1,"href":"https:\/\/autosgiros.com.br\/index.php\/wp-json\/wp\/v2\/posts\/928\/revisions"}],"predecessor-version":[{"id":931,"href":"https:\/\/autosgiros.com.br\/index.php\/wp-json\/wp\/v2\/posts\/928\/revisions\/931"}],"wp:featuredmedia":[{"embeddable":true,"href":"https:\/\/autosgiros.com.br\/index.php\/wp-json\/wp\/v2\/media\/930"}],"wp:attachment":[{"href":"https:\/\/autosgiros.com.br\/index.php\/wp-json\/wp\/v2\/media?parent=928"}],"wp:term":[{"taxonomy":"category","embeddable":true,"href":"https:\/\/autosgiros.com.br\/index.php\/wp-json\/wp\/v2\/categories?post=928"},{"taxonomy":"post_tag","embeddable":true,"href":"https:\/\/autosgiros.com.br\/index.php\/wp-json\/wp\/v2\/tags?post=928"}],"curies":[{"name":"wp","href":"https:\/\/api.w.org\/{rel}","templated":true}]}}