{"id":749,"date":"2023-06-29T15:36:16","date_gmt":"2023-06-29T18:36:16","guid":{"rendered":"https:\/\/autosgiros.com.br\/novo\/?p=749"},"modified":"2023-07-03T08:56:56","modified_gmt":"2023-07-03T11:56:56","slug":"gernot-dollner-e-o-novo-ceo-da-audi","status":"publish","type":"post","link":"https:\/\/autosgiros.com.br\/index.php\/2023\/06\/29\/gernot-dollner-e-o-novo-ceo-da-audi\/","title":{"rendered":"Gernot D\u00f6llner \u00e9 o novo CEO da Audi"},"content":{"rendered":"\n<p><em>Executivo substituir\u00e1 Markus Duesmann como Presidente do Conselho de Administra\u00e7\u00e3o da AUDI AG<\/em><\/p>\n\n\n\n<p>O executivo Gernot D\u00f6llner substituir\u00e1 Markus Duesmann como Presidente do Conselho de Administra\u00e7\u00e3o da AUDI AG a partir de 1\u00ba de setembro de 2023. A decis\u00e3o foi aprovada nesta sexta-feira (29) pelo Conselho Fiscal da Audi em uma resolu\u00e7\u00e3o sobre o tema.<\/p>\n\n\n\n<p>\u201cGostaria de agradecer a Markus Duesmann pelo importante trabalho realizado em sua gest\u00e3o na Audi. Ele trouxe uma excelente vis\u00e3o e perspectivas para o planejamento e condu\u00e7\u00e3o das principais decis\u00f5es estrat\u00e9gicas, incluindo, em primeiro lugar e acima de tudo, a nossa estrat\u00e9gia de eletrifica\u00e7\u00e3o. A Audi est\u00e1 preparada para avan\u00e7ar nesse pilar no futuro\u201d, afirmou o presidente do Conselho Fiscal da Audi, Manfred D\u00f6ss. \u201cNeste momento, Gernot D\u00f6llner \u00e9 a pessoa certa para fortalecer ainda mais a estrat\u00e9gia de produto da empresa e a sua posi\u00e7\u00e3o nos principais mercados. Juntamente com todo o Conselho de Administra\u00e7\u00e3o, ele escrever\u00e1 o pr\u00f3ximo cap\u00edtulo na implementa\u00e7\u00e3o da bem-sucedida estrat\u00e9gia da Audi\u201d, concluiu.<\/p>\n\n\n\n<p>Peter Mosch, vice-presidente do Conselho Fiscal e presidente do Conselho Geral de Trabalhadores da AUDI AG: \u201cMarkus Duesmann conduziu a Audi e sua for\u00e7a de trabalho em tempos dif\u00edceis, caracterizados pelo impacto da pandemia da Covid-19 e da invas\u00e3o russa da Ucr\u00e2nia, o que atingiu fornecedores e mercados. Agradecemos a ele por sua dedica\u00e7\u00e3o e apoio, e desejamos prosperidade nos futuros projetos. Damos as boas-vindas a Gernot D\u00f6llner como o novo presidente do Conselho de Administra\u00e7\u00e3o da Audi AG. Moldar o papel da Audi como uma marca independente, com autonomia empresarial dentro da estrutura do Grupo Volkswagen, ser\u00e1 uma prioridade. Os funcion\u00e1rios est\u00e3o ansiosos para trabalhar com o Sr. D\u00f6llner e otimistas em rela\u00e7\u00e3o ao futuro da empresa.\u201d<\/p>\n\n\n\n<p>O novo CEO da Audi, Gernot D\u00f6llner, declarou: \u201cEstou honrado e entusiasmado em assumir esta nova fun\u00e7\u00e3o. A Audi \u00e9 uma empresa fant\u00e1stica e com uma hist\u00f3ria riqu\u00edssima. Estou empolgado para moldar o futuro da empresa junto com toda a equipe da Audi\u201d.<\/p>\n\n\n\n<p>Gernot D\u00f6llner \u00e9 formado em engenharia mec\u00e2nica. Ele ingressou na Volkswagen em 1993 e, posteriormente, ocupou v\u00e1rios cargos de gest\u00e3o na Porsche AG, incluindo o de Chefe de Desenvolvimento de Conceitos e Chefe da S\u00e9rie Panamera. Desde 2021, ele supervisiona a Secretaria Geral e a Estrat\u00e9gia de Grupo e Produto do Grupo Volkswagen.<\/p>\n","protected":false},"excerpt":{"rendered":"<p>Executivo substituir\u00e1 Markus Duesmann como Presidente do Conselho de Administra\u00e7\u00e3o da AUDI AG O executivo Gernot D\u00f6llner substituir\u00e1 Markus Duesmann como Presidente do Conselho de Administra\u00e7\u00e3o da AUDI AG a partir de 1\u00ba de setembro de 2023. A decis\u00e3o foi aprovada nesta sexta-feira (29) pelo Conselho Fiscal da Audi em uma resolu\u00e7\u00e3o sobre o tema. [&hellip;]<\/p>\n","protected":false},"author":1,"featured_media":750,"comment_status":"open","ping_status":"open","sticky":false,"template":"","format":"standard","meta":{"footnotes":""},"categories":[5],"tags":[236],"class_list":["post-749","post","type-post","status-publish","format-standard","has-post-thumbnail","hentry","category-auto-premium","tag-audi"],"amp_enabled":true,"_links":{"self":[{"href":"https:\/\/autosgiros.com.br\/index.php\/wp-json\/wp\/v2\/posts\/749","targetHints":{"allow":["GET"]}}],"collection":[{"href":"https:\/\/autosgiros.com.br\/index.php\/wp-json\/wp\/v2\/posts"}],"about":[{"href":"https:\/\/autosgiros.com.br\/index.php\/wp-json\/wp\/v2\/types\/post"}],"author":[{"embeddable":true,"href":"https:\/\/autosgiros.com.br\/index.php\/wp-json\/wp\/v2\/users\/1"}],"replies":[{"embeddable":true,"href":"https:\/\/autosgiros.com.br\/index.php\/wp-json\/wp\/v2\/comments?post=749"}],"version-history":[{"count":1,"href":"https:\/\/autosgiros.com.br\/index.php\/wp-json\/wp\/v2\/posts\/749\/revisions"}],"predecessor-version":[{"id":751,"href":"https:\/\/autosgiros.com.br\/index.php\/wp-json\/wp\/v2\/posts\/749\/revisions\/751"}],"wp:featuredmedia":[{"embeddable":true,"href":"https:\/\/autosgiros.com.br\/index.php\/wp-json\/wp\/v2\/media\/750"}],"wp:attachment":[{"href":"https:\/\/autosgiros.com.br\/index.php\/wp-json\/wp\/v2\/media?parent=749"}],"wp:term":[{"taxonomy":"category","embeddable":true,"href":"https:\/\/autosgiros.com.br\/index.php\/wp-json\/wp\/v2\/categories?post=749"},{"taxonomy":"post_tag","embeddable":true,"href":"https:\/\/autosgiros.com.br\/index.php\/wp-json\/wp\/v2\/tags?post=749"}],"curies":[{"name":"wp","href":"https:\/\/api.w.org\/{rel}","templated":true}]}}