{"id":3030,"date":"2023-11-09T14:51:00","date_gmt":"2023-11-09T17:51:00","guid":{"rendered":"https:\/\/autosgiros.com.br\/?p=3030"},"modified":"2023-11-15T14:55:17","modified_gmt":"2023-11-15T17:55:17","slug":"bmw-rider-experience-encerra-ano-com-treinamento-de-pilotos","status":"publish","type":"post","link":"https:\/\/autosgiros.com.br\/index.php\/2023\/11\/09\/bmw-rider-experience-encerra-ano-com-treinamento-de-pilotos\/","title":{"rendered":"BMW Rider Experience encerra ano com treinamento de pilotos"},"content":{"rendered":"\n<p><em>Programa\u00e7\u00e3o dos dois \u00faltimos meses de 2023 come\u00e7a com Rider Weekend no Rio Grande do Sul em novembro<\/em><\/p>\n\n\n\n<p>A temporada 2023 do BMW Rider Experience, programa oficial de experi\u00eancias da BMW Motorrad Brasil, vai ficando no retrovisor, mas a velocidade segue alta. Os dois \u00faltimos meses do ano reservam rotas por belas paisagens ga\u00fachas e paulistas, bem como as j\u00e1 tradicionais atividades de forma\u00e7\u00e3o com desconto de 10% para clientes BMW Group Servi\u00e7os Financeiros, iniciativa v\u00e1lida at\u00e9 31 de dezembro.<\/p>\n\n\n\n<p>A primeira parada ser\u00e1 em Ametista do Sul (RS), de 15 a 20 de novembro, percurso de aproximadamente 2.300 km saindo de S\u00e3o Paulo (SP). A aventura na cidade ga\u00facha, conhecida como a capital da pedra ametista, incluir\u00e1 uma mina em atividade, com direito a galerias subterr\u00e2neas, museu, restaurante sob o solo, tirolesa, mirante, vin\u00edcola, entre outras atra\u00e7\u00f5es.<\/p>\n\n\n\n<p>No dia 22, a concession\u00e1ria Euro Import de Cascavel (PR) receber\u00e1 a palestra T\u00e9cnicas De Pilotagem Off Road, com dicas para superar obst\u00e1culos, percorrer diferentes terrenos, aclives e declives, sempre com posicionamento seguro e eficiente, dentro das t\u00e9cnicas desenvolvidas pela BMW Motorrad International Instructor Academy.<\/p>\n\n\n\n<p>J\u00e1 no dia 25, a cidade de \u00c1guas de S\u00e3o Pedro (SP) sedia o Bate &amp; Volta &#8211; Rota do Lago, em parceria com a concession\u00e1ria BMW Germ\u00e2nica. Al\u00e9m da viagem curta de motocicleta, com cerca de 300 km, a programa\u00e7\u00e3o ter\u00e1 almo\u00e7o em restaurante com \u00e1rea arborizada e vista para lago.<\/p>\n\n\n\n<p>Fechando novembro, no dia 26, o aut\u00f3dromo de Interlagos, em S\u00e3o Paulo (SP), recebe o curso BMW Track Day Experience. Ao longo do dia, os participantes, divididos em grupos com habilidades e experi\u00eancia similares, participam de sess\u00f5es de treino de curta dura\u00e7\u00e3o, seguidas de per\u00edodos de descanso.<\/p>\n\n\n\n<p><strong>Dezembro na agenda<\/strong><\/p>\n\n\n\n<p>O derradeiro m\u00eas do ano abre com o curso Rider Training On Road N\u00edvel 2, no dia 2 de dezembro, na Capuava, distrito do munic\u00edpio de Indaiatuba (SP). Voltada para aprimorar as t\u00e9cnicas de pilotagem e habilidades em maiores velocidades, a atividade re\u00fane t\u00f3picos te\u00f3ricos (vis\u00e3o\/ponto cego; direcionamento da moto\/contra ester\u00e7o; ordena\u00e7\u00e3o; sensibilidade da velocidade; pneu (atrito); e import\u00e2ncia e pot\u00eancia de frenagem) e pr\u00e1ticos (tra\u00e7ado; controle de acelera\u00e7\u00e3o; slalow longo; posicionamento em curvas; t\u00e9cnicas de frenagem; e frenagem de emerg\u00eancia).<\/p>\n\n\n\n<p>Por fim, no dia 17, de volta a Cascavel (PR), ser\u00e1 a vez do curso Rider Training On Road N\u00edvel 1, tamb\u00e9m com treinamento te\u00f3rico (f\u00edsica na moto, geometria da curva, efeito girosc\u00f3pico, dicas de pilotagem na chuva, t\u00e9cnicas visuais e import\u00e2ncia e pot\u00eancia de frenagem) e pr\u00e1tico (pilotagem em baixa velocidade, controle de embreagem, acelerador e freio traseiro, slalow 180 graus, posicionamento do corpo, t\u00e9cnicas de frenagem, contra ester\u00e7o, frenagem de emerg\u00eancia, desvio de emerg\u00eancia, curvas com obst\u00e1culos, ajustes da motocicleta e modos de pilotagem).<\/p>\n","protected":false},"excerpt":{"rendered":"<p>Programa\u00e7\u00e3o dos dois \u00faltimos meses de 2023 come\u00e7a com Rider Weekend no Rio Grande do Sul em novembro A temporada 2023 do BMW Rider Experience, programa oficial de experi\u00eancias da BMW Motorrad Brasil, vai ficando no retrovisor, mas a velocidade segue alta. Os dois \u00faltimos meses do ano reservam rotas por belas paisagens ga\u00fachas e [&hellip;]<\/p>\n","protected":false},"author":1,"featured_media":3031,"comment_status":"open","ping_status":"open","sticky":false,"template":"","format":"standard","meta":{"footnotes":""},"categories":[218],"tags":[389,226,589,219,1220,630],"class_list":["post-3030","post","type-post","status-publish","format-standard","has-post-thumbnail","hentry","category-bmw-motorrad","tag-389","tag-bmw","tag-brasil","tag-motorrad","tag-rider-experience","tag-rio-grande-do-sul"],"amp_enabled":true,"_links":{"self":[{"href":"https:\/\/autosgiros.com.br\/index.php\/wp-json\/wp\/v2\/posts\/3030","targetHints":{"allow":["GET"]}}],"collection":[{"href":"https:\/\/autosgiros.com.br\/index.php\/wp-json\/wp\/v2\/posts"}],"about":[{"href":"https:\/\/autosgiros.com.br\/index.php\/wp-json\/wp\/v2\/types\/post"}],"author":[{"embeddable":true,"href":"https:\/\/autosgiros.com.br\/index.php\/wp-json\/wp\/v2\/users\/1"}],"replies":[{"embeddable":true,"href":"https:\/\/autosgiros.com.br\/index.php\/wp-json\/wp\/v2\/comments?post=3030"}],"version-history":[{"count":1,"href":"https:\/\/autosgiros.com.br\/index.php\/wp-json\/wp\/v2\/posts\/3030\/revisions"}],"predecessor-version":[{"id":3032,"href":"https:\/\/autosgiros.com.br\/index.php\/wp-json\/wp\/v2\/posts\/3030\/revisions\/3032"}],"wp:featuredmedia":[{"embeddable":true,"href":"https:\/\/autosgiros.com.br\/index.php\/wp-json\/wp\/v2\/media\/3031"}],"wp:attachment":[{"href":"https:\/\/autosgiros.com.br\/index.php\/wp-json\/wp\/v2\/media?parent=3030"}],"wp:term":[{"taxonomy":"category","embeddable":true,"href":"https:\/\/autosgiros.com.br\/index.php\/wp-json\/wp\/v2\/categories?post=3030"},{"taxonomy":"post_tag","embeddable":true,"href":"https:\/\/autosgiros.com.br\/index.php\/wp-json\/wp\/v2\/tags?post=3030"}],"curies":[{"name":"wp","href":"https:\/\/api.w.org\/{rel}","templated":true}]}}