{"id":2860,"date":"2023-10-23T08:45:00","date_gmt":"2023-10-23T11:45:00","guid":{"rendered":"https:\/\/autosgiros.com.br\/?p=2860"},"modified":"2023-10-22T10:49:29","modified_gmt":"2023-10-22T13:49:29","slug":"fabrica-do-bmw-group-em-manaus-celebra-7-anos-com-10-modelos","status":"publish","type":"post","link":"https:\/\/autosgiros.com.br\/index.php\/2023\/10\/23\/fabrica-do-bmw-group-em-manaus-celebra-7-anos-com-10-modelos\/","title":{"rendered":"F\u00e1brica do BMW Group em Manaus celebra 7 anos com 10 modelos"},"content":{"rendered":"\n<p><em>Fundada em 2016, f\u00e1brica \u00e9 a \u00fanica fora da Alemanha a produzir motos da marca de forma exclusiva<\/em><\/p>\n\n\n\n<p>Fundada em 20 de outubro de 2016, a f\u00e1brica do BMW Group em Manaus celebra seu 7\u00ba anivers\u00e1rio no mesmo ano em que a BMW Motorrad comemora 100 anos e 100.000 motocicletas da marca produzidas no Brasil. O momento da unidade fabril \u00e9 de crescimento em diversas frentes, com expans\u00e3o de \u00e1rea, incremento de portf\u00f3lio e amplia\u00e7\u00e3o de capacidade produtiva.<\/p>\n\n\n\n<p>\u201cChegamos ao nosso s\u00e9timo anivers\u00e1rio consolidados, perfeitamente estabelecidos em Manaus e no Brasil, e esse \u00e9 o principal ponto de comemora\u00e7\u00e3o. Temos um time comprometido com nossos objetivos, com a satisfa\u00e7\u00e3o dos clientes e com a manuten\u00e7\u00e3o da qualidade BMW nos produtos. A meta \u00e9 seguirmos nessa velocidade, sempre movimentando a vida com paix\u00e3o\u201d, exalta Alex Donatti, diretor da planta.<\/p>\n\n\n\n<p>Recentemente, a f\u00e1brica do BMW Group em Manaus anunciou amplia\u00e7\u00e3o de 13% em sua capacidade de produ\u00e7\u00e3o, de 15.000 motos ao ano para 17.000, como parte do investimento de R\uff04 50 milh\u00f5es at\u00e9 2025, anunciado no ano passado. Al\u00e9m disso, a unidade avan\u00e7ou em tamanho, autonomia e sustentabilidade com a inaugura\u00e7\u00e3o do pr\u00e9dio 3 da f\u00e1brica, resultando em aumento de 50% na \u00e1rea, de 10.000 m\u00b2 para 15.000 m\u00b2; proporcionando a concentra\u00e7\u00e3o das opera\u00e7\u00f5es de distribui\u00e7\u00e3o de motos para todo o Brasil em Manaus; e reduzindo o impacto ambiental da opera\u00e7\u00e3o, com proje\u00e7\u00e3o de queda em torno de 35% nas emiss\u00f5es de CO2.<\/p>\n\n\n\n<p>O investimento at\u00e9 2025 ainda reserva o lan\u00e7amento de quatro novos modelos \u2014 tr\u00eas j\u00e1 est\u00e3o em produ\u00e7\u00e3o (BMW F 900 R, a nova S 1000 RR e a C 400 X) \u2014 e um crescimento na \u00e1rea de empregabilidade, com proje\u00e7\u00e3o de aumento em 20% do n\u00famero de postos de trabalho.<\/p>\n\n\n\n<p><strong>F\u00e1brica de Manaus<\/strong><\/p>\n\n\n\n<p>\u00danica planta completamente focada na produ\u00e7\u00e3o de motocicletas fora da Alemanha, a f\u00e1brica do BMW Group em Manaus (AM) foi fundada em 2016 e \u00e9 respons\u00e1vel pela produ\u00e7\u00e3o de 99% do portf\u00f3lio de motos da marca BMW Motorrad no Brasil. Com \u00e1rea aproximada de 15 mil metros quadrados e capacidade de produzir at\u00e9 17 mil motocicletas por ano, a planta possui a\u00e7\u00f5es voltadas para sustentabilidade e meio ambiente, como o uso de energia proveniente de fontes renov\u00e1veis, promovendo redu\u00e7\u00e3o na emiss\u00e3o de CO2, e tem certifica\u00e7\u00e3o I-REC (International REC Standard), sistema global que possibilita a empresas garantir que a energia que consomem \u00e9 proveniente de fontes renov\u00e1veis e limpas. Desde 2018, a energia da f\u00e1brica \u00e9 proporcionalmente compensada pela gera\u00e7\u00e3o no Complexo E\u00f3lico de Morrinhos, em Campo Formoso (BA).<\/p>\n\n\n\n<p>Atualmente, a f\u00e1brica de Manaus produz os modelos BMW C 400 X, BMW R 1250 GS Adventure, BMW R 1250 GS, BMW S 1000 RR, BMW G 310 GS, BMW G 310 R, BMW F 750 GS, BMW F 850 GS Adventure, BMW F 850 GS e BMW F 900 R.<\/p>\n","protected":false},"excerpt":{"rendered":"<p>Fundada em 2016, f\u00e1brica \u00e9 a \u00fanica fora da Alemanha a produzir motos da marca de forma exclusiva Fundada em 20 de outubro de 2016, a f\u00e1brica do BMW Group em Manaus celebra seu 7\u00ba anivers\u00e1rio no mesmo ano em que a BMW Motorrad comemora 100 anos e 100.000 motocicletas da marca produzidas no Brasil. [&hellip;]<\/p>\n","protected":false},"author":1,"featured_media":2861,"comment_status":"open","ping_status":"open","sticky":false,"template":"","format":"standard","meta":{"footnotes":""},"categories":[218],"tags":[1100,226,357,501,219,286],"class_list":["post-2860","post","type-post","status-publish","format-standard","has-post-thumbnail","hentry","category-bmw-motorrad","tag-7-anos","tag-bmw","tag-fabrica","tag-manaus","tag-motorrad","tag-news"],"amp_enabled":true,"_links":{"self":[{"href":"https:\/\/autosgiros.com.br\/index.php\/wp-json\/wp\/v2\/posts\/2860","targetHints":{"allow":["GET"]}}],"collection":[{"href":"https:\/\/autosgiros.com.br\/index.php\/wp-json\/wp\/v2\/posts"}],"about":[{"href":"https:\/\/autosgiros.com.br\/index.php\/wp-json\/wp\/v2\/types\/post"}],"author":[{"embeddable":true,"href":"https:\/\/autosgiros.com.br\/index.php\/wp-json\/wp\/v2\/users\/1"}],"replies":[{"embeddable":true,"href":"https:\/\/autosgiros.com.br\/index.php\/wp-json\/wp\/v2\/comments?post=2860"}],"version-history":[{"count":1,"href":"https:\/\/autosgiros.com.br\/index.php\/wp-json\/wp\/v2\/posts\/2860\/revisions"}],"predecessor-version":[{"id":2862,"href":"https:\/\/autosgiros.com.br\/index.php\/wp-json\/wp\/v2\/posts\/2860\/revisions\/2862"}],"wp:featuredmedia":[{"embeddable":true,"href":"https:\/\/autosgiros.com.br\/index.php\/wp-json\/wp\/v2\/media\/2861"}],"wp:attachment":[{"href":"https:\/\/autosgiros.com.br\/index.php\/wp-json\/wp\/v2\/media?parent=2860"}],"wp:term":[{"taxonomy":"category","embeddable":true,"href":"https:\/\/autosgiros.com.br\/index.php\/wp-json\/wp\/v2\/categories?post=2860"},{"taxonomy":"post_tag","embeddable":true,"href":"https:\/\/autosgiros.com.br\/index.php\/wp-json\/wp\/v2\/tags?post=2860"}],"curies":[{"name":"wp","href":"https:\/\/api.w.org\/{rel}","templated":true}]}}