{"id":2816,"date":"2023-10-17T20:22:00","date_gmt":"2023-10-17T23:22:00","guid":{"rendered":"https:\/\/autosgiros.com.br\/?p=2816"},"modified":"2023-10-21T07:40:15","modified_gmt":"2023-10-21T10:40:15","slug":"coluna-autos-giros-10-mercedes-benz-apresenta-o-inedito-caminhao-pesado-eletrico-eactros-600","status":"publish","type":"post","link":"https:\/\/autosgiros.com.br\/index.php\/2023\/10\/17\/coluna-autos-giros-10-mercedes-benz-apresenta-o-inedito-caminhao-pesado-eletrico-eactros-600\/","title":{"rendered":"Coluna Autos Giros 10 &#8211; Mercedes-Benz apresenta o in\u00e9dito caminh\u00e3o pesado el\u00e9trico eActros 600"},"content":{"rendered":"\n<p>A Mercedes-Benz Trucks re- velou o eActros 600, seu prieiro caminh\u00e3o pesado el\u00e9trico a bateria para longas dist\u00e2ncias, em estreia mun- dial em evento realizado em Hamburgo, na Alemanha. Com este modelo, a empresa plaeja definir um novo padr\u00e3o no transporte rodovi\u00e1rio de cargas em termos de tecnologia, sustentabilidade, design e rentabilidade para os opera- dores de frotas el\u00e9tricas.<\/p>\n\n\n\n<p>A alta capacidade da bateria de mais de 600 kWh \u2013 da\u00ed a designa\u00e7\u00e3o do modelo 600<br>\u2013 e um novo eixo motriz el\u00e9trico permitem que esse caminh\u00e3o atinja uma autonomia de 500 km sem recarga intermedi\u00e1ria. Portanto, o eActros 600 ser\u00e1 capaz de viajar mais de 1.000 quil\u00f4metros por dia gra\u00e7as a recargas intermedi\u00e1rias durante as pausas realizadas por motoristas ao longo das viagens.<\/p>\n\n\n\n<p>O ve\u00edculo \u00e9 projetado para um Peso Bruto Total combi- nado de at\u00e9 44 toneladas. Com um semirreboque padr\u00e3o, o eActros 600 tem car- ga \u00fatil de aproximadamente 22 toneladas. Em alguns casos, legisla\u00e7\u00f5es nacionais podem permitir uma carga \u00fatil mais elevada.<\/p>\n\n\n\n<p>Se tratando de rentabilidade para os frotistas, o eActros 600 pretende estabelecer novos padr\u00f5es, substituindo, a longo prazo, a maioria dos caminh\u00f5es a diesel nesse seg- mento. As vendas do caminh\u00e3o come\u00e7am neste ano, com in\u00edcio da produ\u00e7\u00e3o em s\u00e9rie previsto para o final de 2024.<\/p>\n\n\n\n<p><em><a href=\"https:\/\/autosgiros.com.br\/index.php\/2023\/10\/10\/mercedes-benz-trucks-celebra-estreia-mundial-do-caminhao-pesado-eletrico-eactros-600\/\" data-type=\"post\" data-id=\"2699\" target=\"_blank\" rel=\"noreferrer noopener\">Leia mais&#8230;<\/a><\/em><\/p>\n\n\n\n<p><strong>Honda Accord h\u00edbrido no Brasil<\/strong><\/p>\n\n\n\n<figure class=\"wp-block-image size-large\"><img loading=\"lazy\" decoding=\"async\" width=\"1024\" height=\"576\" src=\"https:\/\/autosgiros.com.br\/wp-content\/uploads\/2023\/10\/Honda-Accord-Hibrido-01-1-1024x576.jpg\" alt=\"\" class=\"wp-image-2822\" srcset=\"https:\/\/autosgiros.com.br\/wp-content\/uploads\/2023\/10\/Honda-Accord-Hibrido-01-1-1024x576.jpg 1024w, https:\/\/autosgiros.com.br\/wp-content\/uploads\/2023\/10\/Honda-Accord-Hibrido-01-1-300x169.jpg 300w, https:\/\/autosgiros.com.br\/wp-content\/uploads\/2023\/10\/Honda-Accord-Hibrido-01-1-768x432.jpg 768w, https:\/\/autosgiros.com.br\/wp-content\/uploads\/2023\/10\/Honda-Accord-Hibrido-01-1.jpg 1200w\" sizes=\"auto, (max-width: 1024px) 100vw, 1024px\" \/><figcaption class=\"wp-element-caption\">Fotos: Divulga\u00e7\u00e3o<\/figcaption><\/figure>\n\n\n\n<p>O Honda Accord Advanced Hybrid chega ao mercado brasileiro evolu\u00eddo em todos os aspectos se comparado \u00e0 ge- ra\u00e7\u00e3o anterior. O sed\u00e3 \u00e9 refer\u00eancia m\u00e1xima em estilo, tecnologia, seguran\u00e7a, conforto, requinte e conectividade, al\u00e9m de ser elemento fundamental na estrat\u00e9gia de eletrifica\u00e7\u00e3o da Honda.<\/p>\n\n\n\n<p>O modelo traz a avan\u00e7ada e exclusiva tecnologia h\u00edbrida e:HEV, que combina dois motores el\u00e9tricos \u2013 um para tra\u00e7\u00e3o e outro para gera\u00e7\u00e3o de energia \u2013 e um motor a combust\u00e3o. O segredo da tecnologia e:HEV est\u00e1 na forma como os motores interagem, proporcionando uma experi\u00eancia de condu\u00e7\u00e3o diferenciada, que une alta performance a uma economia de combust\u00edvel excepcional.<\/p>\n\n\n\n<p>O Accord Advanced Hybrid traz um powertrain evolu\u00eddo que preservou a pot\u00eancia de 184 cv, mas o torque aumentou, passando para 34,1 kgfm (antes, 32,1 kgfm).<\/p>\n\n\n\n<p><em><a href=\"https:\/\/autosgiros.com.br\/index.php\/2023\/10\/09\/novo-honda-accord-advanced-hybrid-chega-ao-brasil\/\" data-type=\"post\" data-id=\"2682\" target=\"_blank\" rel=\"noreferrer noopener\">Leia mais&#8230;<\/a><\/em><\/p>\n\n\n\n<p><strong>Ford Modelo 18 Cabriolet ser\u00e1 destaque em Encontro Ga\u00facho de Carros Antigos<\/strong><\/p>\n\n\n\n<figure class=\"wp-block-image size-large\"><img loading=\"lazy\" decoding=\"async\" width=\"1024\" height=\"576\" src=\"https:\/\/autosgiros.com.br\/wp-content\/uploads\/2023\/10\/7-Ford-1936-Cabriolet-Foto-Adair-Santos-Divulgacao-1024x576.jpg\" alt=\"\" class=\"wp-image-2823\" srcset=\"https:\/\/autosgiros.com.br\/wp-content\/uploads\/2023\/10\/7-Ford-1936-Cabriolet-Foto-Adair-Santos-Divulgacao-1024x576.jpg 1024w, https:\/\/autosgiros.com.br\/wp-content\/uploads\/2023\/10\/7-Ford-1936-Cabriolet-Foto-Adair-Santos-Divulgacao-300x169.jpg 300w, https:\/\/autosgiros.com.br\/wp-content\/uploads\/2023\/10\/7-Ford-1936-Cabriolet-Foto-Adair-Santos-Divulgacao-768x432.jpg 768w, https:\/\/autosgiros.com.br\/wp-content\/uploads\/2023\/10\/7-Ford-1936-Cabriolet-Foto-Adair-Santos-Divulgacao.jpg 1200w\" sizes=\"auto, (max-width: 1024px) 100vw, 1024px\" \/><\/figure>\n\n\n\n<p><\/p>\n\n\n\n<p>Pintura reluzente, pneus de banda branca leg\u00edtimos, bancos e capota em perfeito estado de conserva\u00e7\u00e3o. \u00c0 primeira vista, o Ford Modelo 18 Cabriolet parece que acabou de sair da f\u00e1brica, mas j\u00e1 \u00e9 um \u201csenhor com 87 anos de idade\u201d, pois foi fabricado em 1936. O modelo \u00e9 o carro-destaque do 30\u00ba Encontro Sul-Brasileiro de Ve\u00edculos Antigos, que ocorrer\u00e1 nos dias 17, 18 e 19 de novembro nos pavilh\u00f5es da Fundaparque, em Bento Gon\u00e7alves (RS). O evento \u00e9 realizado pelo Veteran Car Club dos Vinhedos, que \u00e9 afiliado da Federa\u00e7\u00e3o Brasileira de Ve\u00edculos Antigos (FBVA).<\/p>\n\n\n\n<p><em><a href=\"https:\/\/autosgiros.com.br\/index.php\/2023\/09\/12\/conheca-o-ford-modelo-18-cabriolet-que-e-o-carro-destaque-do-30o-encontro-sul-brasileiro-de-veiculos-antigos\/\" data-type=\"post\" data-id=\"2066\" target=\"_blank\" rel=\"noreferrer noopener\">Leia mais&#8230;<\/a><\/em><\/p>\n\n\n\n<p><strong>App para el\u00e9tricos<\/strong><\/p>\n\n\n\n<p>A Volvo Car Brasil acaba de lan\u00e7ar uma novidade para os usu\u00e1rios de ve\u00edculos el\u00e9tricos no Brasil: o Volvo Car Eletropostos, aplicativo que ir\u00e1 auxiliar os motoristas a carregarem seus carros com mais facilidade e conveni\u00eancia. Localizar o eletroposto mais pr\u00f3ximo \u00e9 a principal funcionalidade do app que j\u00e1 est\u00e1 dispon\u00edvel na Google Store e na Apple Store. (<em><a href=\"https:\/\/autosgiros.com.br\/index.php\/2023\/10\/06\/volvo-car-eletropostos-vai-ajudar-usuarios-a-carregar-seus-veiculos-eletricos\/\" data-type=\"post\" data-id=\"2636\" target=\"_blank\" rel=\"noreferrer noopener\">Leia mais&#8230;<\/a><\/em>)<\/p>\n\n\n\n<p><strong>Lubrificantes para h\u00edbridos<\/strong><\/p>\n\n\n\n<p>A Lubrax est\u00e1 aumentando a linha Supera e trazendo os novos Lubrax Supera Premium, produtos desenvolvidos especialmente para serem utilizados em ve\u00edculos que combinam motores \u00e0 combust\u00e3o e el\u00e9tricos. Eles chegam nas viscosidades 0W-20 e 5W-30, formulados com b\u00e1sicos sint\u00e9ticos premium e aditivos de alta performance, com tecnologia aprovada pelas principais montadoras do mercado. (<em><a href=\"https:\/\/autosgiros.com.br\/index.php\/2023\/10\/10\/lubrax-lanca-linha-de-lubrificantes-para-veiculos-hibridos\/\" data-type=\"post\" data-id=\"2708\" target=\"_blank\" rel=\"noreferrer noopener\">Leia mais&#8230;<\/a><\/em>)<\/p>\n\n\n\n<p><strong>10 anos da PCX<\/strong><\/p>\n\n\n\n<p>A Honda PCX completa dez anos de seu lan\u00e7amento no mercado nacional e segue como uma das motocicletas mais relevantes do line up da Honda. O modelo \u00e9 l\u00edder da categoria desde que come\u00e7ou a ser comercializado no pa\u00eds. Somente no \u00faltimo ano, foram cerca de 38 mil unida- des emplacadas. No segmento de scooters, a Honda det\u00e9m 65% das vendas e emplacou 70 mil unidades em 2022. (<em><a href=\"https:\/\/autosgiros.com.br\/index.php\/2023\/10\/12\/honda-comemora-dez-anos-da-pcx\/\" data-type=\"post\" data-id=\"2819\" target=\"_blank\" rel=\"noreferrer noopener\">Leia mais&#8230;<\/a><\/em>)<\/p>\n\n\n\n<hr class=\"wp-block-separator has-alpha-channel-opacity\"\/>\n\n\n\n<p><em><strong><em>Esta coluna foi publicada nos&nbsp;jornais<\/em>&nbsp;<em>A Not\u00edcia, de Cachoeira do Sul (RS), Cidade, de Uruguaiana (RS), Folha do Sul, de Bag\u00e9 (RS)<\/em>&nbsp;e O Farroupilha, de Farroupilha (RS).<\/strong><\/em><\/p>\n\n\n\n<div data-wp-interactive=\"core\/file\" class=\"wp-block-file\"><object data-wp-bind--hidden=\"!state.hasPdfPreview\" hidden class=\"wp-block-file__embed\" data=\"https:\/\/autosgiros.com.br\/wp-content\/uploads\/2023\/10\/Coluna-Autos-Giros-10-12-de-outubro-de-2023.pdf\" type=\"application\/pdf\" style=\"width:100%;height:600px\" aria-label=\"Incorporado de Coluna-Autos-Giros-10-12-de-outubro-de-2023.\"><\/object><a id=\"wp-block-file--media-d920c5f6-1247-4bc6-8d6d-e4b3af3f6f2d\" href=\"https:\/\/autosgiros.com.br\/wp-content\/uploads\/2023\/10\/Coluna-Autos-Giros-10-12-de-outubro-de-2023.pdf\">Coluna-Autos-Giros-10-12-de-outubro-de-2023<\/a><a href=\"https:\/\/autosgiros.com.br\/wp-content\/uploads\/2023\/10\/Coluna-Autos-Giros-10-12-de-outubro-de-2023.pdf\" class=\"wp-block-file__button wp-element-button\" download aria-describedby=\"wp-block-file--media-d920c5f6-1247-4bc6-8d6d-e4b3af3f6f2d\">Baixar<\/a><\/div>\n","protected":false},"excerpt":{"rendered":"<p>A Mercedes-Benz Trucks re- velou o eActros 600, seu prieiro caminh\u00e3o pesado el\u00e9trico a bateria para longas dist\u00e2ncias, em estreia mun- dial em evento realizado em Hamburgo, na Alemanha. Com este modelo, a empresa plaeja definir um novo padr\u00e3o no transporte rodovi\u00e1rio de cargas em termos de tecnologia, sustentabilidade, design e rentabilidade para os opera- [&hellip;]<\/p>\n","protected":false},"author":1,"featured_media":2825,"comment_status":"open","ping_status":"open","sticky":false,"template":"","format":"standard","meta":{"footnotes":""},"categories":[300],"tags":[980,1077,583,494,645,336,585,1076,601,240,674,986,736,294,1072,290],"class_list":["post-2816","post","type-post","status-publish","format-standard","has-post-thumbnail","hentry","category-coluna-ag","tag-accord","tag-app","tag-bento-goncalves","tag-caminhao","tag-eactros-600","tag-eletrico","tag-encontro-sul-brasileiro-de-veiculos-antigos","tag-ford-18","tag-hibrido","tag-honda","tag-lancamento","tag-lubrax","tag-lubrificante","tag-mercedes-benz","tag-pcx","tag-volvo"],"amp_enabled":true,"_links":{"self":[{"href":"https:\/\/autosgiros.com.br\/index.php\/wp-json\/wp\/v2\/posts\/2816","targetHints":{"allow":["GET"]}}],"collection":[{"href":"https:\/\/autosgiros.com.br\/index.php\/wp-json\/wp\/v2\/posts"}],"about":[{"href":"https:\/\/autosgiros.com.br\/index.php\/wp-json\/wp\/v2\/types\/post"}],"author":[{"embeddable":true,"href":"https:\/\/autosgiros.com.br\/index.php\/wp-json\/wp\/v2\/users\/1"}],"replies":[{"embeddable":true,"href":"https:\/\/autosgiros.com.br\/index.php\/wp-json\/wp\/v2\/comments?post=2816"}],"version-history":[{"count":2,"href":"https:\/\/autosgiros.com.br\/index.php\/wp-json\/wp\/v2\/posts\/2816\/revisions"}],"predecessor-version":[{"id":2824,"href":"https:\/\/autosgiros.com.br\/index.php\/wp-json\/wp\/v2\/posts\/2816\/revisions\/2824"}],"wp:featuredmedia":[{"embeddable":true,"href":"https:\/\/autosgiros.com.br\/index.php\/wp-json\/wp\/v2\/media\/2825"}],"wp:attachment":[{"href":"https:\/\/autosgiros.com.br\/index.php\/wp-json\/wp\/v2\/media?parent=2816"}],"wp:term":[{"taxonomy":"category","embeddable":true,"href":"https:\/\/autosgiros.com.br\/index.php\/wp-json\/wp\/v2\/categories?post=2816"},{"taxonomy":"post_tag","embeddable":true,"href":"https:\/\/autosgiros.com.br\/index.php\/wp-json\/wp\/v2\/tags?post=2816"}],"curies":[{"name":"wp","href":"https:\/\/api.w.org\/{rel}","templated":true}]}}