{"id":2783,"date":"2023-10-19T19:11:00","date_gmt":"2023-10-19T22:11:00","guid":{"rendered":"https:\/\/autosgiros.com.br\/?p=2783"},"modified":"2024-05-21T18:03:36","modified_gmt":"2024-05-21T21:03:36","slug":"volvo-apresenta-o-novo-chassi-de-onibus-versatil-b320r","status":"publish","type":"post","link":"https:\/\/autosgiros.com.br\/index.php\/2023\/10\/19\/volvo-apresenta-o-novo-chassi-de-onibus-versatil-b320r\/","title":{"rendered":"Volvo apresenta o novo chassi de \u00f4nibus vers\u00e1til B320R"},"content":{"rendered":"\n<p><em>Nas vers\u00f5es fretamento e rodovi\u00e1ria a caixa de c\u00e2mbio \u00e9 a Volvo I-Shift de 7\u00aa gera\u00e7\u00e3o<\/em><\/p>\n\n\n\n<p>Com vers\u00f5es para aplica\u00e7\u00e3o urbana, rodovi\u00e1ria e fretamento os ve\u00edculos trazem como principal novidade o motor D8K Euro 6, mais potente e econ\u00f4mico do que o da gera\u00e7\u00e3o anterior. \u00c9 o mesmo que passou a equipar recentemente os caminh\u00f5es Volvo VM.\u00a0Nas op\u00e7\u00f5es para uso rodovi\u00e1rio e fretamento o modelo traz ainda\u00a0transmiss\u00e3o I-Shift de s\u00e9tima gera\u00e7\u00e3o, com trocas r\u00e1pidas e suaves.<\/p>\n\n\n\n<p>A chegada do Volvo B320R refor\u00e7a o portf\u00f3lio de \u00f4nibus de motor traseiro da marca. \u201cAl\u00e9m da tradicional vers\u00e3o urbana esse ve\u00edculo tem op\u00e7\u00f5es para outras aplica\u00e7\u00f5es, como fretamento e rodovi\u00e1ria de curta dist\u00e2ncia. \u00c9 um chassi altamente vers\u00e1til\u201d, assegura Paulo Arabian, diretor comercial de \u00f4nibus da Volvo. Dispon\u00edvel na configura\u00e7\u00e3o de eixos 4&#215;2, o modelo pode receber carrocerias de at\u00e9 13,2 metros de comprimento e 3,65 metros de altura.<\/p>\n\n\n\n<p><strong>Novo motor e transmiss\u00e3o<\/strong><\/p>\n\n\n\n<p>O Volvo B320R \u00e9 equipado com o motor D8K Euro 6 e traz novidades em rela\u00e7\u00e3o ao seu antecessor. \u201cAs emiss\u00f5es foram reduzidas, mas a pot\u00eancia (320cv) e o torque (1200 Nm) est\u00e3o ainda maiores\u201d, afirma Gilcarlo Prosdocimo, gerente de engenharia de vendas da Volvo.<\/p>\n\n\n\n<p>No novo motor o alto torque surge j\u00e1 em baixa rota\u00e7\u00e3o. Com isso, o ve\u00edculo ficou extremamente silencioso e suave para os passageiros e para a condu\u00e7\u00e3o do motorista. Al\u00e9m disso, o propulsor Euro 6 de oito litros \u00e9 ainda mais econ\u00f4mico do que a vers\u00e3o anterior, que j\u00e1 era refer\u00eancia nesse quesito. O per\u00edodo de troca de \u00f3leo poder\u00e1 chegar a 100.000km, dependendo da aplica\u00e7\u00e3o.<\/p>\n\n\n\n<p>Nas vers\u00f5es fretamento e rodovi\u00e1ria a caixa de c\u00e2mbio \u00e9 a Volvo I-Shift de 7\u00aa gera\u00e7\u00e3o, que equipa todos os ve\u00edculos rodovi\u00e1rios da marca. Tem engates suaves e r\u00e1pidos, quase impercept\u00edveis. Para aplica\u00e7\u00e3o urbana o transportador pode escolher entre duas op\u00e7\u00f5es de transmiss\u00e3o autom\u00e1tica, das marcas ZF ou Voith.<\/p>\n\n\n\n<p><strong>Seguran\u00e7a<\/strong><\/p>\n\n\n\n<p>Em linha com a vis\u00e3o \u201cZero Acidentes\u201d, ideal de futuro da marca com seus ve\u00edculos, o novo chassi incorpora freios eletr\u00f4nicos EBS de 5\u00aa gera\u00e7\u00e3o, freios a disco em todas as rodas e, na vers\u00e3o rodovi\u00e1ria, o ESP, controle eletr\u00f4nico de estabilidade, \u00e9 de s\u00e9rie.<\/p>\n\n\n\n<p>Outro destaque da vers\u00e3o rodovi\u00e1ria \u00e9 o freio motor VEB300 com 300cv de pot\u00eancia, j\u00e1 presente nos caminh\u00f5es Volvo VM. Com o freio auxiliar retarder (item opcional) a pot\u00eancia de frenagem pode alcan\u00e7ar 900cv.<\/p>\n\n\n\n<p><strong>Manuten\u00e7\u00e3o e rentabilidade<\/strong><\/p>\n\n\n\n<p>Embora tenha motor e transmiss\u00e3o novos, a manuten\u00e7\u00e3o do chassi B320R \u00e9 bastante funcional. \u201cV\u00e1rios dos outros componentes j\u00e1 integram nossos chassis h\u00e1 muitos anos. Isso garante disponibilidade de pe\u00e7as e ampla experi\u00eancia em servi\u00e7os nas concession\u00e1rias Volvo. Como os demais chassis da marca, o B320R \u00e9 muito robusto e eventuais manuten\u00e7\u00f5es podem ser executadas com rapidez, garantindo um r\u00e1pido retorno \u00e0 opera\u00e7\u00e3o. \u00c9 um \u00f4nibus de alta produtividade e rentabilidade para o operador\u201d, assegura Arabian.<\/p>\n\n\n\n<p><strong>Chassi global<\/strong><\/p>\n\n\n\n<p>O chassi B320R \u00e9 um modelo global e j\u00e1 era fornecido pela Volvo para mercados de exporta\u00e7\u00e3o como Chile e Col\u00f4mbia. \u201cNeste ano, com a entrada em vigor da norma de emiss\u00f5es Euro 6, vimos uma excelente oportunidade de introduzi-lo tamb\u00e9m no Brasil. O mercado de \u00f4nibus segue em plena recupera\u00e7\u00e3o p\u00f3s-pandemia. Um ambiente econ\u00f4mico melhor, com eleva\u00e7\u00e3o no n\u00edvel de cr\u00e9dito, sinaliza\u00e7\u00e3o de queda da taxa de juros e redu\u00e7\u00e3o do desemprego favorece a demanda no deslocamento de pessoas por \u00f4nibus. Al\u00e9m disso, a Volvo est\u00e1 num momento muito positivo de vendas no pa\u00eds. No acumulado do ano, nossas entregas cresceram 68,5%. A introdu\u00e7\u00e3o do chassi B320R ampliar\u00e1 ainda mais nossa oferta nos segmentos urbano e rodovi\u00e1rio de entrada\u201d, finaliza Paulo Arabian.<\/p>\n\n\n\n<p><\/p>\n","protected":false},"excerpt":{"rendered":"<p>Nas vers\u00f5es fretamento e rodovi\u00e1ria a caixa de c\u00e2mbio \u00e9 a Volvo I-Shift de 7\u00aa gera\u00e7\u00e3o Com vers\u00f5es para aplica\u00e7\u00e3o urbana, rodovi\u00e1ria e fretamento os ve\u00edculos trazem como principal novidade o motor D8K Euro 6, mais potente e econ\u00f4mico do que o da gera\u00e7\u00e3o anterior. \u00c9 o mesmo que passou a equipar recentemente os caminh\u00f5es [&hellip;]<\/p>\n","protected":false},"author":1,"featured_media":2785,"comment_status":"open","ping_status":"open","sticky":false,"template":"","format":"standard","meta":{"footnotes":""},"categories":[187],"tags":[1050,1049,1051,499,290],"class_list":["post-2783","post","type-post","status-publish","format-standard","has-post-thumbnail","hentry","category-volvo-o","tag-b320r","tag-chassi-de-onibus","tag-euro6","tag-transporte","tag-volvo"],"amp_enabled":true,"_links":{"self":[{"href":"https:\/\/autosgiros.com.br\/index.php\/wp-json\/wp\/v2\/posts\/2783","targetHints":{"allow":["GET"]}}],"collection":[{"href":"https:\/\/autosgiros.com.br\/index.php\/wp-json\/wp\/v2\/posts"}],"about":[{"href":"https:\/\/autosgiros.com.br\/index.php\/wp-json\/wp\/v2\/types\/post"}],"author":[{"embeddable":true,"href":"https:\/\/autosgiros.com.br\/index.php\/wp-json\/wp\/v2\/users\/1"}],"replies":[{"embeddable":true,"href":"https:\/\/autosgiros.com.br\/index.php\/wp-json\/wp\/v2\/comments?post=2783"}],"version-history":[{"count":1,"href":"https:\/\/autosgiros.com.br\/index.php\/wp-json\/wp\/v2\/posts\/2783\/revisions"}],"predecessor-version":[{"id":2786,"href":"https:\/\/autosgiros.com.br\/index.php\/wp-json\/wp\/v2\/posts\/2783\/revisions\/2786"}],"wp:featuredmedia":[{"embeddable":true,"href":"https:\/\/autosgiros.com.br\/index.php\/wp-json\/wp\/v2\/media\/2785"}],"wp:attachment":[{"href":"https:\/\/autosgiros.com.br\/index.php\/wp-json\/wp\/v2\/media?parent=2783"}],"wp:term":[{"taxonomy":"category","embeddable":true,"href":"https:\/\/autosgiros.com.br\/index.php\/wp-json\/wp\/v2\/categories?post=2783"},{"taxonomy":"post_tag","embeddable":true,"href":"https:\/\/autosgiros.com.br\/index.php\/wp-json\/wp\/v2\/tags?post=2783"}],"curies":[{"name":"wp","href":"https:\/\/api.w.org\/{rel}","templated":true}]}}