{"id":2630,"date":"2023-10-06T11:06:09","date_gmt":"2023-10-06T14:06:09","guid":{"rendered":"https:\/\/autosgiros.com.br\/?p=2630"},"modified":"2023-10-09T14:36:12","modified_gmt":"2023-10-09T17:36:12","slug":"daf-conquista-o-mercado-brasileiro-com-caminhoes-de-alta-performance","status":"publish","type":"post","link":"https:\/\/autosgiros.com.br\/index.php\/2023\/10\/06\/daf-conquista-o-mercado-brasileiro-com-caminhoes-de-alta-performance\/","title":{"rendered":"DAF conquista o mercado brasileiro com caminh\u00f5es de alta performance"},"content":{"rendered":"\n<p><em>Ao completar 10 anos no pa\u00eds a fabricante holandesa celebra a marca de mais de 10% de market share no segmento de pesados<\/em><\/p>\n\n\n\n<p>A DAF faz hist\u00f3ria no mundo h\u00e1 96 anos com a lideran\u00e7a global em tecnologias e na fabrica\u00e7\u00e3o de caminh\u00f5es. Inova\u00e7\u00e3o, qualidade e efici\u00eancia s\u00e3o os alicerces que guiaram a companhia neste quase um s\u00e9culo de exist\u00eancia \u00e0s mais inteligentes solu\u00e7\u00f5es de transporte com alto valor para seus clientes. No Brasil, h\u00e1 10 anos, a DAF j\u00e1 \u00e9 destaque no mercado com caminh\u00f5es altamente robustos, eficientes e confi\u00e1veis, definindo novos padr\u00f5es em conforto, seguran\u00e7a e tecnologia de transporte.<\/p>\n\n\n\n<p>Este ano, est\u00e1 entre as tr\u00eas marcas que mais emplacaram caminh\u00e3o Euro 6 e ficou, nos \u00faltimos 18 meses, na vice-lideran\u00e7a dos pesados, al\u00e9m de ampliar seu market share no segmento acima de quinze toneladas para 9,9% e, acima de 40 toneladas, para 13,8%.<\/p>\n\n\n\n<p><strong>Crescimento acelerado<\/strong><\/p>\n\n\n\n<p>Do an\u00fancio da chegada ao Pa\u00eds, em 2011, com a constru\u00e7\u00e3o da f\u00e1brica em Ponta Grossa, e a produ\u00e7\u00e3o do precursor XF105, a DAF deu um salto em desempenho para, dois anos mais tarde, iniciar a produ\u00e7\u00e3o dos motores MX e do CF85, al\u00e9m de inaugurar um novo relacionamento comercial com seus clientes pelo Cons\u00f3rcio Nacional DAF. Ao lan\u00e7amento do CF85 juntou-se a vers\u00e3o fora de estrada do robusto XF105, em 2017. O XF105 Off-Road despontou entre os clientes com alta performance, que cresciam em n\u00famero e em reconhecimento.<\/p>\n\n\n\n<p>Em 2019, para suportar o avan\u00e7o da marca e da frota circulante, a PACCAR Financial desembarcou em Ponta Grossa para viabilizar ainda mais neg\u00f3cios para os clientes DAF e o moderno Centro de Distribui\u00e7\u00e3o de Pe\u00e7as da PACCAR Parts foi inaugurado para apoiar a distribui\u00e7\u00e3o de pe\u00e7as genu\u00ednas DAF, PACCAR e multimarcas TRP.<\/p>\n\n\n\n<p>Com o novo DAF XF no ano seguinte e a Nova Linha DAF em 2021, a DAF seguiu assertivamente para incluir as tecnologias do Euro 6 no seu portf\u00f3lio de produtos e estrear no segmento de semipesados com a versatilidade do CF Semipesado R\u00edgido com motor de 7 litros. A consolida\u00e7\u00e3o da companhia como a fabricante que mais cresce no Pa\u00eds veio neste ano em que comemora uma d\u00e9cada de hist\u00f3ria, 30 mil caminh\u00f5es fabricados e presen\u00e7a em 100% do territ\u00f3rio nacional com sua ampla Rede de Concession\u00e1rias.<\/p>\n\n\n\n<p>\u201cDesde o in\u00edcio, nossa meta \u00e9 replicar na DAF Brasil o modelo de neg\u00f3cio bem-sucedido da DAF na Europa e tamb\u00e9m do know-how mundial que temos como grupo PACCAR, que ganhou o respeito do mercado como uma marca realmente s\u00e9ria, robusta e com alta capacidade financeira e excel\u00eancia em servi\u00e7os premium. O respaldo da PACCAR em todos os seus neg\u00f3cios garante, h\u00e1 86 anos, o pagamento ininterrupto dos dividendos aos acionistas. Com essa seguran\u00e7a, assumimos a miss\u00e3o de construir uma nova hist\u00f3ria para o transporte de cargas no Brasil, e, para isso, priorizamos em nosso plano de neg\u00f3cios as melhores vantagens econ\u00f4micas e operacionais para os transportadores e condutores. E agora, uma d\u00e9cada depois, escrevemos somente o primeiro cap\u00edtulo de nossa longa jornada com o Pa\u00eds\u201d, comenta Lance Walters, Presidente DAF Brasil.<\/p>\n\n\n\n<p><strong>Da pequena oficina DAF para o mundo<\/strong><\/p>\n\n\n\n<p>Fundada em 1\u00ba de abril de 1928 pelos irm\u00e3os Hub e Wim van Doorne, a Doorne\u2019s Aanhangwagen Fabriek N.V. (DAF Trucks N.V), em pouco tempo, tornou-se palco para o anseio dos irm\u00e3os van Doorne por solu\u00e7\u00f5es eficientes que revolucionaram a ind\u00fastria com novas refer\u00eancias e padr\u00f5es. A pequena oficina de implementos evoluiu rapidamente para, em 1949, produzir o primeiro chassi de caminh\u00e3o. No ano seguinte, com uma nova empresa criada, fabricavam chassis de 3,5 e 6 toneladas e, logo depois, seus pr\u00f3prios motores, sendo a primeira montadora de caminh\u00f5es da Europa a aplicar turbo em propulsores diesel.<\/p>\n\n\n\n<p>Entre os principais marcos dos van Doorne est\u00e3o\u00a0o lan\u00e7amento do primeiro carro equipado com c\u00e2mbio CVT do mercado, em 1950; a cria\u00e7\u00e3o, em 1973, do turbo com intercooler, tecnologia inovadora que se mostrou indispens\u00e1vel para emitir gases menos poluentes; e, em 1994, o conceito da cabine Super Space, que definiu novos padr\u00f5es em tamanho e conforto.<\/p>\n\n\n\n<p>Em 1996, a DAF integrou o Grupo PACCAR &#8211; l\u00edder global em tecnologia nas \u00e1reas de design, fabrica\u00e7\u00e3o e suporte ao cliente no segmento de caminh\u00f5es de primeira linha de portes leve, m\u00e9dio e pesado. O Grupo tamb\u00e9m \u00e9 detentor das marcas Kenworth e Peterbilt. Com a uni\u00e3o, a DAF expandiu sua for\u00e7a pelos quatro continentes como umas das l\u00edderes no mercado europeu de caminh\u00f5es oferecendo um amplo portf\u00f3lio de produtos e servi\u00e7os premium mundialmente reconhecidos e premiados.<\/p>\n\n\n\n<p>No Pa\u00eds, a DAF Caminh\u00f5es chegou em 2011 com o in\u00edcio da constru\u00e7\u00e3o da primeira f\u00e1brica da marca fora do continente europeu para produzir e comercializar caminh\u00f5es premium. \u201cA f\u00e1brica foi constru\u00edda em dois anos, um tempo recorde, o que gerou credibilidade e visibilidade \u00e0 marca. Apesar do cen\u00e1rio desafiador na \u00e9poca e uma ind\u00fastria de caminh\u00f5es j\u00e1 consolidada, mostramos, ano ap\u00f3s ano, com resultados, quem era a marca DAF. Trabalhamos com dedica\u00e7\u00e3o, simplicidade e proximidade, conforme nosso DNA, e tudo que prometemos foi cumprido.&#8221;, explica Luis Gambim, Diretor Comercial DAF Brasil.<\/p>\n\n\n\n<p>&#8220;Lan\u00e7amos o nosso primeiro caminh\u00e3o em 2013. Em 2015, com uma equipe comercial, administrativa e de p\u00f3s-vendas fortalecida, marcamos nosso posicionamento, lan\u00e7amos produtos anualmente e despontamos no mercado, em 2020, com a Nova Linha DAF e, neste ano, com os modelos DAF Euro 6\u201d, complementa.<\/p>\n\n\n\n<p><strong>Estrat\u00e9gia e lideran\u00e7a para o futuro<\/strong><\/p>\n\n\n\n<p>A estrat\u00e9gia nacional de neg\u00f3cio da DAF \u00e9 pautada nos diferenciais exclusivos dos seus produtos: melhor custo-benef\u00edcio no ciclo de compra, alta disponibilidade, robustez mec\u00e2nica, baixo custo operacional e qualidade premium nos servi\u00e7os oferecidos aos clientes. \u201cEssas caracter\u00edsticas est\u00e3o presentes na estrat\u00e9gia de neg\u00f3cio da DAF, do planejamento \u00e0 execu\u00e7\u00e3o do produto. Hoje, somos refer\u00eancia em conforto, efici\u00eancia, seguran\u00e7a e economia com produtos e servi\u00e7os dedicados \u00e0 alta performance dos consumidores, estabelecendo novos padr\u00f5es e conceitos de qualidade para os segmentos de semipesados e pesados. Por tudo isso, nos orgulhamos, h\u00e1 10 anos, de entregar caminh\u00f5es amplamente elogiados por nossos clientes\u201d, exalta Gambim.<\/p>\n\n\n\n<p>O planejamento robusto e de longo prazo com o Pa\u00eds fortaleceu a estrutura\u00e7\u00e3o da DAF para superar as adversidades do mercado nos \u00faltimos anos e, assim, continuar em seu plano de crescimento tanto em participa\u00e7\u00e3o de mercado quanto em volume. Em 2022, como resultado dos investimentos cont\u00ednuos e do foco priorit\u00e1rio no cliente, vendeu acima do projetado para toda a opera\u00e7\u00e3o brasileira. Isto representa que, em apenas dois anos, a fabricante comercializou o mesmo volume da Nova Linha DAF registrado pelos antecessores, DAF XF105 e CF85, em sete anos.<\/p>\n\n\n\n<p>Neste ano em que comemora uma d\u00e9cada de opera\u00e7\u00e3o no Brasil, a DAF se consolida tamb\u00e9m como uma das principais marcas de caminh\u00f5es do mercado e uma das fabricantes que mais crescem no Pa\u00eds. Em junho de 2023, bateu a marca hist\u00f3rica de 30 mil caminh\u00f5es fabricados, al\u00e9m de avan\u00e7ar 18,2% em vendas no primeiro semestre em rela\u00e7\u00e3o ao acumulado no per\u00edodo em 2022 &#8211; mesmo em um momento de retra\u00e7\u00e3o do setor.<\/p>\n\n\n\n<p>Crescendo em um patamar acima do mercado neste ano, a companhia projeta aumentar em 15% a produ\u00e7\u00e3o. Para isso, expande a participa\u00e7\u00e3o da marca com uma estrutura de servi\u00e7os cada vez mais robusta, al\u00e9m de aumentar a capacidade de atendimento e a qualifica\u00e7\u00e3o dos profissionais. \u201cEstamos investindo muito em p\u00f3s-venda, marketing, na \u00e1rea administrativa e de vendas alinhados a uma nova cultura focada nos pr\u00f3ximos desafios para competirmos de igual para igual com os grandes players que j\u00e1 est\u00e3o h\u00e1 d\u00e9cadas no mercado brasileiro. Continuaremos com nosso plano de expans\u00e3o de lan\u00e7amento de produtos para os pr\u00f3ximos anos, inclusive com a amplia\u00e7\u00e3o de f\u00e1brica para suportar o crescente volume de vendas. E, a partir da\u00ed, poderemos suportar a exporta\u00e7\u00e3o para a Am\u00e9rica Latina, ou seja, nossa f\u00e1brica em Ponta Grossa passar\u00e1 a ser o hub de exporta\u00e7\u00e3o para o continente\u201d, ressalta Gambim.<\/p>\n","protected":false},"excerpt":{"rendered":"<p>Ao completar 10 anos no pa\u00eds a fabricante holandesa celebra a marca de mais de 10% de market share no segmento de pesados A DAF faz hist\u00f3ria no mundo h\u00e1 96 anos com a lideran\u00e7a global em tecnologias e na fabrica\u00e7\u00e3o de caminh\u00f5es. Inova\u00e7\u00e3o, qualidade e efici\u00eancia s\u00e3o os alicerces que guiaram a companhia neste [&hellip;]<\/p>\n","protected":false},"author":1,"featured_media":2631,"comment_status":"open","ping_status":"open","sticky":false,"template":"","format":"standard","meta":{"footnotes":""},"categories":[178],"tags":[894,350,892,687,950,951],"class_list":["post-2630","post","type-post","status-publish","format-standard","has-post-thumbnail","hentry","category-daf","tag-10-anos","tag-caminhoes","tag-daf","tag-logistica","tag-market-share","tag-tres-geracoes"],"amp_enabled":true,"_links":{"self":[{"href":"https:\/\/autosgiros.com.br\/index.php\/wp-json\/wp\/v2\/posts\/2630","targetHints":{"allow":["GET"]}}],"collection":[{"href":"https:\/\/autosgiros.com.br\/index.php\/wp-json\/wp\/v2\/posts"}],"about":[{"href":"https:\/\/autosgiros.com.br\/index.php\/wp-json\/wp\/v2\/types\/post"}],"author":[{"embeddable":true,"href":"https:\/\/autosgiros.com.br\/index.php\/wp-json\/wp\/v2\/users\/1"}],"replies":[{"embeddable":true,"href":"https:\/\/autosgiros.com.br\/index.php\/wp-json\/wp\/v2\/comments?post=2630"}],"version-history":[{"count":1,"href":"https:\/\/autosgiros.com.br\/index.php\/wp-json\/wp\/v2\/posts\/2630\/revisions"}],"predecessor-version":[{"id":2632,"href":"https:\/\/autosgiros.com.br\/index.php\/wp-json\/wp\/v2\/posts\/2630\/revisions\/2632"}],"wp:featuredmedia":[{"embeddable":true,"href":"https:\/\/autosgiros.com.br\/index.php\/wp-json\/wp\/v2\/media\/2631"}],"wp:attachment":[{"href":"https:\/\/autosgiros.com.br\/index.php\/wp-json\/wp\/v2\/media?parent=2630"}],"wp:term":[{"taxonomy":"category","embeddable":true,"href":"https:\/\/autosgiros.com.br\/index.php\/wp-json\/wp\/v2\/categories?post=2630"},{"taxonomy":"post_tag","embeddable":true,"href":"https:\/\/autosgiros.com.br\/index.php\/wp-json\/wp\/v2\/tags?post=2630"}],"curies":[{"name":"wp","href":"https:\/\/api.w.org\/{rel}","templated":true}]}}