{"id":2621,"date":"2023-10-06T11:12:24","date_gmt":"2023-10-06T14:12:24","guid":{"rendered":"https:\/\/autosgiros.com.br\/?p=2621"},"modified":"2023-10-22T08:46:05","modified_gmt":"2023-10-22T11:46:05","slug":"onibus-eletrico-brasileiro-da-mercedes-benz-faz-sua-estreia-europeia-na-busworld","status":"publish","type":"post","link":"https:\/\/autosgiros.com.br\/index.php\/2023\/10\/06\/onibus-eletrico-brasileiro-da-mercedes-benz-faz-sua-estreia-europeia-na-busworld\/","title":{"rendered":"\u00d4nibus el\u00e9trico brasileiro da\u00a0Mercedes-Benz\u00a0faz sua estreia europeia na Busworld"},"content":{"rendered":"\n<p><em>Daimler Buses leva para a Busworld Europa lan\u00e7amentos e novidades de produtos e servi\u00e7os de suas marcas\u00a0Mercedes-Benz\u00a0e Setra<\/em><\/p>\n\n\n\n<p>O&nbsp;Mercedes-Benz&nbsp;eO500U, primeiro chassi de \u00f4nibus el\u00e9trico a baterias desenvolvido e produzido pela&nbsp;Mercedes-Benz&nbsp;do Brasil, faz sua estreia na Europa. O modelo, que marca a entrada da Empresa na era da eletromobilidade em ve\u00edculos comerciais no Pa\u00eds, \u00e9 destaque no estande da Daimler Buses na Busworld Europa 2023. Trata-se do maior evento do setor no mundo, que ser\u00e1 realizado, de 7 a 12 de outubro, em Bruxelas, capital da B\u00e9lgica.<\/p>\n\n\n\n<p>\u201cEstamos muito orgulhosos, felizes e honrados por trazer o nosso chassi de \u00f4nibus el\u00e9trico urbano a baterias para fazer sua estreia na Europa\u201d, afirma Achim Puchert, presidente da&nbsp;Mercedes-Benz&nbsp;do Brasil &amp; CEO Am\u00e9rica Latina. \u201cEste moderno ve\u00edculo para centros urbanos, que segue a tend\u00eancia da eletromobilidade, foi desenvolvido no Brasil e especialmente para o Brasil e a Am\u00e9rica Latina, al\u00e9m de outros mercados de exporta\u00e7\u00e3o, como a Oceania\u201d.<\/p>\n\n\n\n<p>De acordo com o executivo, ve\u00edculos el\u00e9tricos s\u00e3o sin\u00f4nimos de transporte sustent\u00e1vel e j\u00e1 fazem parte do portf\u00f3lio mundial multissolu\u00e7\u00f5es da marca para os clientes. \u201cAgora, nosso eO500U tamb\u00e9m est\u00e1 neste portf\u00f3lio. Seus benef\u00edcios para a sociedade s\u00e3o inquestion\u00e1veis: zero emiss\u00e3o de carbono, zero polui\u00e7\u00e3o do ar, totalmente silencioso e com menores custos durante todo o ciclo de vida do ve\u00edculo\u201d, diz Achim Puchert. \u201cCom esse produto, a opera\u00e7\u00e3o brasileira segue alinhada \u00e0 estrat\u00e9gia global da Daimler Truck de pr\u00e1ticas de ESG. Este \u00e9 o primeiro passo da&nbsp;Mercedes-Benz&nbsp;do Brasil. Nossas aten\u00e7\u00f5es e estrat\u00e9gias visam o presente e o futuro. Por isso, estamos cientes dos desafios que temos pela frente\u201d.<\/p>\n\n\n\n<p><strong>Import\u00e2ncia da&nbsp;Mercedes-Benz&nbsp;do Brasil para a Daimler Buses<\/strong><\/p>\n\n\n\n<p>\u201cA Daimler Buses est\u00e1 muito satisfeita de trazer para a Busworld Europe o chassi de \u00f4nibus urbano el\u00e9trico a baterias da&nbsp;Mercedes-Benz&nbsp;do Brasil\u201d, afirma Till Oberw\u00f6rder, Chefe mundial da Daimler Buses. \u201cMais uma vez, nosso time de engenharia brasileira demonstra sua grande capacidade, talento e for\u00e7a inovadora ao colocar nossa marca no mundo da eletromobilidade no Brasil e na Am\u00e9rica Latina\u201d.<\/p>\n\n\n\n<p>Segundo o executivo, os visitantes desse evento internacional podem conferir de perto um produto brasileiro com a qualidade global amplamente reconhecida da&nbsp;Mercedes-Benz. \u201cAli\u00e1s, a&nbsp;Mercedes-Benz&nbsp;do Brasil ocupa uma posi\u00e7\u00e3o de destaque na Daimler Buses. S\u00e3o 67 anos de pioneirismo e inova\u00e7\u00e3o tecnol\u00f3gica, como tamb\u00e9m de lideran\u00e7a destacada nas vendas de \u00f4nibus no Brasil e nas exporta\u00e7\u00f5es brasileiras\u201d.<\/p>\n\n\n\n<p>O Brasil segue sendo o maior mercado de \u00f4nibus da Companhia. Essa import\u00e2ncia \u00e9 acentuada pelo fato da&nbsp;Mercedes-Benz&nbsp;do Brasil ser o Centro Mundial de Compet\u00eancia da Daimler Truck para o desenvolvimento de chassis de \u00f4nibus, sendo refer\u00eancia global para as demais unidades.<\/p>\n\n\n\n<p>\u201cComo fabricante e l\u00edder mundial em \u00f4nibus, nossa ambi\u00e7\u00e3o \u00e9 clara. Queremos combater as mudan\u00e7as clim\u00e1ticas e nos tornar um elemento impulsionador para a transforma\u00e7\u00e3o do transporte de passageiros\u201d, ressalta Till Oberw\u00f6rder. \u201cDessa maneira, passaremos a adotar uma estrat\u00e9gia de tecnologias alternativas de propuls\u00e3o, com o objetivo de fornecer \u00f4nibus neutros em CO2 para todos os segmentos e mercados mais importantes at\u00e9 o final desta d\u00e9cada. Com este roteiro claro e uma estrat\u00e9gia alinhada aos neg\u00f3cios sustent\u00e1veis da marca, a Daimler Buses contribui de maneira significativa para moldar, com responsabilidade, o futuro do transporte\u201d.<\/p>\n\n\n\n<p><strong>Eletromobilidade em \u00f4nibus urbanos \u00e9 destaque na Busworld <\/strong><\/p>\n\n\n\n<p>Os \u00f4nibus MercedesBenz atraem a aten\u00e7\u00e3o dos visitantes da Busworld em v\u00e1rios espa\u00e7os da Busworld Europa. O\u00a0Intouro, \u00f4nibus intermunicipal h\u00edbrido, vers\u00e1til e econ\u00f4mico, recebe os visitantes na entrada do pavilh\u00e3o. J\u00e1 dentro das salas de exposi\u00e7\u00e3o, o\u00a0eCitaro, \u00f4nibus totalmente el\u00e9trico com c\u00e9lula de combust\u00edvel, celebra sua estreia. Ao seu lado, s\u00e3o exibidos tamb\u00e9m o eCitaro com a nova gera\u00e7\u00e3o de baterias NMC3 e um pacote de novidades em desempenho. Ali\u00e1s, seguindo a evolu\u00e7\u00e3o tecnol\u00f3gica do eCitaro,\u00a0as baterias NMC3 tamb\u00e9m j\u00e1 s\u00e3o utilizadas no chassi de \u00f4nibus el\u00e9trico urbano eO500U brasileiro, que faz sua estreia na Europa.<\/p>\n\n\n\n<p>Juntos, estes tr\u00eas modelos definem o elevado n\u00edvel de desenvolvimento de \u00f4nibus urbanos livres de emiss\u00f5es locais \u2013 com esses ve\u00edculos, as cidades da Europa e de outros lugares v\u00e3o se tornar mais habit\u00e1veis. Durante a feira, os participantes podem ter uma experi\u00eancia com os ve\u00edculos ao volante ou como passageiros. O MercedesBenz\u00a0eCitaro G\u00a0movido a c\u00e9lula de combust\u00edvel tamb\u00e9m est\u00e1 dispon\u00edvel para demonstra\u00e7\u00e3o.<\/p>\n\n\n\n<p>O \u00f4nibus\u00a0Tourismo\u00a0da MercedesBenz, por sua vez, representa ve\u00edculos rodovi\u00e1rios de alto padr\u00e3o. Em muitos aspectos, ele passou por um desenvolvimento crucial antes do evento, combinando rentabilidade, seguran\u00e7a e conforto.<\/p>\n\n\n\n<p>Al\u00e9m de apresentarem pintura met\u00e1lica antracite, todos os \u00f4nibus que carregam a estrela da&nbsp;Mercedes-Benz&nbsp;mostram, no evento, uma s\u00e9rie de novas tecnologias que reafirmam a marca como refer\u00eancia em sistemas de seguran\u00e7a e assist\u00eancia ao motorista.<\/p>\n\n\n\n<p>A Daimler Buses tamb\u00e9m reservou para a Busworld Europa 2023 v\u00e1rias novidades e destaques de sua marca de \u00f4nibus Setra e de seus inovadores servi\u00e7os Omniplus.<\/p>\n","protected":false},"excerpt":{"rendered":"<p>Daimler Buses leva para a Busworld Europa lan\u00e7amentos e novidades de produtos e servi\u00e7os de suas marcas\u00a0Mercedes-Benz\u00a0e Setra O&nbsp;Mercedes-Benz&nbsp;eO500U, primeiro chassi de \u00f4nibus el\u00e9trico a baterias desenvolvido e produzido pela&nbsp;Mercedes-Benz&nbsp;do Brasil, faz sua estreia na Europa. O modelo, que marca a entrada da Empresa na era da eletromobilidade em ve\u00edculos comerciais no Pa\u00eds, \u00e9 destaque [&hellip;]<\/p>\n","protected":false},"author":1,"featured_media":2622,"comment_status":"open","ping_status":"open","sticky":false,"template":"","format":"standard","meta":{"footnotes":""},"categories":[184],"tags":[786,945,294],"class_list":["post-2621","post","type-post","status-publish","format-standard","has-post-thumbnail","hentry","category-onibus","tag-busworld","tag-daimler-trucks","tag-mercedes-benz"],"amp_enabled":true,"_links":{"self":[{"href":"https:\/\/autosgiros.com.br\/index.php\/wp-json\/wp\/v2\/posts\/2621","targetHints":{"allow":["GET"]}}],"collection":[{"href":"https:\/\/autosgiros.com.br\/index.php\/wp-json\/wp\/v2\/posts"}],"about":[{"href":"https:\/\/autosgiros.com.br\/index.php\/wp-json\/wp\/v2\/types\/post"}],"author":[{"embeddable":true,"href":"https:\/\/autosgiros.com.br\/index.php\/wp-json\/wp\/v2\/users\/1"}],"replies":[{"embeddable":true,"href":"https:\/\/autosgiros.com.br\/index.php\/wp-json\/wp\/v2\/comments?post=2621"}],"version-history":[{"count":1,"href":"https:\/\/autosgiros.com.br\/index.php\/wp-json\/wp\/v2\/posts\/2621\/revisions"}],"predecessor-version":[{"id":2623,"href":"https:\/\/autosgiros.com.br\/index.php\/wp-json\/wp\/v2\/posts\/2621\/revisions\/2623"}],"wp:featuredmedia":[{"embeddable":true,"href":"https:\/\/autosgiros.com.br\/index.php\/wp-json\/wp\/v2\/media\/2622"}],"wp:attachment":[{"href":"https:\/\/autosgiros.com.br\/index.php\/wp-json\/wp\/v2\/media?parent=2621"}],"wp:term":[{"taxonomy":"category","embeddable":true,"href":"https:\/\/autosgiros.com.br\/index.php\/wp-json\/wp\/v2\/categories?post=2621"},{"taxonomy":"post_tag","embeddable":true,"href":"https:\/\/autosgiros.com.br\/index.php\/wp-json\/wp\/v2\/tags?post=2621"}],"curies":[{"name":"wp","href":"https:\/\/api.w.org\/{rel}","templated":true}]}}