{"id":2579,"date":"2023-10-05T09:29:57","date_gmt":"2023-10-05T12:29:57","guid":{"rendered":"https:\/\/autosgiros.com.br\/?p=2579"},"modified":"2023-10-09T14:37:10","modified_gmt":"2023-10-09T17:37:10","slug":"marcopolo-e-attivi-integral-entre-as-melhores-do-setor-automotivo-2023","status":"publish","type":"post","link":"https:\/\/autosgiros.com.br\/index.php\/2023\/10\/05\/marcopolo-e-attivi-integral-entre-as-melhores-do-setor-automotivo-2023\/","title":{"rendered":"Marcopolo e Attivi Integral entre as melhores do setor automotivo 2023"},"content":{"rendered":"\n<p><em>Fabricante \u00e9 indicada nas categorias<\/em> <em>Cadeia Automotiva Ampliada e Lan\u00e7amento \u00d4nibus<\/em><\/p>\n\n\n\n<p>A Marcopolo est\u00e1 entre o Melhores do Setor Automotivo do Pr\u00eamio AutoData 2023. A fabricante se destacou em duas categorias: Cadeia Automotiva Ampliada e Lan\u00e7amento \u00d4nibus, respectivamente, pelas a\u00e7\u00f5es de inova\u00e7\u00e3o, sustentabilidade e atua\u00e7\u00e3o internacional, e pelo desenvolvimento e produ\u00e7\u00e3o do Attivi Integral, \u00f4nibus 100% el\u00e9trico produzido em sua unidade de Caxias do Sul.<\/p>\n\n\n\n<p>\u201cO ritmo de transforma\u00e7\u00e3o da ind\u00fastria automobil\u00edstica brasileira e mundial \u00e9 muito acelerado. N\u00f3s, da Marcopolo, estamos atentos e atuando ativamente para desenvolver solu\u00e7\u00f5es de mobilidade sustent\u00e1veis para os mais diferentes mercados globais. O Attivi Integral \u00e9 um exemplo do qu\u00e3o r\u00e1pidos e eficientes precisamos ser\u201d, destaca Andr\u00e9 Armaganijan, CEO da Marcopolo.<\/p>\n\n\n\n<p>Na categoria Lan\u00e7amento \u00d4nibus, a Marcopolo foi escolhida pelo desenvolvimento e produ\u00e7\u00e3o do Attivi Integral, o seu primeiro \u00f4nibus 100% el\u00e9trico. O modelo est\u00e1 em demonstra\u00e7\u00e3o em diferentes cidades brasileiras e ter\u00e1 130 unidades fabricadas at\u00e9 o final deste ano.<\/p>\n\n\n\n<p>Na categoria Cadeia Automotiva Ampliada, a companhia se destacou pela sua estrat\u00e9gia de adotar dois modelos diferentes de neg\u00f3cio: desenvolver aqui no Brasil, com sua engenharia pr\u00f3pria, o seu primeiro ve\u00edculo el\u00e9trico completo e, ao mesmo tempo, continuar a desenvolver e montar carrocerias de \u00f4nibus el\u00e9tricos sobre chassis de parceiros.<\/p>\n\n\n\n<p>A premia\u00e7\u00e3o Melhores do Setor Automotivo \u00e9 promovida pela AutoData Editora e faz parte do Pr\u00eamio AutoData 2023, tradicional e importante reconhecimento empresarial do setor automotivo brasileiro que chega \u00e0 sua 24\u00aa edi\u00e7\u00e3o. Na elei\u00e7\u00e3o deste ano foram eleitas 64 finalistas em 16 diferentes categorias.<\/p>\n","protected":false},"excerpt":{"rendered":"<p>Fabricante \u00e9 indicada nas categorias Cadeia Automotiva Ampliada e Lan\u00e7amento \u00d4nibus A Marcopolo est\u00e1 entre o Melhores do Setor Automotivo do Pr\u00eamio AutoData 2023. A fabricante se destacou em duas categorias: Cadeia Automotiva Ampliada e Lan\u00e7amento \u00d4nibus, respectivamente, pelas a\u00e7\u00f5es de inova\u00e7\u00e3o, sustentabilidade e atua\u00e7\u00e3o internacional, e pelo desenvolvimento e produ\u00e7\u00e3o do Attivi Integral, \u00f4nibus [&hellip;]<\/p>\n","protected":false},"author":1,"featured_media":2580,"comment_status":"open","ping_status":"closed","sticky":false,"template":"","format":"standard","meta":{"footnotes":""},"categories":[188,215],"tags":[766,336,368,351,918],"class_list":["post-2579","post","type-post","status-publish","format-standard","has-post-thumbnail","hentry","category-marcopolo","category-mercado-rs","tag-attivi","tag-eletrico","tag-marcopolo","tag-onibus","tag-premio-autodata-2023"],"amp_enabled":true,"_links":{"self":[{"href":"https:\/\/autosgiros.com.br\/index.php\/wp-json\/wp\/v2\/posts\/2579","targetHints":{"allow":["GET"]}}],"collection":[{"href":"https:\/\/autosgiros.com.br\/index.php\/wp-json\/wp\/v2\/posts"}],"about":[{"href":"https:\/\/autosgiros.com.br\/index.php\/wp-json\/wp\/v2\/types\/post"}],"author":[{"embeddable":true,"href":"https:\/\/autosgiros.com.br\/index.php\/wp-json\/wp\/v2\/users\/1"}],"replies":[{"embeddable":true,"href":"https:\/\/autosgiros.com.br\/index.php\/wp-json\/wp\/v2\/comments?post=2579"}],"version-history":[{"count":2,"href":"https:\/\/autosgiros.com.br\/index.php\/wp-json\/wp\/v2\/posts\/2579\/revisions"}],"predecessor-version":[{"id":2603,"href":"https:\/\/autosgiros.com.br\/index.php\/wp-json\/wp\/v2\/posts\/2579\/revisions\/2603"}],"wp:featuredmedia":[{"embeddable":true,"href":"https:\/\/autosgiros.com.br\/index.php\/wp-json\/wp\/v2\/media\/2580"}],"wp:attachment":[{"href":"https:\/\/autosgiros.com.br\/index.php\/wp-json\/wp\/v2\/media?parent=2579"}],"wp:term":[{"taxonomy":"category","embeddable":true,"href":"https:\/\/autosgiros.com.br\/index.php\/wp-json\/wp\/v2\/categories?post=2579"},{"taxonomy":"post_tag","embeddable":true,"href":"https:\/\/autosgiros.com.br\/index.php\/wp-json\/wp\/v2\/tags?post=2579"}],"curies":[{"name":"wp","href":"https:\/\/api.w.org\/{rel}","templated":true}]}}