{"id":2457,"date":"2023-09-26T17:00:00","date_gmt":"2023-09-26T20:00:00","guid":{"rendered":"https:\/\/autosgiros.com.br\/?p=2457"},"modified":"2023-10-20T19:58:12","modified_gmt":"2023-10-20T22:58:12","slug":"coluna-autos-giros-audi-debate-sustentabilidade-e-o-futuro-da-mobilidade-eletrica","status":"publish","type":"post","link":"https:\/\/autosgiros.com.br\/index.php\/2023\/09\/26\/coluna-autos-giros-audi-debate-sustentabilidade-e-o-futuro-da-mobilidade-eletrica\/","title":{"rendered":"Coluna Autos Giros 07 &#8211; Audi debate sustentabilidade e o futuro da mobilidade el\u00e9trica"},"content":{"rendered":"\n<p>A Audi est\u00e1 presente na CasaCor 2023, em Porto Alegre, com um modelo e-tron Sportback \u201cestacionado\u201d na Cabana N\u00f4ma, do arquiteto ga\u00facho Saimon Dell Alba. Durante o evento, a marca falou sobre a sua rela\u00e7\u00e3o com a sustentabilidade e anunciar algumas novidades.<\/p>\n\n\n\n<p>No encontro, foram confirmados alguns dos pr\u00f3ximos passos da marca alem\u00e3 no caminho da eletrifica\u00e7\u00e3o. Em primeiro lugar foi anunciado um investimento de R$ 37 milh\u00f5es para o desenvolvimento de um \u201ccorredor el\u00e9trico\u201d com esta\u00e7\u00f5es de recarga entre S\u00e3o Paulo e Punta del Este, no Uruguai, passando por Porto Alegre.<\/p>\n\n\n\n<p>Al\u00e9m disso, a montadora tamb\u00e9m anunciou o lan\u00e7amento global de 25 novos modelos el\u00e9tricos at\u00e9 2025, alguns dos quais devem chegar ao mercado brasileiro tamb\u00e9m nos pr\u00f3ximos anos.<\/p>\n\n\n\n<p>Em entrevista exclusiva ao Autos Giros, o novo CEO Audi Center Porto Alegre, Roberto Carvalho, destacou a nova loja da marca na capital ga\u00facha. \u201cA nova loja de Porto Alegre abriu recentemente e ser\u00e1 inaugurada oficialmente em outubro. N\u00f3s, do Grupo Sojitz, temos realmente muito orgulho de sermos os representantes exclusivos da Audi no Rio Grande do Sul.\u201d<\/p>\n\n\n\n<p><em><a rel=\"noreferrer noopener\" href=\"https:\/\/autosgiros.com.br\/index.php\/2023\/09\/18\/audi-debate-sustentabilidade-e-o-futuro-da-mobilidade-eletrica-na-casacor-2023\/\" target=\"_blank\">Leia mais&#8230;<\/a><\/em><\/p>\n\n\n\n<p><strong>Marcopolo promove demonstra\u00e7\u00e3o do Attivi Integral<\/strong><\/p>\n\n\n\n<figure class=\"wp-block-image size-large\"><img loading=\"lazy\" decoding=\"async\" width=\"1024\" height=\"576\" src=\"https:\/\/autosgiros.com.br\/wp-content\/uploads\/2023\/09\/Marcopolo-Attivi-Ponta-Grossa-1-1024x576.jpg\" alt=\"\" class=\"wp-image-2459\" srcset=\"https:\/\/autosgiros.com.br\/wp-content\/uploads\/2023\/09\/Marcopolo-Attivi-Ponta-Grossa-1-1024x576.jpg 1024w, https:\/\/autosgiros.com.br\/wp-content\/uploads\/2023\/09\/Marcopolo-Attivi-Ponta-Grossa-1-300x169.jpg 300w, https:\/\/autosgiros.com.br\/wp-content\/uploads\/2023\/09\/Marcopolo-Attivi-Ponta-Grossa-1-768x432.jpg 768w, https:\/\/autosgiros.com.br\/wp-content\/uploads\/2023\/09\/Marcopolo-Attivi-Ponta-Grossa-1.jpg 1200w\" sizes=\"auto, (max-width: 1024px) 100vw, 1024px\" \/><figcaption class=\"wp-element-caption\">Fotos: Divulga\u00e7\u00e3o<\/figcaption><\/figure>\n\n\n\n<p>Dando sequ\u00eancia ao seu cronograma de demonstra\u00e7\u00f5es em diferentes cidades brasileiras, a Marcopolo iniciou na cidade de Ponta Grossa (PR) opera\u00e7\u00f5es com o \u00f4nibus 100% el\u00e9trico Attivi Integral, com chassi e carroceria desenvolvidos pela marca.<\/p>\n\n\n\n<p>O modelo Attivi Integral, que pode ter at\u00e9 13.000 mm de comprimento total, possui chassi Low Entry, equipado com motor el\u00e9trico de pot\u00eancia m\u00e1xima de 350 kW e torque de 3.300 Nm, eixos dianteiro e traseiro ZF, suspens\u00e3o a ar, sistema de freios Knorr e baterias CATL com capacidade de 396 kWh e autonomia entre 250 e 280 km.<\/p>\n\n\n\n<p>Para os passageiros, o ve\u00edculo conta com carregadores USB, sistemas de ar-condicionado incorporado ao sistema de refrigera\u00e7\u00e3o das baterias e sistema de c\u00e2mera de r\u00e9 com sirene e monitor no painel do motorista, al\u00e9m de c\u00e2mera interna de seguran\u00e7a com grava\u00e7\u00e3o.<\/p>\n\n\n\n<p><em><a rel=\"noreferrer noopener\" href=\"https:\/\/autosgiros.com.br\/index.php\/2023\/09\/20\/marcopolo-promove-demonstracao-do-attivi-integral-em-ponta-grossa-pr\/\" target=\"_blank\">Leia mais&#8230;<\/a><\/em><\/p>\n\n\n\n<p><strong>Honda CB 1000R ganha novas cores na linha 2024<\/strong><\/p>\n\n\n\n<figure class=\"wp-block-image size-large\"><img loading=\"lazy\" decoding=\"async\" width=\"1024\" height=\"576\" src=\"https:\/\/autosgiros.com.br\/wp-content\/uploads\/2023\/09\/Honda-CB-1000R-e-CB-1000R-Black-Edition-2024-1-1024x576.jpg\" alt=\"\" class=\"wp-image-2460\" srcset=\"https:\/\/autosgiros.com.br\/wp-content\/uploads\/2023\/09\/Honda-CB-1000R-e-CB-1000R-Black-Edition-2024-1-1024x576.jpg 1024w, https:\/\/autosgiros.com.br\/wp-content\/uploads\/2023\/09\/Honda-CB-1000R-e-CB-1000R-Black-Edition-2024-1-300x169.jpg 300w, https:\/\/autosgiros.com.br\/wp-content\/uploads\/2023\/09\/Honda-CB-1000R-e-CB-1000R-Black-Edition-2024-1-768x432.jpg 768w, https:\/\/autosgiros.com.br\/wp-content\/uploads\/2023\/09\/Honda-CB-1000R-e-CB-1000R-Black-Edition-2024-1.jpg 1200w\" sizes=\"auto, (max-width: 1024px) 100vw, 1024px\" \/><\/figure>\n\n\n\n<p><\/p>\n\n\n\n<p>A CB 1000R surgiu em 2019 introduzindo o conceito Neo Sport Caf\u00e9, que juntou um design minimalista a um desempenho especial com seu motor de 142,8 cv e 10,2 kgfm de torque. Para 2024, o modelo continuar\u00e1 sendo comercializado em duas vers\u00f5es, a CB 1000R nas cores Vermelho Met\u00e1lico e in\u00e9dita Preto Fosco.<\/p>\n\n\n\n<p>E a vers\u00e3o CB 1000R Black Edition, que chega na vers\u00e3o exclusiva e in\u00e9dita cor Azul Fosco. Tecnicamente, a Black Edition se diferencia por trazer o sistema quickshifter, que permite mudan\u00e7as de marchas mais r\u00e1pidas sem necessidade do acionamento da alavanca de embreagem.<\/p>\n\n\n\n<p>No visual, a vers\u00e3o Black Edition traz um uso extenso do preto nas rodas, balan\u00e7a de suspens\u00e3o, tubos internos da suspens\u00e3o dianteira, todo o sistema de escape, apoio do guid\u00e3o, farol, molduras do radiador, tampas laterais e subchassi.<\/p>\n\n\n\n<p><em><a rel=\"noreferrer noopener\" href=\"https:\/\/autosgiros.com.br\/index.php\/2023\/09\/18\/honda-cb-1000r-2024-novas-cores-para-as-versoes-cb-1000r-e-cb-1000r-black-edition\/\" target=\"_blank\">Leia mais&#8230;<\/a><\/em><\/p>\n\n\n\n<p><strong>Campanha de arrecada\u00e7\u00e3o<\/strong><\/p>\n\n\n\n<p>A Fiat est\u00e1 se juntando aos esfor\u00e7os de ajuda humanit\u00e1ria no Rio Grande do Sul, ap\u00f3s a passagem de um ciclone extratropical que atingiu a regi\u00e3o. Com o programa Fiat Comunit\u00e0, a marca promove a campanha \u201cA Paix\u00e3o \u00e9 Solid\u00e1ria\u201d, que incentiva as pessoas a doarem alimentos e produtos de higiene pessoal e limpeza, que ser\u00e3o destinadas \u00e0s v\u00edtimas do maior desastre natural dos \u00faltimos 40 anos no estado. <em>(<a href=\"https:\/\/autosgiros.com.br\/index.php\/2023\/09\/18\/fiat-realiza-campanha-de-arrecadacao-para-ajudar-vitimas-do-ciclone-que-atingiu-o-rio-grande-do-sul\/\" data-type=\"post\" data-id=\"2297\" target=\"_blank\" rel=\"noreferrer noopener\">Leia mais&#8230;<\/a>)<\/em><\/p>\n\n\n\n<p><strong>Nigel Mansell<\/strong><\/p>\n\n\n\n<p>O ex-campe\u00e3o mundial de F\u00f3rmula 1, Nigel Mansell, vai leiloar grande parte de seu acervo. A maior parte das fotos, trof\u00e9us e dos cerca de 300 itens remetem ao automobilismo, mas h\u00e1 28 capacetes e duas motos ic\u00f4nicas. Uma delas \u00e9 a pequena Honda ST70, com a qual o ingl\u00eas desfilava nos paddocks durante as d\u00e9cadas de 1980 e 1990. A motinho serviu at\u00e9 para dar o ingl\u00eas carona ao franc\u00eas Alain Prost em 1990. (Por Renato Gava). <em>(<a href=\"https:\/\/autosgiros.com.br\/index.php\/2023\/09\/19\/para-os-nostalgicos-e-endinheirados\/\" data-type=\"post\" data-id=\"2317\" target=\"_blank\" rel=\"noreferrer noopener\">Leia mais&#8230;<\/a>)<\/em><\/p>\n\n\n\n<p><strong>Melhores pr\u00e1ticas<\/strong><\/p>\n\n\n\n<p>O Governo Federal, por meio da Secretaria Nacional do Tr\u00e2nsito (Senatran) do Minist\u00e9rio dos Transportes, vai premiar os munic\u00edpios brasileiros que cumprirem as metas de redu\u00e7\u00e3o de sinistros previstas no Plano Nacional de Redu\u00e7\u00e3o de Mortes e Les\u00f5es no Tr\u00e2nsito (Pnatrans). At\u00e9 2030, a inten\u00e7\u00e3o \u00e9 reduzir em 50% o n\u00famero de feridos e mortos nas vias de todo o pa\u00eds. <em>(<a href=\"https:\/\/autosgiros.com.br\/index.php\/2023\/09\/18\/governo-federal-vai-premiar-municipios-com-melhores-praticas-e-resultados-em-transito\/\" data-type=\"post\" data-id=\"2427\" target=\"_blank\" rel=\"noreferrer noopener\">Leia mais&#8230;<\/a>)<\/em><\/p>\n\n\n\n<hr class=\"wp-block-separator has-alpha-channel-opacity\"\/>\n\n\n\n<p><\/p>\n\n\n\n<p><em><strong><em><strong>Esta coluna foi publicada nos&nbsp;<em><strong>jornais<\/strong><\/em><\/strong><\/em>&nbsp;<em><strong><em><strong>A Not\u00edcia, de Cachoeira do Sul (RS)<\/strong><\/em>, Cidade, de Uruguaiana (RS) e Folha do Sul, de Bag\u00e9 (RS).<\/strong><\/em><\/strong><\/em><\/p>\n\n\n\n<div data-wp-interactive=\"core\/file\" class=\"wp-block-file\"><object data-wp-bind--hidden=\"!state.hasPdfPreview\" hidden class=\"wp-block-file__embed\" data=\"https:\/\/autosgiros.com.br\/wp-content\/uploads\/2023\/09\/Coluna-07-25-de-setembro-de-2023.pdf\" type=\"application\/pdf\" style=\"width:100%;height:600px\" aria-label=\"Incorporado de Coluna-07-25-de-setembro-de-2023.\"><\/object><a id=\"wp-block-file--media-4c3717c7-9162-456d-bb78-8fa3b139398c\" href=\"https:\/\/autosgiros.com.br\/wp-content\/uploads\/2023\/09\/Coluna-07-25-de-setembro-de-2023.pdf\">Coluna-07-25-de-setembro-de-2023<\/a><a href=\"https:\/\/autosgiros.com.br\/wp-content\/uploads\/2023\/09\/Coluna-07-25-de-setembro-de-2023.pdf\" class=\"wp-block-file__button wp-element-button\" download aria-describedby=\"wp-block-file--media-4c3717c7-9162-456d-bb78-8fa3b139398c\">Baixar<\/a><\/div>\n","protected":false},"excerpt":{"rendered":"<p>A Audi est\u00e1 presente na CasaCor 2023, em Porto Alegre, com um modelo e-tron Sportback \u201cestacionado\u201d na Cabana N\u00f4ma, do arquiteto ga\u00facho Saimon Dell Alba. Durante o evento, a marca falou sobre a sua rela\u00e7\u00e3o com a sustentabilidade e anunciar algumas novidades. No encontro, foram confirmados alguns dos pr\u00f3ximos passos da marca alem\u00e3 no caminho [&hellip;]<\/p>\n","protected":false},"author":8,"featured_media":2458,"comment_status":"open","ping_status":"open","sticky":false,"template":"","format":"standard","meta":{"footnotes":""},"categories":[300],"tags":[723,766,236,373,841,222,809,240,368,843,323,630],"class_list":["post-2457","post","type-post","status-publish","format-standard","has-post-thumbnail","hentry","category-coluna-ag","tag-arrecadacao","tag-attivi","tag-audi","tag-casacor","tag-cbr-1000r","tag-fiat","tag-governo-federal","tag-honda","tag-marcopolo","tag-melhores-praticas","tag-moto","tag-rio-grande-do-sul"],"amp_enabled":true,"_links":{"self":[{"href":"https:\/\/autosgiros.com.br\/index.php\/wp-json\/wp\/v2\/posts\/2457","targetHints":{"allow":["GET"]}}],"collection":[{"href":"https:\/\/autosgiros.com.br\/index.php\/wp-json\/wp\/v2\/posts"}],"about":[{"href":"https:\/\/autosgiros.com.br\/index.php\/wp-json\/wp\/v2\/types\/post"}],"author":[{"embeddable":true,"href":"https:\/\/autosgiros.com.br\/index.php\/wp-json\/wp\/v2\/users\/8"}],"replies":[{"embeddable":true,"href":"https:\/\/autosgiros.com.br\/index.php\/wp-json\/wp\/v2\/comments?post=2457"}],"version-history":[{"count":5,"href":"https:\/\/autosgiros.com.br\/index.php\/wp-json\/wp\/v2\/posts\/2457\/revisions"}],"predecessor-version":[{"id":2813,"href":"https:\/\/autosgiros.com.br\/index.php\/wp-json\/wp\/v2\/posts\/2457\/revisions\/2813"}],"wp:featuredmedia":[{"embeddable":true,"href":"https:\/\/autosgiros.com.br\/index.php\/wp-json\/wp\/v2\/media\/2458"}],"wp:attachment":[{"href":"https:\/\/autosgiros.com.br\/index.php\/wp-json\/wp\/v2\/media?parent=2457"}],"wp:term":[{"taxonomy":"category","embeddable":true,"href":"https:\/\/autosgiros.com.br\/index.php\/wp-json\/wp\/v2\/categories?post=2457"},{"taxonomy":"post_tag","embeddable":true,"href":"https:\/\/autosgiros.com.br\/index.php\/wp-json\/wp\/v2\/tags?post=2457"}],"curies":[{"name":"wp","href":"https:\/\/api.w.org\/{rel}","templated":true}]}}