{"id":2433,"date":"2023-09-22T09:20:18","date_gmt":"2023-09-22T12:20:18","guid":{"rendered":"https:\/\/autosgiros.com.br\/?p=2433"},"modified":"2023-10-09T14:42:03","modified_gmt":"2023-10-09T17:42:03","slug":"gwm-apresenta-sistema-de-celula-de-hidrogenio-durante-salao-da-mobilidade-eletrica","status":"publish","type":"post","link":"https:\/\/autosgiros.com.br\/index.php\/2023\/09\/22\/gwm-apresenta-sistema-de-celula-de-hidrogenio-durante-salao-da-mobilidade-eletrica\/","title":{"rendered":"GWM apresenta sistema de c\u00e9lula de hidrog\u00eanio durante Sal\u00e3o da Mobilidade El\u00e9trica"},"content":{"rendered":"\n<p><em>Al\u00e9m da novidade, a empresa tamb\u00e9m ir\u00e1 oferecer test-drive do SUV Haval H6 e exposi\u00e7\u00e3o do hatch 100% el\u00e9trico Ora 03<\/em><\/p>\n\n\n\n<p>A GWM confirmou sua participa\u00e7\u00e3o no VE \u2013 Ve\u00edculo El\u00e9trico Latino- Americano, o \u201cSal\u00e3o da Mobilidade El\u00e9trica e Cidades Inteligentes\u201d, que vai acontecer de 5 a 7 de outubro, no Pavilh\u00e3o Amarelo do Expo Center Norte, em S\u00e3o Paulo.<\/p>\n\n\n\n<p>A principal novidade da Autotech brasileira ser\u00e1 a apresenta\u00e7\u00e3o do seu sistema de c\u00e9lula de hidrog\u00eanio para ve\u00edculos comerciais. A empresa \u00e9 uma das mais adiantadas no desenvolvimento desta tecnologia no mundo. \u201cEsse \u00e9 apenas um dos estudos que estamos desenvolvendo no Brasil\u201d, destacou Oswaldo Ramos, CCO (Chief Commercial Officer) da GWM.<\/p>\n\n\n\n<p>A montadora tamb\u00e9m disponibilizar\u00e1 para o p\u00fablico test-drive do Haval H6 \u2013 que vem liderando o mercado de eletrificados desde que chegou ao Pa\u00eds -, al\u00e9m de expor no seu estande o modelo 100% el\u00e9trico Ora 03, que estar\u00e1 nas concession\u00e1rias da marca a partir de outubro.<\/p>\n\n\n\n<p>A proposta do evento \u00e9 trazer as novidades nos segmentos de ve\u00edculos el\u00e9tricos pesados, leves e lev\u00edssimos, al\u00e9m de apresentar importantes avan\u00e7os em baterias, componentes, infraestrutura e servi\u00e7o.<\/p>\n\n\n\n<p>Segundo Ricardo Guggisberg, presidente do Instituto Brasileiro de Mobilidade Sustent\u00e1vel e organizador do evento, \u201cesse \u00e9 o principal palco para apresenta\u00e7\u00e3o de tend\u00eancias nos segmentos de ve\u00edculos el\u00e9tricos, leves e pesados, e uma excelente oportunidade de neg\u00f3cios para empresas, profissionais e entusiastas da mobilidade el\u00e9trica\u201d.<\/p>\n\n\n\n<p>\u201cQuem est\u00e1 investindo em desenvolvimento nesta \u00e1rea no Brasil n\u00e3o pode ficar de fora desse evento. \u00c9 &nbsp;o caso da GWM\u201d, completa Ramos.&nbsp;<\/p>\n\n\n\n<p>Paralelamente ao VE Latino-Americano de 2023, tamb\u00e9m no Pavilh\u00e3o Amarelo do Expo Center Norte, acontece o C-MOVE &#8211; Congresso da Mobilidade e Ve\u00edculos El\u00e9tricos, nos dias 5 e 6 de outubro. O congresso ter\u00e1 a participa\u00e7\u00e3o de v\u00e1rias empresas e entidades do setor para discutir novas tecnologias, solu\u00e7\u00f5es e oportunidades ligadas \u00e0 eletromobilidade e pol\u00edticas p\u00fablicas adotadas no Brasil e no mundo.&nbsp;<\/p>\n","protected":false},"excerpt":{"rendered":"<p>Al\u00e9m da novidade, a empresa tamb\u00e9m ir\u00e1 oferecer test-drive do SUV Haval H6 e exposi\u00e7\u00e3o do hatch 100% el\u00e9trico Ora 03 A GWM confirmou sua participa\u00e7\u00e3o no VE \u2013 Ve\u00edculo El\u00e9trico Latino- Americano, o \u201cSal\u00e3o da Mobilidade El\u00e9trica e Cidades Inteligentes\u201d, que vai acontecer de 5 a 7 de outubro, no Pavilh\u00e3o Amarelo do Expo [&hellip;]<\/p>\n","protected":false},"author":1,"featured_media":2434,"comment_status":"open","ping_status":"open","sticky":false,"template":"","format":"standard","meta":{"footnotes":""},"categories":[6],"tags":[817,816,221,814,815],"class_list":["post-2433","post","type-post","status-publish","format-standard","has-post-thumbnail","hentry","category-auto-e","tag-celula-de-hidrogenio","tag-eletromobilidade","tag-gwm","tag-havai-h6","tag-ora"],"amp_enabled":true,"_links":{"self":[{"href":"https:\/\/autosgiros.com.br\/index.php\/wp-json\/wp\/v2\/posts\/2433","targetHints":{"allow":["GET"]}}],"collection":[{"href":"https:\/\/autosgiros.com.br\/index.php\/wp-json\/wp\/v2\/posts"}],"about":[{"href":"https:\/\/autosgiros.com.br\/index.php\/wp-json\/wp\/v2\/types\/post"}],"author":[{"embeddable":true,"href":"https:\/\/autosgiros.com.br\/index.php\/wp-json\/wp\/v2\/users\/1"}],"replies":[{"embeddable":true,"href":"https:\/\/autosgiros.com.br\/index.php\/wp-json\/wp\/v2\/comments?post=2433"}],"version-history":[{"count":1,"href":"https:\/\/autosgiros.com.br\/index.php\/wp-json\/wp\/v2\/posts\/2433\/revisions"}],"predecessor-version":[{"id":2435,"href":"https:\/\/autosgiros.com.br\/index.php\/wp-json\/wp\/v2\/posts\/2433\/revisions\/2435"}],"wp:featuredmedia":[{"embeddable":true,"href":"https:\/\/autosgiros.com.br\/index.php\/wp-json\/wp\/v2\/media\/2434"}],"wp:attachment":[{"href":"https:\/\/autosgiros.com.br\/index.php\/wp-json\/wp\/v2\/media?parent=2433"}],"wp:term":[{"taxonomy":"category","embeddable":true,"href":"https:\/\/autosgiros.com.br\/index.php\/wp-json\/wp\/v2\/categories?post=2433"},{"taxonomy":"post_tag","embeddable":true,"href":"https:\/\/autosgiros.com.br\/index.php\/wp-json\/wp\/v2\/tags?post=2433"}],"curies":[{"name":"wp","href":"https:\/\/api.w.org\/{rel}","templated":true}]}}