{"id":2427,"date":"2023-09-18T09:06:00","date_gmt":"2023-09-18T12:06:00","guid":{"rendered":"https:\/\/autosgiros.com.br\/?p=2427"},"modified":"2023-09-22T09:11:20","modified_gmt":"2023-09-22T12:11:20","slug":"governo-federal-vai-premiar-municipios-com-melhores-praticas-e-resultados-em-transito","status":"publish","type":"post","link":"https:\/\/autosgiros.com.br\/index.php\/2023\/09\/18\/governo-federal-vai-premiar-municipios-com-melhores-praticas-e-resultados-em-transito\/","title":{"rendered":"Governo Federal vai premiar munic\u00edpios com melhores pr\u00e1ticas e resultados em tr\u00e2nsito"},"content":{"rendered":"\n<p><em>Ideia \u00e9 cobrar dos munic\u00edpios, mas tamb\u00e9m premiar aqueles que atingirem as metas<\/em><\/p>\n\n\n\n<p>O Governo Federal, por meio da Secretaria Nacional do Tr\u00e2nsito (Senatran) do Minist\u00e9rio dos Transportes, vai premiar os munic\u00edpios brasileiros que cumprirem as metas de redu\u00e7\u00e3o de sinistros previstas no Plano Nacional de Redu\u00e7\u00e3o de Mortes e Les\u00f5es no Tr\u00e2nsito (Pnatrans). At\u00e9 2030, a inten\u00e7\u00e3o \u00e9 reduzir em 50% o n\u00famero de feridos e mortos nas vias do pa\u00eds. O an\u00fancio ocorreu nesta segunda-feira (18), durante a abertura da Semana Nacional do Tr\u00e2nsito, que vai at\u00e9 25 de setembro.<\/p>\n\n\n\n<p>\u201cVamos cobrar dos munic\u00edpios, mas tamb\u00e9m vamos premiar aqueles que atingirem as metas\u201d, afirmou o secret\u00e1rio nacional de Tr\u00e2nsito, Adrualdo Cat\u00e3o. De forma in\u00e9dita, a Senatran vai cobrar as metas dos munic\u00edpios, dar transpar\u00eancia aos n\u00fameros regionais e premiar as boas iniciativas. O andamento das a\u00e7\u00f5es ser\u00e1 acompanhado por meio do programa Monitora Pnatrans, lan\u00e7ado em julho passado para monitorar os resultados obtidos pelo Governo Federal e verificar a conformidade das obriga\u00e7\u00f5es assumidas pelos \u00f3rg\u00e3os locais.<br><br>Segundo levantamento da Senatran, quase 80% das mortes registradas no tr\u00e2nsito em todo o Brasil est\u00e3o concentradas em cerca de 20% dos munic\u00edpios brasileiros \u2013 s\u00e3o quase 1,2 mil cidades em sua maioria com mais de 30 mil habitantes. No aux\u00edlio aos \u00f3rg\u00e3os locais de tr\u00e2nsito, a secretaria vai tamb\u00e9m atuar como consultora de projetos, apresentando as melhores pr\u00e1ticas no setor.<\/p>\n\n\n\n<p><strong>Consulta<\/strong><\/p>\n\n\n\n<p>Ao mesmo tempo, o Governo Federal pretende colocar em consulta p\u00fablica, at\u00e9 o fim do ano, uma nova vers\u00e3o do Pnatrans, com foco na maior participa\u00e7\u00e3o dos munic\u00edpios na elabora\u00e7\u00e3o de diretrizes; amplia\u00e7\u00e3o da transpar\u00eancia e do acesso aos dados nacionais, bem como na defini\u00e7\u00e3o de metas locais no universo das localidades que concentram o maior n\u00famero de ocorr\u00eancias.<\/p>\n\n\n\n<p>As cidades m\u00e9dias, sobretudo aquelas consideradas centro regionais, estar\u00e3o no foco de atua\u00e7\u00e3o da Senatran, al\u00e9m dos munic\u00edpios nos quais a situa\u00e7\u00e3o socioecon\u00f4mica estimula o uso de motocicletas. \u201cA seguran\u00e7a vi\u00e1ria precisa dessa nova vis\u00e3o, de estar presente desde o momento em que se desenha a via at\u00e9 o momento que fiscaliza, passando pela educa\u00e7\u00e3o no tr\u00e2nsito\u201d, ressaltou o secret\u00e1rio.<\/p>\n\n\n\n<p>Tamb\u00e9m participaram da abertura da Semana Nacional do Tr\u00e2nsito, representantes dos principais \u00f3rg\u00e3os, institui\u00e7\u00f5es e associa\u00e7\u00f5es ligados ao tr\u00e2nsito \u2013 como DNIT, Ag\u00eancia Nacional de Transportes Terrestres (ANTT), Pol\u00edcia Rodovi\u00e1ria Federal (PRF) e Departamento de Estradas de Rodagem (DER) \u2013, de secretarias estaduais e municipais de tr\u00e2nsito.<\/p>\n\n\n\n<p><strong>Mobiliza\u00e7\u00e3o nacional<\/strong><\/p>\n\n\n\n<p>Entre as novidades dessa edi\u00e7\u00e3o, est\u00e1 a escolha do tema da campanha de 2024, que pela primeira vez foi decidida por meio de vota\u00e7\u00e3o popular \u2013 \u201cPaz no tr\u00e2nsito come\u00e7a por voc\u00ea\u201d \u2013, e um painel com mais de 850 atividades programadas por \u00f3rg\u00e3os e entidades de tr\u00e2nsito distribu\u00eddas pelas 27 unidades da Federa\u00e7\u00e3o. O objetivo \u00e9 intensificar as a\u00e7\u00f5es de conscientiza\u00e7\u00e3o, educa\u00e7\u00e3o e fiscaliza\u00e7\u00e3o junto a condutores, passageiros, motociclistas e pedestres de todo pa\u00eds.<\/p>\n\n\n\n<p>&#8220;O tr\u00e2nsito somos n\u00f3s. Somos pedestres, ciclistas, motoristas. N\u00f3s sa\u00edmos de casa e n\u00f3s j\u00e1 estamos no tr\u00e2nsito. Sa\u00edmos do nosso trabalho e j\u00e1 estamos no tr\u00e2nsito&#8221;, afirmou a diretora do Departamento de Seguran\u00e7a no Tr\u00e2nsito da Senatran, Maria Alice Nascimento, ao refor\u00e7ar a necessidade de integra\u00e7\u00e3o e responsabilidade compartilhada entre todos os integrantes do Sistema Nacional de Tr\u00e2nsito.<\/p>\n\n\n\n<p>No encerramento da Semana Nacional de Tr\u00e2nsito, em 25 de setembro, a Senatran divulgar\u00e1 um estudo in\u00e9dito da aplica\u00e7\u00e3o da Lei 11.705\/2008, a Lei Seca, nestes 15 anos. O estudo servir\u00e1 como base para aprimorar pol\u00edticas de educa\u00e7\u00e3o e fiscaliza\u00e7\u00e3o no tr\u00e2nsito de todo o pa\u00eds.<\/p>\n\n\n\n<p><strong>Saiba mais sobre a Semana Nacional de Tr\u00e2nsito<\/strong><\/p>\n\n\n\n<p>\u2022 Quando acontece a Semana Nacional de Tr\u00e2nsito?<br>Estabelecida em 1997 pelo artigo 326 do C\u00f3digo de Tr\u00e2nsito Brasileiro (CTB), a Semana Nacional de Tr\u00e2nsito ocorre anualmente entre os dias 18 e 25 de setembro. A inten\u00e7\u00e3o \u00e9 promover um tr\u00e2nsito mais seguro por meio da conscientiza\u00e7\u00e3o de condutores, motociclistas, ciclistas e pedestres.<\/p>\n\n\n\n<p>\u2022 Qual \u00e9 o tema da atual edi\u00e7\u00e3o da Semana Nacional de Tr\u00e2nsito?<br>\u201cNo tr\u00e2nsito, escolha a vida\u201d, enfatizando a import\u00e2ncia do comportamento respons\u00e1vel nas vias, seja na dire\u00e7\u00e3o de um carro, motocicleta, bicicleta ou mesmo a p\u00e9.<\/p>\n\n\n\n<p>\u2022 Que outra campanha ocorre em paralelo \u00e0 Semana Nacional de Tr\u00e2nsito?<br>O Governo Federal tamb\u00e9m promove, entre 18 e 25 de setembro, a Semana Nacional da Mobilidade, que visa celebrar o Dia Mundial Sem Carro (22 de setembro), de modo a promover uma reflex\u00e3o sobre os problemas que o uso excessivo de ve\u00edculos podem causar ao meio ambiente e ao bem-estar da sociedade.<\/p>\n\n\n\n<p>\u2022 De que forma os \u00f3rg\u00e3os e entidades de tr\u00e2nsito est\u00e3o envolvidos na campanha?<br>\u00d3rg\u00e3os e entidades de tr\u00e2nsito, como os Detrans, participam ativamente da campanha por integrarem o Sistema Nacional de Tr\u00e2nsito. S\u00e3o eles os respons\u00e1veis por diversas a\u00e7\u00f5es de conscientiza\u00e7\u00e3o, educa\u00e7\u00e3o e fiscaliza\u00e7\u00e3o espalhados por todo o pa\u00eds. Al\u00e9m da realiza\u00e7\u00e3o de blitz educativas, palestras e semin\u00e1rios, eles ajudam na divulga\u00e7\u00e3o da campanha e geram debates educativos de acordo com a necessidade de cada cidade, usando sempre a frase tem\u00e1tica escolhida para o ano em quest\u00e3o.<\/p>\n\n\n\n<p>\u2022 Onde os interessados podem conferir as atividades programadas para esse ano?<br>Todas as atividades previstas podem ser conferidas na p\u00e1gina especial da semana, no\u00a0<a rel=\"noreferrer noopener\" href=\"https:\/\/s2309.pr-envios.com\/link.php?code=bDpodHRwcyUzQSUyRiUyRnd3dy5nb3YuYnIlMkZ0cmFuc3BvcnRlcyUyRnB0LWJyJTJGYXNzdW50b3MlMkZ0cmFuc2l0byUyRnNlbmF0cmFuJTJGc2VtYW5hLW5hY2lvbmFsLWRlLXRyYW5zaXRvLTIwMjM6MTgwODMyMDkxODppbXByZW5zYUBhdXRvc2dpcm9zLmNvbS5icjplMjJhNzE6NTk=\" target=\"_blank\">site da Senatran<\/a>. \u00c9 l\u00e1 que os \u00f3rg\u00e3os e entidades de tr\u00e2nsito tem cadastrado as a\u00e7\u00f5es previstas em suas unidades \u2013 h\u00e1 atualiza\u00e7\u00f5es di\u00e1rias. At\u00e9 o momento, o painel conta com mais de 800 a\u00e7\u00f5es cadastradas por todo o pa\u00eds.<\/p>\n","protected":false},"excerpt":{"rendered":"<p>Ideia \u00e9 cobrar dos munic\u00edpios, mas tamb\u00e9m premiar aqueles que atingirem as metas O Governo Federal, por meio da Secretaria Nacional do Tr\u00e2nsito (Senatran) do Minist\u00e9rio dos Transportes, vai premiar os munic\u00edpios brasileiros que cumprirem as metas de redu\u00e7\u00e3o de sinistros previstas no Plano Nacional de Redu\u00e7\u00e3o de Mortes e Les\u00f5es no Tr\u00e2nsito (Pnatrans). At\u00e9 [&hellip;]<\/p>\n","protected":false},"author":1,"featured_media":2428,"comment_status":"open","ping_status":"open","sticky":false,"template":"","format":"standard","meta":{"footnotes":""},"categories":[1],"tags":[809,810,811,656,654],"class_list":["post-2427","post","type-post","status-publish","format-standard","has-post-thumbnail","hentry","category-auto","tag-governo-federal","tag-ministerio-dos-transportes","tag-municipios","tag-semana-nacional-do-transito","tag-senatran"],"amp_enabled":true,"_links":{"self":[{"href":"https:\/\/autosgiros.com.br\/index.php\/wp-json\/wp\/v2\/posts\/2427","targetHints":{"allow":["GET"]}}],"collection":[{"href":"https:\/\/autosgiros.com.br\/index.php\/wp-json\/wp\/v2\/posts"}],"about":[{"href":"https:\/\/autosgiros.com.br\/index.php\/wp-json\/wp\/v2\/types\/post"}],"author":[{"embeddable":true,"href":"https:\/\/autosgiros.com.br\/index.php\/wp-json\/wp\/v2\/users\/1"}],"replies":[{"embeddable":true,"href":"https:\/\/autosgiros.com.br\/index.php\/wp-json\/wp\/v2\/comments?post=2427"}],"version-history":[{"count":1,"href":"https:\/\/autosgiros.com.br\/index.php\/wp-json\/wp\/v2\/posts\/2427\/revisions"}],"predecessor-version":[{"id":2429,"href":"https:\/\/autosgiros.com.br\/index.php\/wp-json\/wp\/v2\/posts\/2427\/revisions\/2429"}],"wp:featuredmedia":[{"embeddable":true,"href":"https:\/\/autosgiros.com.br\/index.php\/wp-json\/wp\/v2\/media\/2428"}],"wp:attachment":[{"href":"https:\/\/autosgiros.com.br\/index.php\/wp-json\/wp\/v2\/media?parent=2427"}],"wp:term":[{"taxonomy":"category","embeddable":true,"href":"https:\/\/autosgiros.com.br\/index.php\/wp-json\/wp\/v2\/categories?post=2427"},{"taxonomy":"post_tag","embeddable":true,"href":"https:\/\/autosgiros.com.br\/index.php\/wp-json\/wp\/v2\/tags?post=2427"}],"curies":[{"name":"wp","href":"https:\/\/api.w.org\/{rel}","templated":true}]}}