{"id":2396,"date":"2023-09-22T07:38:31","date_gmt":"2023-09-22T10:38:31","guid":{"rendered":"https:\/\/autosgiros.com.br\/?p=2396"},"modified":"2023-10-09T14:33:48","modified_gmt":"2023-10-09T17:33:48","slug":"alvo-de-tiros-e-como-recompensa-o-registro-na-carteira","status":"publish","type":"post","link":"https:\/\/autosgiros.com.br\/index.php\/2023\/09\/22\/alvo-de-tiros-e-como-recompensa-o-registro-na-carteira\/","title":{"rendered":"Alvo de tiros e, como recompensa, o registro na carteira"},"content":{"rendered":"\n<p>Esta \u00e9 apenas uma das passagens da brilhante carreira de Claudio Larangeira, um dos mais destacados e premiados rep\u00f3rteres fotogr\u00e1ficos que cobrem a ind\u00fastria automobil\u00edstica brasileira.<\/p>\n\n\n\n<p>Isso e outras hist\u00f3rias me fazem refletir que at\u00e9 parece que existe uma lei que determina que, para fotografar carros, o acesso \u00e9 livre somente a profissionais dotados de elevado n\u00edvel de criatividade, bom gosto, oportunismo, arg\u00facia, coragem, muita exig\u00eancia com a qualidade e at\u00e9 sacrif\u00edcio para conseguir imagens que transmitam emo\u00e7\u00e3o e sejam a alma da informa\u00e7\u00e3o transmitida. Ou seja, um homem de tempera, fortaleza f\u00edsica e mental.<\/p>\n\n\n\n<p>O epis\u00f3dio dos tiros aconteceu em 1973, quando, ao realizar com o rep\u00f3rter Nehemias Vass\u00e3o uma viagem de pesquisa ao litoral santista \u00e0 procura do autom\u00f3vel Volkswagen Bras\u00edlia, que estava para ser lan\u00e7ado no mercado brasileiro, encontrou o ve\u00edculo recheado de diretores da Volkswagen que decidiram realizar uma avalia\u00e7\u00e3o do novo produto antes do lan\u00e7amento, ocorrido em junho daquele ano.<\/p>\n\n\n\n<p>Foi a oportunidade para fotografar o carro com uma lota\u00e7\u00e3o enriquecida pelo presidente da empresa, Rudolf Leiding, que figurava na lista das personalidades a serem sequestradas por uma organiza\u00e7\u00e3o terrorista. Para quem n\u00e3o era ainda nascido, entre os anos de 1970 e 1980, o sequestro era um crime que assombrava alguns dos principais executivos e empres\u00e1rios no Pa\u00eds, ainda mais representantes de multinacionais estrangeiras.<\/p>\n\n\n\n<p>Mas como a seguran\u00e7a da Volkswagen estava preparada para qualquer a\u00e7\u00e3o de prote\u00e7\u00e3o aos participantes, perseguiram o carro dos rep\u00f3rteres e ao alcan\u00e7\u00e1-lo dispararam tiros, perfurando a carroceria do ve\u00edculo, o que motivou a ida de todos \u00e0 delegacia de S\u00e3o Bernardo do Campo para o registro da ocorr\u00eancia.<\/p>\n\n\n\n<p>Depois de alguns dias, ao chegar \u00e0 revista Quatro Rodas e entrar no elevador surpreende-se com a presen\u00e7a de Victor Civita, principal propriet\u00e1rio do imp\u00e9rio Abril, segurando a guia do c\u00e3o que sempre o acompanhava e ainda mais ao ser perguntado se era o fot\u00f3grafo v\u00edtima dos tiros dos seguran\u00e7as da Volkswagen.<\/p>\n\n\n\n<figure class=\"wp-block-image size-full\"><img loading=\"lazy\" decoding=\"async\" width=\"800\" height=\"450\" src=\"https:\/\/autosgiros.com.br\/wp-content\/uploads\/2023\/09\/Imagem-04.jpg\" alt=\"\" class=\"wp-image-2397\" srcset=\"https:\/\/autosgiros.com.br\/wp-content\/uploads\/2023\/09\/Imagem-04.jpg 800w, https:\/\/autosgiros.com.br\/wp-content\/uploads\/2023\/09\/Imagem-04-300x169.jpg 300w, https:\/\/autosgiros.com.br\/wp-content\/uploads\/2023\/09\/Imagem-04-768x432.jpg 768w\" sizes=\"auto, (max-width: 800px) 100vw, 800px\" \/><figcaption class=\"wp-element-caption\">Foto: Arquivo Pessoal<\/figcaption><\/figure>\n\n\n\n<p>Ao saber que n\u00e3o era funcion\u00e1rio registrado, mas simplesmente free-lancer, recebeu o conselho que deveria pedir a seu chefe que providenciasse o seu registro. Larangeira, no seu respeito ao todo-poderoso da Editora Abril, aproveitou para pedir a ele fazer a sugest\u00e3o, que foi obedecida imediatamente.<\/p>\n\n\n\n<p>O mais surpreendente \u00e9 que, naquela \u00e9poca, como free-lancer Claudio Larangeira n\u00e3o tinha vida f\u00e1cil. Lembro que logo antes desse fato, ele acertou fotografar a corrida do Campeonato Mundial da F\u00f3rmula 1, realizada no final de janeiro, na Argentina, para a revista Quatro Rodas. Foi sua primeira viagem internacional de trabalho.<\/p>\n\n\n\n<p>Com a preocupa\u00e7\u00e3o natural de quem viaja sozinho a um pa\u00eds que visita pela primeira vez e sem saber se o dinheiro dispon\u00edvel cobriria toda a conta, al\u00e9m de uma viagem solit\u00e1ria, ao desembarcar no aeroporto de Ezeiza e sem ter planejado como iria at\u00e9 o centro de Buenos Aires, viu Oswaldinho Palermo, fot\u00f3grafo do jornal O Estado, que havia ido ao aeroporto para despachar filmes que havia operado nos treinos dos pilotos.<\/p>\n\n\n\n<p>Foi um grande al\u00edvio: correu atr\u00e1s do colega de trabalho e soube o hotel em que deveria se hospedar. Para sua surpresa, era no hotel Sheraton, o mais moderno da cidade, rec\u00e9m-inaugurado e que um amigo argentino conseguiu di\u00e1rias com pre\u00e7o de cortesia. \u201cuma sorte incr\u00edvel\u201d, comentou Larangeira.<\/p>\n\n\n\n<p>O Larangeira foi o fotografo brasileiro que mais vezes participou da cobertura do Camel Trophy, realizado na Amaz\u00f4nia, em 1984; Born\u00e9u, na Indon\u00e9sia, em 1985; Austr\u00e1lia, em 1986; Madagascar, em 1988 e, novamente na Amaz\u00f4nia, em 1989. Nas duas vezes que acompanhou o Camel Trophy na Amaz\u00f4nia, Laranjeira comprovou as virtudes que possui para desafios extremos, transformando-se em um dos homens dos infernos verdes.<\/p>\n\n\n\n<figure class=\"wp-block-image size-full\"><img loading=\"lazy\" decoding=\"async\" width=\"800\" height=\"450\" src=\"https:\/\/autosgiros.com.br\/wp-content\/uploads\/2023\/09\/Imagem-03.jpg\" alt=\"\" class=\"wp-image-2398\" srcset=\"https:\/\/autosgiros.com.br\/wp-content\/uploads\/2023\/09\/Imagem-03.jpg 800w, https:\/\/autosgiros.com.br\/wp-content\/uploads\/2023\/09\/Imagem-03-300x169.jpg 300w, https:\/\/autosgiros.com.br\/wp-content\/uploads\/2023\/09\/Imagem-03-768x432.jpg 768w\" sizes=\"auto, (max-width: 800px) 100vw, 800px\" \/><figcaption class=\"wp-element-caption\">Fotos: Revista Quatro Rodas<\/figcaption><\/figure>\n\n\n\n<p>O Camel Trophy foi uma caravana desafiadora, pr\u00f3pria para homens de coragem e que amam o sacrif\u00edcio, organizado pela marca de jipes brit\u00e2nica Land Rover que, atravessou a floresta amaz\u00f4nica, num evento off-road (fora de estrada) dos mais lend\u00e1rios. Essa caravana, criada para homens de verdade, era uma corajosa promo\u00e7\u00e3o da marca de cigarros Camel e apoio da Land Rover que aproveitou para demonstrar o n\u00edvel de resist\u00eancia de ve\u00edculos e de pessoas e testar os limites dos jipes e, principalmente, dos participantes.<\/p>\n\n\n\n<p>Diferente das viagens cheias de regalias e mordomias realizadas pelas fabricantes de ve\u00edculos, por exemplo, com agrad\u00e1veis e confort\u00e1veis entretenimentos promocionais, a participa\u00e7\u00e3o do Camel Trophy era um sacrificante desafio por exigir trabalho intenso, sem conforto e que obrigava os participantes a cuidarem de suas pr\u00f3prias alimenta\u00e7\u00e3o, bebidas e at\u00e9 montagem da barracas para repousarem por algumas horas antes de partir para mais um dia de sofrimento.<\/p>\n\n\n\n<p>Mas a hist\u00f3ria de Claudio Larangeira tem algo a mais que o ajudou a vencer os obst\u00e1culos pr\u00f3prios de uma profiss\u00e3o t\u00e3o exigente: o amor que o uniu a sua mulher Cleide, que entendeu a exigente atividade do marido, de enfrentar perigos naturais, seguidas viagens pelo mundo, enfrentando frio congelante, sol escaldante, alimentar-se quando poss\u00edvel e dormir, em qualquer espa\u00e7o onde pudesse acomodar seu corpo, muitas vezes exausto.<\/p>\n\n\n\n<p>Nas retribui\u00e7\u00f5es que dedicava a Cleide, como recompensa aos seus momentos de aus\u00eancia, Larangeira a levava em algumas viagens de trabalho ou de entretenimento. E, entre os anos de 1985 e 1986, surgiu a not\u00edcia de que o cometa Halley brilharia no c\u00e9u brasileiro o que incentivou o casal (naturalmente acompanhados pelos dois filhos) a fotograf\u00e1-lo para sempre lembrarem da ocorr\u00eancia do fen\u00f4meno.<\/p>\n\n\n\n<p>Fizeram uma pesquisa para identificar um local bem escuro, que pudesse real\u00e7ar a luz do cometa e optaram pela regi\u00e3o de Peru\u00edbe por ser considerado o munic\u00edpio mais indicado por ter um hist\u00f3rico de v\u00e1rias ocorr\u00eancias de aparecimento de ovnis (objetos n\u00e3o identificados), o que levou a Prefeitura local a adotar um programa de turismo ufol\u00f3gico.<\/p>\n\n\n\n<p>Apesar da imensa expectativa criada pela presen\u00e7a hist\u00f3rica do Halley o cometa foi uma decep\u00e7\u00e3o, assim como as fotografias produzidas por uma infinidade de profissionais e artistas. Mas Laranjeira e Cleide tiveram a ideia de registrar o fen\u00f4meno. Utilizando uma folha de cartolina, Laranjeira fez um orif\u00edcio e com a ajuda de uma luz produziram uma foto empolgante, melhor que as originais e tiveram a ideia de transform\u00e1-la em cart\u00e3o de Natal, muito apreciada por quem teve a sorte de o receber.<\/p>\n\n\n\n<p>O sucesso do cart\u00e3o do Halley, motivou Laranjeira e Cleide a presentearem os amigos com a transforma\u00e7\u00e3o da fotografia em cart\u00f5es de Natal e eu tive a sorte de ser um dos amigos premiados. Que saudade sinto das fotos de Laranjeira, principalmente da do cometa Halley que, de t\u00e3o bela e sugestiva, algu\u00e9m deve t\u00ea-la furtado. Me falta a foto do cometa, mas ainda guardo outras que me transmitem muita emo\u00e7\u00e3o.<\/p>\n\n\n\n<p>Cl\u00e1udio sempre foi e ainda \u00e9 apaixonado por fotografia e pelas publica\u00e7\u00f5es \u00e0s quais serviu com sua arte. Suas imagens, hist\u00f3ria e carreira est\u00e3o registradas nas revistas Quatro Rodas, AutoEsporte, Motor Show e Revista Carro, entre outras.<\/p>\n\n\n\n<hr class=\"wp-block-separator has-alpha-channel-opacity\"\/>\n\n\n\n<figure class=\"wp-block-embed is-type-video is-provider-youtube wp-block-embed-youtube wp-embed-aspect-16-9 wp-has-aspect-ratio\"><div class=\"wp-block-embed__wrapper\">\n<iframe loading=\"lazy\" title=\"Alvo de tiros e, como recompensa, o registro na carteira #secco #podcast #historias\" width=\"740\" height=\"416\" src=\"https:\/\/www.youtube.com\/embed\/_QaBNrJO-Ig?feature=oembed\" frameborder=\"0\" allow=\"accelerometer; autoplay; clipboard-write; encrypted-media; gyroscope; picture-in-picture; web-share\" allowfullscreen><\/iframe>\n<\/div><\/figure>\n","protected":false},"excerpt":{"rendered":"<p>Esta \u00e9 apenas uma das passagens da brilhante carreira de Claudio Larangeira, um dos mais destacados e premiados rep\u00f3rteres fotogr\u00e1ficos que cobrem a ind\u00fastria automobil\u00edstica brasileira. Isso e outras hist\u00f3rias me fazem refletir que at\u00e9 parece que existe uma lei que determina que, para fotografar carros, o acesso \u00e9 livre somente a profissionais dotados de [&hellip;]<\/p>\n","protected":false},"author":9,"featured_media":2399,"comment_status":"open","ping_status":"open","sticky":false,"template":"","format":"standard","meta":{"footnotes":""},"categories":[592],"tags":[792,798,794,795,797,796,799,265],"class_list":["post-2396","post","type-post","status-publish","format-standard","has-post-thumbnail","hentry","category-muito-alem-de-rodas-e-motores","tag-brasilia","tag-camel-trophy","tag-claudio-laranjeira","tag-fotografo","tag-muito-alem-de-rodas-e-motores","tag-quatro-rodas","tag-victor-civita","tag-volkswagen"],"amp_enabled":true,"_links":{"self":[{"href":"https:\/\/autosgiros.com.br\/index.php\/wp-json\/wp\/v2\/posts\/2396","targetHints":{"allow":["GET"]}}],"collection":[{"href":"https:\/\/autosgiros.com.br\/index.php\/wp-json\/wp\/v2\/posts"}],"about":[{"href":"https:\/\/autosgiros.com.br\/index.php\/wp-json\/wp\/v2\/types\/post"}],"author":[{"embeddable":true,"href":"https:\/\/autosgiros.com.br\/index.php\/wp-json\/wp\/v2\/users\/9"}],"replies":[{"embeddable":true,"href":"https:\/\/autosgiros.com.br\/index.php\/wp-json\/wp\/v2\/comments?post=2396"}],"version-history":[{"count":1,"href":"https:\/\/autosgiros.com.br\/index.php\/wp-json\/wp\/v2\/posts\/2396\/revisions"}],"predecessor-version":[{"id":2400,"href":"https:\/\/autosgiros.com.br\/index.php\/wp-json\/wp\/v2\/posts\/2396\/revisions\/2400"}],"wp:featuredmedia":[{"embeddable":true,"href":"https:\/\/autosgiros.com.br\/index.php\/wp-json\/wp\/v2\/media\/2399"}],"wp:attachment":[{"href":"https:\/\/autosgiros.com.br\/index.php\/wp-json\/wp\/v2\/media?parent=2396"}],"wp:term":[{"taxonomy":"category","embeddable":true,"href":"https:\/\/autosgiros.com.br\/index.php\/wp-json\/wp\/v2\/categories?post=2396"},{"taxonomy":"post_tag","embeddable":true,"href":"https:\/\/autosgiros.com.br\/index.php\/wp-json\/wp\/v2\/tags?post=2396"}],"curies":[{"name":"wp","href":"https:\/\/api.w.org\/{rel}","templated":true}]}}