{"id":2362,"date":"2023-09-20T16:25:42","date_gmt":"2023-09-20T19:25:42","guid":{"rendered":"https:\/\/autosgiros.com.br\/?p=2362"},"modified":"2023-10-09T14:33:42","modified_gmt":"2023-10-09T17:33:42","slug":"volvo-ex30-chega-a-mil-unidades-comercializadas-em-cinco-dias-de-pre-venda-no-brasil","status":"publish","type":"post","link":"https:\/\/autosgiros.com.br\/index.php\/2023\/09\/20\/volvo-ex30-chega-a-mil-unidades-comercializadas-em-cinco-dias-de-pre-venda-no-brasil\/","title":{"rendered":"Volvo EX30 chega a mil unidades comercializadas em cinco dias de pr\u00e9-venda no Brasil"},"content":{"rendered":"\n<p><em>Lan\u00e7amento mais bem sucedido da marca no pa\u00eds supera suas metas de venda em poucos dias e mostra excelente aceita\u00e7\u00e3o do p\u00fablico<\/em><\/p>\n\n\n\n<p>Novo lan\u00e7amento da Volvo Car Brasil, o EX30 abriu pr\u00e9-venda no pa\u00eds na \u00faltima quinta-feira (14), em evento realizado no Jockey Club, no Rio de Janeiro. O novo SUV da marca, 100% el\u00e9trico, chegou ao pa\u00eds com valores que variam de R$ 219.950,00 a R$ 279.950,00.\u00a0<\/p>\n\n\n\n<p>Cinco dias ap\u00f3s a abertura de pr\u00e9-venda no pa\u00eds, o EX30 j\u00e1 mostrou que chega com for\u00e7a no mercado. Mais de mil unidades j\u00e1 foram comercializadas, consolidando a Volvo como a marca mais reconhecida do pa\u00eds em eletrifica\u00e7\u00e3o e oferecendo ao mercado uma op\u00e7\u00e3o in\u00e9dita de um carro el\u00e9trico, premium e mais acess\u00edvel.&nbsp;<\/p>\n\n\n\n<p>\u201cO EX30 \u00e9 uma aposta muito grande da Volvo para os pr\u00f3ximos anos e esses primeiros dias de pr\u00e9-venda deixam muito clara a aceita\u00e7\u00e3o do mercado. Conseguimos criar uma conex\u00e3o com uma fatia de mercado que, antes da chegada do EX30, via a possibilidade de ter um Volvo como algo um pouco mais distante\u201d, destaca Marcelo Kronemberger, diretor comercial da Volvo Car Brasil.<\/p>\n\n\n\n<figure class=\"wp-block-image size-large\"><img loading=\"lazy\" decoding=\"async\" width=\"1024\" height=\"576\" src=\"https:\/\/autosgiros.com.br\/wp-content\/uploads\/2023\/09\/Volvo-EX30-02-1-1024x576.jpg\" alt=\"\" class=\"wp-image-2363\" srcset=\"https:\/\/autosgiros.com.br\/wp-content\/uploads\/2023\/09\/Volvo-EX30-02-1-1024x576.jpg 1024w, https:\/\/autosgiros.com.br\/wp-content\/uploads\/2023\/09\/Volvo-EX30-02-1-300x169.jpg 300w, https:\/\/autosgiros.com.br\/wp-content\/uploads\/2023\/09\/Volvo-EX30-02-1-768x432.jpg 768w, https:\/\/autosgiros.com.br\/wp-content\/uploads\/2023\/09\/Volvo-EX30-02-1.jpg 1200w\" sizes=\"auto, (max-width: 1024px) 100vw, 1024px\" \/><\/figure>\n\n\n\n<p>De acordo com um levantamento feito pela pr\u00f3pria empresa, 90% dos clientes que compraram o EX30 ter\u00e3o, por meio dele, seu primeiro contato com a marca.&nbsp;<\/p>\n\n\n\n<p>\u201cT\u00ednhamos a expectativa de abrir uma nova fatia de mercado com a chegada do EX30 e, mesmo com t\u00e3o pouco tempo de pr\u00e9-venda no Brasil, j\u00e1 fica bastante claro que o novo modelo chegou oferecendo a possibilidade de ter um Volvo a uma parcela maior do pa\u00eds\u201d, refor\u00e7a Rafael Ugo, diretor de marketing da companhia lembrando que, juntamente com a abertura da pr\u00e9-venda, a Volvo anunciou ainda um novo investimento de R$ 50 milh\u00f5es para chegar com eletropostos em todas as regi\u00f5es do pa\u00eds.&nbsp;<\/p>\n\n\n\n<p>At\u00e9 o momento, o Ultra tem sido a vers\u00e3o mais procurada, respondendo por mais da metade do volume. O Vapour Grey e o Onyx Black t\u00eam sido as cores mais solicitadas. Internamente, o acabamento preferido do p\u00fablico brasileiro tem sido a Indigo.&nbsp;<\/p>\n\n\n\n<p>O EX30 tem se estabelecido tamb\u00e9m como o modelo da marca que se conecta com uma audi\u00eancia mais jovem. Mais da metade dos compradores t\u00eam menos de 45 anos. Nos outros modelos da marca, esse n\u00famero nunca foi superior a 40%.<\/p>\n\n\n\n<p><strong>Especifica\u00e7\u00f5es T\u00e9cnicas<\/strong><\/p>\n\n\n\n<figure class=\"wp-block-image size-large\"><img loading=\"lazy\" decoding=\"async\" width=\"1024\" height=\"576\" src=\"https:\/\/autosgiros.com.br\/wp-content\/uploads\/2023\/09\/Volvo-EX30-01-1-1024x576.jpg\" alt=\"\" class=\"wp-image-2364\" srcset=\"https:\/\/autosgiros.com.br\/wp-content\/uploads\/2023\/09\/Volvo-EX30-01-1-1024x576.jpg 1024w, https:\/\/autosgiros.com.br\/wp-content\/uploads\/2023\/09\/Volvo-EX30-01-1-300x169.jpg 300w, https:\/\/autosgiros.com.br\/wp-content\/uploads\/2023\/09\/Volvo-EX30-01-1-768x432.jpg 768w, https:\/\/autosgiros.com.br\/wp-content\/uploads\/2023\/09\/Volvo-EX30-01-1.jpg 1200w\" sizes=\"auto, (max-width: 1024px) 100vw, 1024px\" \/><\/figure>\n\n\n\n<p>O Volvo EX30 \u00e9 o SUV mais compacto j\u00e1 projetado pela Volvo, com 4,2m de comprimento e 1,8m de largura. Ele \u00e9 apenas 0,2m menor em comprimento do que o outro modelo da marca, o XC40.<\/p>\n\n\n\n<p>Com\u00a0tra\u00e7\u00e3o RWD\u00a0e pot\u00eancia de\u00a0272hp,\u00a0com\u00a0343Nm de torque, o EX30 proporciona um\u00a00 a 100 de 5,7s para a vers\u00e3o de entrada e 5,3s para as vers\u00f5es Extended Range. Outra caracter\u00edstica not\u00e1vel do EX30 \u00e9 sua rapidez de recarga. Sua velocidade de carga pode atingir at\u00e9 153 kW, dependendo da vers\u00e3o. Isso significa que o EX30 carrega sua\u00a0bateria de 10% a 80% em pouco mais de 25 minutos.<\/p>\n\n\n\n<p>\u201cAl\u00e9m de entregar novos equipamentos e acabamentos incr\u00edveis, o Volvo EX30 chega com a menor pegada de carbono j\u00e1 vista em qualquer outro carro Volvo. Na sua composi\u00e7\u00e3o, cerca de 25% do alum\u00ednio e outros 17% de a\u00e7o e pl\u00e1stico s\u00e3o recicl\u00e1veis. Isso significa que o EX30 tem a maior propor\u00e7\u00e3o de materiais recicl\u00e1veis do que qualquer outro carro do nosso portf\u00f3lio\u201d, destaca Andr\u00e9 Bassetto, diretor de Produto e Planejamento<\/p>\n\n\n\n<p>Com uma pegada mais descolada e personaliz\u00e1vel, o carro oferece cinco op\u00e7\u00f5es de cores, incluindo a cor exclusiva de lan\u00e7amento\u00a0Moss Yellow. O novo el\u00e9trico da Volvo tamb\u00e9m traz quatro interiores distintos e personaliz\u00e1veis, denominados\u00a0Mist,\u00a0Breeze,\u00a0Pine\u00a0e\u00a0Indigo. Todos eles adotam uma abordagem mais sustent\u00e1vel em rela\u00e7\u00e3o aos materiais, cada um com diferentes inspira\u00e7\u00f5es da natureza e da moda.<\/p>\n\n\n\n<p>Al\u00e9m de personalizar cores e interiores, o cliente tamb\u00e9m ter\u00e1 a liberdade de personalizar a motoriza\u00e7\u00e3o do seu novo Volvo EX30. O modelo pode ser adquirido com uma bateria de\u00a051kWh ou 69kWh, dependendo da necessidade de utiliza\u00e7\u00e3o do ve\u00edculo, o que pode resultar em uma\u00a0autonomia de aproximadamente 340 ou 470 quil\u00f4metros, respectivamente.<\/p>\n\n\n\n<figure class=\"wp-block-image size-large\"><img loading=\"lazy\" decoding=\"async\" width=\"1024\" height=\"576\" src=\"https:\/\/autosgiros.com.br\/wp-content\/uploads\/2023\/09\/Volvo-EX30-03-1-1024x576.jpg\" alt=\"\" class=\"wp-image-2365\" srcset=\"https:\/\/autosgiros.com.br\/wp-content\/uploads\/2023\/09\/Volvo-EX30-03-1-1024x576.jpg 1024w, https:\/\/autosgiros.com.br\/wp-content\/uploads\/2023\/09\/Volvo-EX30-03-1-300x169.jpg 300w, https:\/\/autosgiros.com.br\/wp-content\/uploads\/2023\/09\/Volvo-EX30-03-1-768x432.jpg 768w, https:\/\/autosgiros.com.br\/wp-content\/uploads\/2023\/09\/Volvo-EX30-03-1.jpg 1200w\" sizes=\"auto, (max-width: 1024px) 100vw, 1024px\" \/><\/figure>\n\n\n\n<p>Al\u00e9m disso, o Volvo EX30 possui a seguran\u00e7a esperada de um ve\u00edculo da marca em um pacote compacto, visando a classifica\u00e7\u00e3o de seguran\u00e7a m\u00e1xima com tecnologia de preven\u00e7\u00e3o de colis\u00e3o, alerta de abertura de porta e frenagem autom\u00e1tica de baixa velocidade. O ve\u00edculo foi concebido para ter a menor pegada de carbono de qualquer autom\u00f3vel Volvo at\u00e9 hoje.<\/p>\n\n\n\n<p><strong>Pr\u00e9-venda<\/strong><\/p>\n\n\n\n<p>A pr\u00e9-venda do Volvo EX30 j\u00e1 est\u00e1 aberta atrav\u00e9s do site (<a rel=\"noreferrer noopener\" href=\"http:\/\/www.volvocars.com.br\/\" target=\"_blank\">www.volvocars.com.br<\/a>), ou diretamente nas concession\u00e1rias da marca.<\/p>\n\n\n\n<p>Os valores especiais de pr\u00e9-venda s\u00e3o:<br>EX30 Core Single Engine (51kWh) &#8211; R$ 219.950,00<br>EX30 Core Single Engine Extended Range (69kWh) &#8211; R$ 239.950,00<br>EX30 Plus Single Engine Extended Range (69kWh) &#8211; R$ 264.950,00<br>EX30 Ultra Single Engine Extended Range (69kWh) &#8211; R$ 279.950,00<\/p>\n","protected":false},"excerpt":{"rendered":"<p>Lan\u00e7amento mais bem sucedido da marca no pa\u00eds supera suas metas de venda em poucos dias e mostra excelente aceita\u00e7\u00e3o do p\u00fablico Novo lan\u00e7amento da Volvo Car Brasil, o EX30 abriu pr\u00e9-venda no pa\u00eds na \u00faltima quinta-feira (14), em evento realizado no Jockey Club, no Rio de Janeiro. O novo SUV da marca, 100% el\u00e9trico, [&hellip;]<\/p>\n","protected":false},"author":1,"featured_media":2366,"comment_status":"open","ping_status":"open","sticky":false,"template":"","format":"standard","meta":{"footnotes":""},"categories":[6,4,5],"tags":[336,776,778,777,337,290,673],"class_list":["post-2362","post","type-post","status-publish","format-standard","has-post-thumbnail","hentry","category-auto-e","category-auto-suv","category-auto-premium","tag-eletrico","tag-ex30","tag-mil-unidades","tag-pre-venda","tag-suv","tag-volvo","tag-volvo-ex30"],"amp_enabled":true,"_links":{"self":[{"href":"https:\/\/autosgiros.com.br\/index.php\/wp-json\/wp\/v2\/posts\/2362","targetHints":{"allow":["GET"]}}],"collection":[{"href":"https:\/\/autosgiros.com.br\/index.php\/wp-json\/wp\/v2\/posts"}],"about":[{"href":"https:\/\/autosgiros.com.br\/index.php\/wp-json\/wp\/v2\/types\/post"}],"author":[{"embeddable":true,"href":"https:\/\/autosgiros.com.br\/index.php\/wp-json\/wp\/v2\/users\/1"}],"replies":[{"embeddable":true,"href":"https:\/\/autosgiros.com.br\/index.php\/wp-json\/wp\/v2\/comments?post=2362"}],"version-history":[{"count":1,"href":"https:\/\/autosgiros.com.br\/index.php\/wp-json\/wp\/v2\/posts\/2362\/revisions"}],"predecessor-version":[{"id":2367,"href":"https:\/\/autosgiros.com.br\/index.php\/wp-json\/wp\/v2\/posts\/2362\/revisions\/2367"}],"wp:featuredmedia":[{"embeddable":true,"href":"https:\/\/autosgiros.com.br\/index.php\/wp-json\/wp\/v2\/media\/2366"}],"wp:attachment":[{"href":"https:\/\/autosgiros.com.br\/index.php\/wp-json\/wp\/v2\/media?parent=2362"}],"wp:term":[{"taxonomy":"category","embeddable":true,"href":"https:\/\/autosgiros.com.br\/index.php\/wp-json\/wp\/v2\/categories?post=2362"},{"taxonomy":"post_tag","embeddable":true,"href":"https:\/\/autosgiros.com.br\/index.php\/wp-json\/wp\/v2\/tags?post=2362"}],"curies":[{"name":"wp","href":"https:\/\/api.w.org\/{rel}","templated":true}]}}