{"id":2195,"date":"2023-09-15T08:01:00","date_gmt":"2023-09-15T11:01:00","guid":{"rendered":"https:\/\/autosgiros.com.br\/?p=2195"},"modified":"2023-10-09T14:31:46","modified_gmt":"2023-10-09T17:31:46","slug":"volvo-car-brasil-anuncia-pre-venda-do-inovador-suv-eletrico-volvo-ex30","status":"publish","type":"post","link":"https:\/\/autosgiros.com.br\/index.php\/2023\/09\/15\/volvo-car-brasil-anuncia-pre-venda-do-inovador-suv-eletrico-volvo-ex30\/","title":{"rendered":"Volvo Car Brasil anuncia pr\u00e9-venda do inovador SUV el\u00e9trico Volvo EX30"},"content":{"rendered":"\n<p><em>Lan\u00e7amento se apresenta como um dos maiores da hist\u00f3ria da Volvo e chega com a miss\u00e3o de dobrar o tamanho da marca no pa\u00eds<\/em><\/p>\n\n\n\n<p>A Volvo Car Brasil, pioneira na eletrifica\u00e7\u00e3o em territ\u00f3rio nacional, amplia seu portf\u00f3lio de ve\u00edculos el\u00e9tricos com o novo Volvo EX30. A marca abriu a pr\u00e9-venda do seu novo SUV nesta quinta-feira (14), prometendo alcan\u00e7ar novos p\u00fablicos e expandir ainda mais sua participa\u00e7\u00e3o no mercado brasileiro. Com o novo lan\u00e7amento, a Volvo pretende se consolidar como a marca mais reconhecida do pa\u00eds em eletrifica\u00e7\u00e3o e oferecer ao mercado uma op\u00e7\u00e3o in\u00e9dita de um carro el\u00e9trico, premium e mais acess\u00edvel.\u00a0<\/p>\n\n\n\n<p>\u201cO Volvo EX30 \u00e9 uma grande aposta da Volvo para os pr\u00f3ximos anos. Assim como o carro, que traz uma pegada mais descolada e personaliz\u00e1vel, nosso p\u00fablico tamb\u00e9m deve se renovar\u201d, destaca Marcelo Kronemberger, diretor Comercial Volvo Car Brasil. \u201cO pre\u00e7o competitivo da vers\u00e3o de entrada possibilita chegarmos a novos clientes de carros a combust\u00e3o, que ser\u00e3o introduzidos ao universo dos carros el\u00e9tricos e ter\u00e3o um ve\u00edculo que, em tr\u00eas anos, consegue uma economia superior a R$ 10 mil em rela\u00e7\u00e3o aos concorrentes no segmento, al\u00e9m de possu\u00edrem um atendimento Premium da marca\u201d, completa.<\/p>\n\n\n\n<p>Revelado em junho deste ano, e agora dispon\u00edvel para pr\u00e9-venda em todo o territ\u00f3rio nacional, o\u00a0Volvo EX30, conta com quatro vers\u00f5es\u00a0Core Single Engine (51 kWh),\u00a0Core Single Engine Extended Range (69 kWh),\u00a0Plus Single Engine Extended Range (69 kWh)\u00a0e\u00a0Ultra Single Engine Extended Range (69 kWh). Seu modelo de entrada promete introduzir o estilo escandinavo e luxuoso da marca para um p\u00fablico mais amplo, com valores que variam de\u00a0R$ 219.950,00 a R$ 279.950,00. Os clientes que comprarem durante a oferta de pr\u00e9-venda, v\u00e3o receber como benef\u00edcio um carregador port\u00e1til e um wallbox de 7,4 kw.<\/p>\n\n\n\n<p>O Volvo EX30 chega ao Brasil com uma s\u00e9rie de novidades em rela\u00e7\u00e3o aos outros ve\u00edculos do mesmo segmento. Uma delas \u00e9 o design do interior do carro. Os clientes poder\u00e3o optar por quatro interiores personaliz\u00e1veis, todos compostos de materiais reciclados e renov\u00e1veis como jeans reciclado, linho e l\u00e3.<\/p>\n\n\n\n<p>O sistema de som \u00e9 inspirado no design de \u00e1udio dom\u00e9stico, reunindo v\u00e1rios alto-falantes e preenchendo toda a cabine com um som premium, para que m\u00fasicas e podcasts possam ser ouvidos com excelente qualidade de \u00e1udio.\u00a0O porta-luvas posicionado abaixo da tela central foi ampliado e colocado estrategicamente para que possa ser acessado tanto pelo motorista quanto pelo passageiro.<\/p>\n\n\n\n<figure class=\"wp-block-image size-large\"><img loading=\"lazy\" decoding=\"async\" width=\"1024\" height=\"576\" src=\"https:\/\/autosgiros.com.br\/wp-content\/uploads\/2023\/09\/Volvo-EX30-03-1024x576.jpg\" alt=\"\" class=\"wp-image-2198\" srcset=\"https:\/\/autosgiros.com.br\/wp-content\/uploads\/2023\/09\/Volvo-EX30-03-1024x576.jpg 1024w, https:\/\/autosgiros.com.br\/wp-content\/uploads\/2023\/09\/Volvo-EX30-03-300x169.jpg 300w, https:\/\/autosgiros.com.br\/wp-content\/uploads\/2023\/09\/Volvo-EX30-03-768x432.jpg 768w, https:\/\/autosgiros.com.br\/wp-content\/uploads\/2023\/09\/Volvo-EX30-03.jpg 1200w\" sizes=\"auto, (max-width: 1024px) 100vw, 1024px\" \/><\/figure>\n\n\n\n<p>No quesito seguran\u00e7a, o EX30 vem equipado com a tecnologia\u00a0Safe Space, que alerta em caso de abertura de portas pr\u00f3ximo a ciclistas ou motocicletas. Ele \u00e9 equipado ainda com um novo sistema avan\u00e7ado de alerta de motorista. O carro conta com um sensor especial, que funciona com algoritmos poderosos e fica localizado atr\u00e1s do volante. Ele \u00e9 capaz de detectar movimentos dos olhos e do rosto cerca de 13 vezes por segundo. Dessa forma, o carro pode tentar entender se voc\u00ea est\u00e1 distra\u00eddo, sonolento ou desatento, mesmo que n\u00e3o tenha notado. O EX30 \u00e9 tamb\u00e9m o carro com a menor pegada de carbono da marca, com menos de 30 toneladas ao longo de 200.000km de condu\u00e7\u00e3o.<\/p>\n\n\n\n<p><strong>Especifica\u00e7\u00f5es T\u00e9cnicas<\/strong><\/p>\n\n\n\n<p>O Volvo EX30 \u00e9 o SUV mais compacto j\u00e1 projetado pela Volvo, com 4,2m de comprimento e 1,8m de largura. Ele \u00e9 apenas 0,2m menor em comprimento do que o outro modelo da marca, o XC40.<\/p>\n\n\n\n<p>Com\u00a0tra\u00e7\u00e3o RWD\u00a0e pot\u00eancia de\u00a0272hp,\u00a0com\u00a0343Nm de torque, o EX30 proporciona um\u00a00 a 100 de 5,7s para a vers\u00e3o de entrada e 5,3s para as vers\u00f5es Extended Range. Outra caracter\u00edstica not\u00e1vel do EX30 \u00e9 sua rapidez de recarga. Sua velocidade de carga pode atingir at\u00e9 153 kW, dependendo da vers\u00e3o. Isso significa que o EX30 carrega sua\u00a0bateria de 10% a 80% em pouco mais de 25 minutos.<\/p>\n\n\n\n<p>\u201cAl\u00e9m de entregar novos equipamentos e acabamentos incr\u00edveis, o Volvo EX30 chega com a menor pegada de carbono j\u00e1 vista em qualquer outro carro Volvo. Na sua composi\u00e7\u00e3o, cerca de 25% do alum\u00ednio e outros 17% de a\u00e7o e pl\u00e1stico s\u00e3o recicl\u00e1veis. Isso significa que o EX30 tem a maior propor\u00e7\u00e3o de materiais recicl\u00e1veis do que qualquer outro carro do nosso portf\u00f3lio\u201d, destaca Andr\u00e9 Bassetto, diretor de Produto e Planejamento<\/p>\n\n\n\n<p>Com uma pegada mais descolada e personaliz\u00e1vel, o carro oferece cinco op\u00e7\u00f5es de cores, incluindo a cor exclusiva de lan\u00e7amento\u00a0Moss Yellow. O novo el\u00e9trico da Volvo tamb\u00e9m traz quatro interiores distintos e personaliz\u00e1veis, denominados\u00a0Mist,\u00a0Breeze,\u00a0Pine\u00a0e\u00a0Indigo. Todos eles adotam uma abordagem mais sustent\u00e1vel em rela\u00e7\u00e3o aos materiais, cada um com diferentes inspira\u00e7\u00f5es da natureza e da moda.<\/p>\n\n\n\n<p>Al\u00e9m de personalizar cores e interiores, o cliente tamb\u00e9m ter\u00e1 a liberdade de personalizar a motoriza\u00e7\u00e3o do seu novo Volvo EX30. O modelo pode ser adquirido com uma bateria de\u00a051kWh ou 69kWh, dependendo da necessidade de utiliza\u00e7\u00e3o do ve\u00edculo, o que pode resultar em uma\u00a0autonomia de aproximadamente 340 ou 470 quil\u00f4metros, respectivamente.<\/p>\n\n\n\n<figure class=\"wp-block-image size-large\"><img loading=\"lazy\" decoding=\"async\" width=\"1024\" height=\"576\" src=\"https:\/\/autosgiros.com.br\/wp-content\/uploads\/2023\/09\/Volvo-EX30-02-1024x576.jpg\" alt=\"\" class=\"wp-image-2196\" srcset=\"https:\/\/autosgiros.com.br\/wp-content\/uploads\/2023\/09\/Volvo-EX30-02-1024x576.jpg 1024w, https:\/\/autosgiros.com.br\/wp-content\/uploads\/2023\/09\/Volvo-EX30-02-300x169.jpg 300w, https:\/\/autosgiros.com.br\/wp-content\/uploads\/2023\/09\/Volvo-EX30-02-768x432.jpg 768w, https:\/\/autosgiros.com.br\/wp-content\/uploads\/2023\/09\/Volvo-EX30-02.jpg 1200w\" sizes=\"auto, (max-width: 1024px) 100vw, 1024px\" \/><\/figure>\n\n\n\n<p>Al\u00e9m disso, o Volvo EX30 possui a seguran\u00e7a esperada de um ve\u00edculo da marca em um pacote compacto, visando a classifica\u00e7\u00e3o de seguran\u00e7a m\u00e1xima com tecnologia de preven\u00e7\u00e3o de colis\u00e3o, alerta de abertura de porta e frenagem autom\u00e1tica de baixa velocidade. O ve\u00edculo foi concebido para ter a menor pegada de carbono de qualquer autom\u00f3vel Volvo at\u00e9 hoje.<\/p>\n\n\n\n<p><strong>Pr\u00e9-venda<\/strong><\/p>\n\n\n\n<p>A pr\u00e9-venda do Volvo EX30 j\u00e1 est\u00e1 aberta atrav\u00e9s do site (<a href=\"http:\/\/www.volvocars.com.br\/\" target=\"_blank\" rel=\"noreferrer noopener\">www.volvocars.com.br<\/a>), ou diretamente nas concession\u00e1rias da marca.<\/p>\n\n\n\n<p>Os valores especiais de pr\u00e9-venda s\u00e3o:<br>EX30 Core Single Engine (51kWh) &#8211; R$ 219.950,00<br>EX30 Core Single Engine Extended Range (69kWh) &#8211; R$ 239.950,00<br>EX30 Plus Single Engine Extended Range (69kWh) &#8211; R$ 264.950,00<br>EX30 Ultra Single Engine Extended Range (69kWh) &#8211; R$ 279.950,00<\/p>\n","protected":false},"excerpt":{"rendered":"<p>Lan\u00e7amento se apresenta como um dos maiores da hist\u00f3ria da Volvo e chega com a miss\u00e3o de dobrar o tamanho da marca no pa\u00eds A Volvo Car Brasil, pioneira na eletrifica\u00e7\u00e3o em territ\u00f3rio nacional, amplia seu portf\u00f3lio de ve\u00edculos el\u00e9tricos com o novo Volvo EX30. A marca abriu a pr\u00e9-venda do seu novo SUV nesta [&hellip;]<\/p>\n","protected":false},"author":1,"featured_media":2199,"comment_status":"open","ping_status":"open","sticky":false,"template":"","format":"standard","meta":{"footnotes":""},"categories":[5],"tags":[336,674,290],"class_list":["post-2195","post","type-post","status-publish","format-standard","has-post-thumbnail","hentry","category-auto-premium","tag-eletrico","tag-lancamento","tag-volvo"],"amp_enabled":true,"_links":{"self":[{"href":"https:\/\/autosgiros.com.br\/index.php\/wp-json\/wp\/v2\/posts\/2195","targetHints":{"allow":["GET"]}}],"collection":[{"href":"https:\/\/autosgiros.com.br\/index.php\/wp-json\/wp\/v2\/posts"}],"about":[{"href":"https:\/\/autosgiros.com.br\/index.php\/wp-json\/wp\/v2\/types\/post"}],"author":[{"embeddable":true,"href":"https:\/\/autosgiros.com.br\/index.php\/wp-json\/wp\/v2\/users\/1"}],"replies":[{"embeddable":true,"href":"https:\/\/autosgiros.com.br\/index.php\/wp-json\/wp\/v2\/comments?post=2195"}],"version-history":[{"count":1,"href":"https:\/\/autosgiros.com.br\/index.php\/wp-json\/wp\/v2\/posts\/2195\/revisions"}],"predecessor-version":[{"id":2200,"href":"https:\/\/autosgiros.com.br\/index.php\/wp-json\/wp\/v2\/posts\/2195\/revisions\/2200"}],"wp:featuredmedia":[{"embeddable":true,"href":"https:\/\/autosgiros.com.br\/index.php\/wp-json\/wp\/v2\/media\/2199"}],"wp:attachment":[{"href":"https:\/\/autosgiros.com.br\/index.php\/wp-json\/wp\/v2\/media?parent=2195"}],"wp:term":[{"taxonomy":"category","embeddable":true,"href":"https:\/\/autosgiros.com.br\/index.php\/wp-json\/wp\/v2\/categories?post=2195"},{"taxonomy":"post_tag","embeddable":true,"href":"https:\/\/autosgiros.com.br\/index.php\/wp-json\/wp\/v2\/tags?post=2195"}],"curies":[{"name":"wp","href":"https:\/\/api.w.org\/{rel}","templated":true}]}}