{"id":2189,"date":"2023-09-15T12:00:19","date_gmt":"2023-09-15T15:00:19","guid":{"rendered":"https:\/\/autosgiros.com.br\/?p=2189"},"modified":"2023-09-15T12:00:19","modified_gmt":"2023-09-15T15:00:19","slug":"congresso-sae-brasil-2023-discute-a-proxima-geracao-da-mobilidade","status":"publish","type":"post","link":"https:\/\/autosgiros.com.br\/index.php\/2023\/09\/15\/congresso-sae-brasil-2023-discute-a-proxima-geracao-da-mobilidade\/","title":{"rendered":"Congresso SAE BRASIL 2023 discute a pr\u00f3xima gera\u00e7\u00e3o da mobilidade"},"content":{"rendered":"\n<p><em>Aberto ao p\u00fablico e com pre\u00e7os acess\u00edveis, o evento re\u00fane executivos e especialistas em inova\u00e7\u00e3o de todo o Brasil em pain\u00e9is, oficinas e hackathon<\/em><\/p>\n\n\n\n<p>Acontece, entre os dias 10 e 11 de outubro, a 30\u00aa edi\u00e7\u00e3o do Congresso e Mostra Internacionais de Mobilidade SAE BRASIL no centro de eventos Pro Magno. Inspirado na vida e inova\u00e7\u00f5es de Santos Dumont, o Congresso SAE BRASIL tem como tem\u00e1tica \u201cMovidos pela Inova\u00e7\u00e3o: Somos a pr\u00f3xima gera\u00e7\u00e3o da mobilidade\u201d e contar\u00e1 com a presen\u00e7a de l\u00edderes da ind\u00fastria, da academia e do governo, al\u00e9m de especialistas nas mais diversas \u00e1reas de conhecimento ligadas \u00e0s tem\u00e1ticas que envolvam mobilidade.<\/p>\n\n\n\n<p>Para a edi\u00e7\u00e3o de 2023, Francisco Gomes Neto, CEO da Embraer, \u00e9 o Presidente do Congresso. \u201c\u00c9 uma imensa satisfa\u00e7\u00e3o poder colaborar com este evento que re\u00fane empresas de diferentes modais de transporte focadas em compartilhar inova\u00e7\u00f5es e tend\u00eancias da nova era da mobilidade sustent\u00e1vel. Neste ano de celebra\u00e7\u00e3o dos 150 anos do nascimento de Alberto Santos Dumont, o ambiente inspirador do Congresso SAE Brasil nos faz termos ainda mais orgulho das inven\u00e7\u00f5es que entraram para a hist\u00f3ria e nos estimula a refletir sobre as transforma\u00e7\u00f5es necess\u00e1rias para o futuro da sociedade,&#8221;, explica.<\/p>\n\n\n\n<p>\u201cChegamos \u00e0 30\u00aa edi\u00e7\u00e3o do Congresso SAE BRASIL, um marco importante que mostra a relev\u00e2ncia da entidade no ecossistema da mobilidade brasileira. S\u00e3o d\u00e9cadas promovendo a gera\u00e7\u00e3o e dissemina\u00e7\u00e3o do conhecimento e a forma\u00e7\u00e3o de profissionais em toda a cadeia da mobilidade. Especialmente no momento em que as tecnologias aceleram exponencialmente a efici\u00eancia de como movimentamos coisas e pessoas, promover um debate isento sobre os caminhos para uma mobilidade sustent\u00e1vel \u00e9 crucial para maximizar os benef\u00edcios \u00e0 sociedade. No Congresso 2023, temos uma excelente oportunidade para estabelecer conex\u00f5es e explorarmos oportunidades para que o Brasil tenha um papel central na mobilidade do futuro\u201d, destaca o Presidente da SAE BRASIL, Andr\u00e9 Gasparotti.<\/p>\n\n\n\n<p>Uma figura importante que representar\u00e1 a tem\u00e1tica do Congresso \u00e9 a Sofia, nascida em 2006, com o sonho de pilotar avi\u00f5es e que, ap\u00f3s participar de um programa estudantil da SAE BRASIL, alcan\u00e7ou seu objetivo. Sua jornada continua at\u00e9 o ano de 2050, quando j\u00e1 usufrui de uma carreira consolidada na avia\u00e7\u00e3o. \u201cA Sofia representa a nova gera\u00e7\u00e3o de profissionais que transformar\u00e1 a mobilidade em um futuro pr\u00f3ximo. Uma gera\u00e7\u00e3o formada para a resolu\u00e7\u00e3o de problemas de forma \u00e1gil e pr\u00e1tica, nos mesmos princ\u00edpios em que se baseiam os Programas Estudantis da SAE BRASIL. E \u00e9 exatamente por isso que o tema escolhido para essa edi\u00e7\u00e3o especial do Congresso \u00e9 \u2018Somos a pr\u00f3xima gera\u00e7\u00e3o da mobilidade\u2019\u201d, explica Gasparotti.<\/p>\n\n\n\n<p>Com expectativa de receber 3 mil visitantes nos dois dias de evento, o Congresso SAE BRASIL trar\u00e1 discuss\u00f5es importantes e pertinentes para o futuro da mobilidade, com assuntos que tratam sobre os setores como automobil\u00edstico, aeron\u00e1utico, do agroneg\u00f3cio, aquavi\u00e1rio, da educa\u00e7\u00e3o, ferrovi\u00e1rio, entre outros.<\/p>\n\n\n\n<p>Al\u00e9m disso, o evento oferecer\u00e1 diversas oficinas com o objetivo de promover conhecimento e desenvolvimento profissional para estudantes. Uma delas \u00e9 o Jump Start, uma competi\u00e7\u00e3o no estilo Hackathon\/Ideathon, usando metodologias \u00e1geis e Design Thinking, desenvolvendo a tem\u00e1tica \u201cIntelig\u00eancia Artificial na Mobilidade\u201d. Essa competi\u00e7\u00e3o come\u00e7a cinco dias antes do Congresso e ter\u00e1 apresenta\u00e7\u00e3o de&nbsp;<em>pitches&nbsp;<\/em>durante o evento. Al\u00e9m disso, f\u00f3runs para apresentar a competi\u00e7\u00e3o e o programa estudantil oferecido pela SAE BRASIL ser\u00e3o realizados.<\/p>\n\n\n\n<p>Outra atra\u00e7\u00e3o imperd\u00edvel \u00e9 a Mostra Tecnol\u00f3gica, que tem um olhar voltado para a gera\u00e7\u00e3o de novos neg\u00f3cios, com empresas expositoras apresentando solu\u00e7\u00f5es de ponta e os mais recentes lan\u00e7amentos tecnol\u00f3gicos que est\u00e3o revolucionando o mercado da mobilidade.<\/p>\n\n\n\n<p>As inscri\u00e7\u00f5es j\u00e1 est\u00e3o abertas e podem ser realizadas pelo site oficial do&nbsp;<a href=\"https:\/\/saebrasil.org.br\/congresso\/inscricoes\/\" target=\"_blank\" rel=\"noreferrer noopener\">Congresso SAE BRASIL<\/a>. A grade de palestras e debates ser\u00e1 anunciada em breve e estar\u00e1 dispon\u00edvel atrav\u00e9s do app do Congresso &#8211; baixe na loja de aplicativos do seu celular -, assim como possibilidade de fazer perguntas aos palestrantes e participar de enquetes.<\/p>\n\n\n\n<p><strong>Congresso SAE BRASIL<\/strong>\u00a0<strong>2023<\/strong><br>Data:\u00a010 e 11 de outubro<br>Hor\u00e1rio:\u00a0Das 8h30 \u00e0s 19h<br>Local:\u00a0Pro Magno &#8211; Centro de eventos<br>Endere\u00e7o:\u00a0Av. Profa. Ida Kolb, 513 \u2013 Jardim das Laranjeiras<br>Inscri\u00e7\u00f5es:\u00a0<a rel=\"noreferrer noopener\" href=\"https:\/\/saebrasil.org.br\/congresso\/inscricoes\/\" target=\"_blank\">Congresso SAE BRASIL<\/a><\/p>\n","protected":false},"excerpt":{"rendered":"<p>Aberto ao p\u00fablico e com pre\u00e7os acess\u00edveis, o evento re\u00fane executivos e especialistas em inova\u00e7\u00e3o de todo o Brasil em pain\u00e9is, oficinas e hackathon Acontece, entre os dias 10 e 11 de outubro, a 30\u00aa edi\u00e7\u00e3o do Congresso e Mostra Internacionais de Mobilidade SAE BRASIL no centro de eventos Pro Magno. Inspirado na vida e [&hellip;]<\/p>\n","protected":false},"author":1,"featured_media":2193,"comment_status":"open","ping_status":"closed","sticky":false,"template":"","format":"standard","meta":{"footnotes":""},"categories":[1],"tags":[670,644,672,671],"class_list":["post-2189","post","type-post","status-publish","format-standard","has-post-thumbnail","hentry","category-auto","tag-congresso-sae-brasil","tag-outubro","tag-pro-magno","tag-sae-brasil"],"amp_enabled":true,"_links":{"self":[{"href":"https:\/\/autosgiros.com.br\/index.php\/wp-json\/wp\/v2\/posts\/2189","targetHints":{"allow":["GET"]}}],"collection":[{"href":"https:\/\/autosgiros.com.br\/index.php\/wp-json\/wp\/v2\/posts"}],"about":[{"href":"https:\/\/autosgiros.com.br\/index.php\/wp-json\/wp\/v2\/types\/post"}],"author":[{"embeddable":true,"href":"https:\/\/autosgiros.com.br\/index.php\/wp-json\/wp\/v2\/users\/1"}],"replies":[{"embeddable":true,"href":"https:\/\/autosgiros.com.br\/index.php\/wp-json\/wp\/v2\/comments?post=2189"}],"version-history":[{"count":2,"href":"https:\/\/autosgiros.com.br\/index.php\/wp-json\/wp\/v2\/posts\/2189\/revisions"}],"predecessor-version":[{"id":2191,"href":"https:\/\/autosgiros.com.br\/index.php\/wp-json\/wp\/v2\/posts\/2189\/revisions\/2191"}],"wp:featuredmedia":[{"embeddable":true,"href":"https:\/\/autosgiros.com.br\/index.php\/wp-json\/wp\/v2\/media\/2193"}],"wp:attachment":[{"href":"https:\/\/autosgiros.com.br\/index.php\/wp-json\/wp\/v2\/media?parent=2189"}],"wp:term":[{"taxonomy":"category","embeddable":true,"href":"https:\/\/autosgiros.com.br\/index.php\/wp-json\/wp\/v2\/categories?post=2189"},{"taxonomy":"post_tag","embeddable":true,"href":"https:\/\/autosgiros.com.br\/index.php\/wp-json\/wp\/v2\/tags?post=2189"}],"curies":[{"name":"wp","href":"https:\/\/api.w.org\/{rel}","templated":true}]}}