{"id":2158,"date":"2023-09-14T16:24:14","date_gmt":"2023-09-14T19:24:14","guid":{"rendered":"https:\/\/autosgiros.com.br\/?p=2158"},"modified":"2023-10-09T14:39:02","modified_gmt":"2023-10-09T17:39:02","slug":"tema-da-semana-nacional-de-transito-em-2024-sera-paz-no-transito-comeca-com-voce","status":"publish","type":"post","link":"https:\/\/autosgiros.com.br\/index.php\/2023\/09\/14\/tema-da-semana-nacional-de-transito-em-2024-sera-paz-no-transito-comeca-com-voce\/","title":{"rendered":"Tema da Semana Nacional de Tr\u00e2nsito em 2024 ser\u00e1: &#8220;Paz no tr\u00e2nsito come\u00e7a com voc\u00ea&#8221;"},"content":{"rendered":"\n<p><em>Frase foi escolhida em a\u00e7\u00e3o in\u00e9dita do Minist\u00e9rio dos Transportes. Campanha come\u00e7a em 18 de setembro<\/em><\/p>\n\n\n\n<p>Pela primeira vez na hist\u00f3ria, o tema da Semana Nacional de Tr\u00e2nsito foi decidido por meio da participa\u00e7\u00e3o popular via internet. Nesta quinta-feira (14), ap\u00f3s reuni\u00e3o do Conselho Nacional de Tr\u00e2nsito (Contran) que chancelou a mensagem para o ano de 2024, o ministro dos Transportes, Renan Filho, anunciou o resultado pela rede social X (ex-Twitter). A frase escolhida estar\u00e1 em todo o material educativo e de divulga\u00e7\u00e3o oficial a ser veiculado pelos integrantes do Sistema Nacional de Tr\u00e2nsito (SNT).<\/p>\n\n\n\n<p>\u201c\u2019Paz no tr\u00e2nsito come\u00e7a por voc\u00ea\u2019! Esta ser\u00e1 a mensagem das campanhas educativas de tr\u00e2nsito 2024, que o Contran [Conselho Nacional de Tr\u00e2nsito] acabou de aprovar. Pela 1\u00aa vez, a Senatran [Secretaria Nacional de Tr\u00e2nsito] envolve a popula\u00e7\u00e3o na escolha da frase\u201d, anunciou Renan Filho, pelas redes sociais. Conforme o ministro, a frase escolhida \u201cdestaca a import\u00e2ncia da responsabilidade compartilhada para um tr\u00e2nsito mais seguro\u201d.<\/p>\n\n\n\n<p><strong>Maioria dos votos<\/strong><\/p>\n\n\n\n<p>No total, 4.135 brasileiros participaram da enquete conduzida pela Senatran durante uma semana, podendo optar entre tr\u00eas mensagens: \u201cPaz no tr\u00e2nsito come\u00e7a por voc\u00ea\u201d; \u201cA vida pede calma no tr\u00e2nsito\u201d e \u201cNo tr\u00e2nsito, gentileza faz a diferen\u00e7a\u201d. A vota\u00e7\u00e3o terminou em 6 de setembro e a frase vencedora obteve 1.689 votos, 40,86% do total. Nesta quinta, a decis\u00e3o do p\u00fablico foi validada durante a 191\u00b0 reuni\u00e3o do Contran.<\/p>\n\n\n\n<p>Segundo o secret\u00e1rio nacional de Tr\u00e2nsito, Adrualdo Cat\u00e3o, mensagem escolhida tem como objetivo conscientizar os brasileiros sobre a necessidade coletiva de tornar o tr\u00e2nsito um ambiente de paz. \u201cEstamos felizes com a participa\u00e7\u00e3o do p\u00fablico que, pela primeira vez, teve a oportunidade de escolher diretamente a frase que ser\u00e1 trabalhada nas campanhas de 2024. Todos aqueles que participam do tr\u00e2nsito t\u00eam o compromisso de manter a paz, diminuir o n\u00famero de sinistro e tornar as estradas mais seguras&#8221;, destacou.<\/p>\n\n\n\n<p><strong>Semana Nacional de Tr\u00e2nsito<\/strong><\/p>\n\n\n\n<p>O an\u00fancio faz parte da Semana Nacional de Tr\u00e2nsito de 2023, mobiliza\u00e7\u00e3o anual que ter\u00e1 sua abertura oficial em 18 de setembro e ocorre at\u00e9 25 de setembro. A inten\u00e7\u00e3o \u00e9 promover, por meio da conscientiza\u00e7\u00e3o de condutores, ciclistas e pedestres, um tr\u00e2nsito mais seguro para toda a popula\u00e7\u00e3o. O tema da campanha desse ano \u00e9 \u201cNo tr\u00e2nsito, escolha a vida\u201d. As a\u00e7\u00f5es previstas para a edi\u00e7\u00e3o deste ano podem ser conferidas na p\u00e1gina especial da semana nacional.<\/p>\n","protected":false},"excerpt":{"rendered":"<p>Frase foi escolhida em a\u00e7\u00e3o in\u00e9dita do Minist\u00e9rio dos Transportes. Campanha come\u00e7a em 18 de setembro Pela primeira vez na hist\u00f3ria, o tema da Semana Nacional de Tr\u00e2nsito foi decidido por meio da participa\u00e7\u00e3o popular via internet. Nesta quinta-feira (14), ap\u00f3s reuni\u00e3o do Conselho Nacional de Tr\u00e2nsito (Contran) que chancelou a mensagem para o ano [&hellip;]<\/p>\n","protected":false},"author":1,"featured_media":2170,"comment_status":"open","ping_status":"open","sticky":false,"template":"","format":"standard","meta":{"footnotes":""},"categories":[1],"tags":[657,654],"class_list":["post-2158","post","type-post","status-publish","format-standard","has-post-thumbnail","hentry","category-auto","tag-paz-no-transito-comeca-com-voce","tag-senatran"],"amp_enabled":true,"_links":{"self":[{"href":"https:\/\/autosgiros.com.br\/index.php\/wp-json\/wp\/v2\/posts\/2158","targetHints":{"allow":["GET"]}}],"collection":[{"href":"https:\/\/autosgiros.com.br\/index.php\/wp-json\/wp\/v2\/posts"}],"about":[{"href":"https:\/\/autosgiros.com.br\/index.php\/wp-json\/wp\/v2\/types\/post"}],"author":[{"embeddable":true,"href":"https:\/\/autosgiros.com.br\/index.php\/wp-json\/wp\/v2\/users\/1"}],"replies":[{"embeddable":true,"href":"https:\/\/autosgiros.com.br\/index.php\/wp-json\/wp\/v2\/comments?post=2158"}],"version-history":[{"count":2,"href":"https:\/\/autosgiros.com.br\/index.php\/wp-json\/wp\/v2\/posts\/2158\/revisions"}],"predecessor-version":[{"id":2171,"href":"https:\/\/autosgiros.com.br\/index.php\/wp-json\/wp\/v2\/posts\/2158\/revisions\/2171"}],"wp:featuredmedia":[{"embeddable":true,"href":"https:\/\/autosgiros.com.br\/index.php\/wp-json\/wp\/v2\/media\/2170"}],"wp:attachment":[{"href":"https:\/\/autosgiros.com.br\/index.php\/wp-json\/wp\/v2\/media?parent=2158"}],"wp:term":[{"taxonomy":"category","embeddable":true,"href":"https:\/\/autosgiros.com.br\/index.php\/wp-json\/wp\/v2\/categories?post=2158"},{"taxonomy":"post_tag","embeddable":true,"href":"https:\/\/autosgiros.com.br\/index.php\/wp-json\/wp\/v2\/tags?post=2158"}],"curies":[{"name":"wp","href":"https:\/\/api.w.org\/{rel}","templated":true}]}}