{"id":2145,"date":"2023-09-14T15:59:47","date_gmt":"2023-09-14T18:59:47","guid":{"rendered":"https:\/\/autosgiros.com.br\/?p=2145"},"modified":"2023-10-09T14:38:57","modified_gmt":"2023-10-09T17:38:57","slug":"mercedes-benz-registra-250-000-cabinas-de-caminhoes-produzidas-na-fabrica-de-juiz-de-fora","status":"publish","type":"post","link":"https:\/\/autosgiros.com.br\/index.php\/2023\/09\/14\/mercedes-benz-registra-250-000-cabinas-de-caminhoes-produzidas-na-fabrica-de-juiz-de-fora\/","title":{"rendered":"Mercedes-Benz registra 250.000 cabinas de caminh\u00f5es produzidas na f\u00e1brica de Juiz de Fora"},"content":{"rendered":"\n<p><em>Al\u00e9m do alto padr\u00e3o mundial de qualidade dos produtos da marca, processos de fabrica\u00e7\u00e3o adotados t\u00eam como premissa a sustentabilidade ambiental<\/em><\/p>\n\n\n\n<p>A&nbsp;Mercedes-Benz&nbsp;do Brasil alcan\u00e7ou, em agosto, o marco hist\u00f3rico de 250.000 cabinas de caminh\u00f5es produzidas em sua f\u00e1brica de Juiz de Fora, em Minas Gerais. A unidade faz parte do sistema de produ\u00e7\u00e3o de ve\u00edculos comerciais da Empresa, realizando a soldagem e a pintura das cabinas utilizadas em todos os caminh\u00f5es da marca, tanto para mercado interno e externo, como para reposi\u00e7\u00e3o.<\/p>\n\n\n\n<p>Para celebrar a conquista, a f\u00e1brica mineira reuniu colaboradores em torno de uma cabina do extrapesado Actros, top de linha, que representa esse marco hist\u00f3rico. A cor azul zirc\u00f4nio, especialmente escolhida para o evento, resultou de uma vota\u00e7\u00e3o entre os pr\u00f3prios colaboradores da Empresa. A comemora\u00e7\u00e3o ganhou evid\u00eancia ainda em a\u00e7\u00f5es de comunica\u00e7\u00e3o interna.<\/p>\n\n\n\n<p>\u201cAl\u00e9m do alto padr\u00e3o mundial de qualidade da marca, os processos adotados em nossa f\u00e1brica t\u00eam como premissa a sustentabilidade ambiental\u201d, afirma Herick Borges, gerente s\u00eanior de Produ\u00e7\u00e3o de Cabinas da&nbsp;Mercedes-Benz&nbsp;do Brasil em Juiz de Fora. \u201cIsso reafirma o compromisso com os pilares ESG da nossa Companhia\u201d.<\/p>\n\n\n\n<p>\u201cEstamos extremamente felizes e orgulhosos de nossa trajet\u00f3ria. S\u00e3o 26 anos de hist\u00f3ria de muitas conquistas. Este marco representa a supera\u00e7\u00e3o de um time de estrelas. Parab\u00e9ns, Juiz de Fora! \u201d, destaca Herick.<\/p>\n\n\n\n<p>\u201cEssa conquista \u00e9 o resultado de um time dedicado e engajado que sempre busca atingir a excel\u00eancia\u201d, conta Marcus Vinicius Raposo, Gerente de Produ\u00e7\u00e3o Pintura Cabinas da&nbsp;Mercedes-Benz&nbsp;do Brasil em Juiz de Fora.<\/p>\n\n\n\n<p><strong>Sobre a F\u00e1brica de Juiz de Fora<\/strong><\/p>\n\n\n\n<p>Em 2012, a&nbsp;Mercedes-Benz&nbsp;do Brasil teve mais um importante marco para a produ\u00e7\u00e3o de caminh\u00f5es no Brasil. Naquele ano, a planta de Juiz de Fora, em Minas Gerais, passou a integrar o sistema global de produ\u00e7\u00e3o de ve\u00edculos comerciais da Daimler Truck. Atualmente, a unidade \u00e9 respons\u00e1vel pela soldagem e pintura de todas as cabinas de caminh\u00f5es&nbsp;Mercedes-Benz&nbsp;produzidas no Brasil.<\/p>\n\n\n\n<p>A unidade mineira se posiciona entre as mais modernas f\u00e1bricas de caminh\u00f5es do mundo, sendo uma s\u00edntese do que h\u00e1 de mais moderno e inovador em termos de produ\u00e7\u00e3o. Diversos benchmarkings e kaizens foram realizados para identificar os melhores m\u00e9todos relacionados \u00e0 fabrica\u00e7\u00e3o. Com isso, possui uma configura\u00e7\u00e3o de alta produtividade e flexibilidade.<\/p>\n\n\n\n<p>Atividades essenciais, como produ\u00e7\u00e3o e controle da qualidade, ficam a cargo de pessoal da pr\u00f3pria Empresa, o que permite assegurar o elevado padr\u00e3o mundial de qualidade dos caminh\u00f5es da marca.<\/p>\n\n\n\n<p>Os processos escolhidos t\u00eam como premissa a sustentabilidade e asseguram o m\u00ednimo impacto ao meio ambiente. Tudo na f\u00e1brica foi planejado no sentido de minimizar, por exemplo, consumo de energia el\u00e9trica e \u00e1gua por unidade montada ao longo do processo produtivo.<\/p>\n\n\n\n<p>Conceitos como Kan-ban, Just-in-sequence, One-piece-flow e Lean Manufacturing (Produ\u00e7\u00e3o Enxuta) foram combinados de forma que n\u00e3o h\u00e1 estoque ou desperd\u00edcio ao longo do processo fabril.<\/p>\n\n\n\n<p>Foi estabelecido na planta de Juiz de Fora um parque industrial de fornecedores, o I-Park, \u00e1rea na qual est\u00e3o sediadas empresas provedoras de componentes e submontagens. Este conceito possibilita aperfei\u00e7oar a entrega de diferentes conjuntos, em forma de kits, diretamente na linha de montagem, seguindo o conceito just-in-sequence.<\/p>\n\n\n\n<p>\u201cAlcan\u00e7amos este importante marco para nossa f\u00e1brica na produ\u00e7\u00e3o de 250 mil cabinas devido ao empenho e comprometimento de todo o time com seguran\u00e7a e qualidade nos processos! \u201d, afirma Rodrigo Santana, Gerente de Produ\u00e7\u00e3o Montagem Bruta Cabinas da&nbsp;Mercedes-Benz&nbsp;do Brasil em Juiz de Fora.<\/p>\n","protected":false},"excerpt":{"rendered":"<p>Al\u00e9m do alto padr\u00e3o mundial de qualidade dos produtos da marca, processos de fabrica\u00e7\u00e3o adotados t\u00eam como premissa a sustentabilidade ambiental A&nbsp;Mercedes-Benz&nbsp;do Brasil alcan\u00e7ou, em agosto, o marco hist\u00f3rico de 250.000 cabinas de caminh\u00f5es produzidas em sua f\u00e1brica de Juiz de Fora, em Minas Gerais. A unidade faz parte do sistema de produ\u00e7\u00e3o de ve\u00edculos [&hellip;]<\/p>\n","protected":false},"author":1,"featured_media":2146,"comment_status":"open","ping_status":"open","sticky":false,"template":"","format":"standard","meta":{"footnotes":""},"categories":[180],"tags":[642,589,641,357,640,294,605],"class_list":["post-2145","post","type-post","status-publish","format-standard","has-post-thumbnail","hentry","category-mbt","tag-250-mil","tag-brasil","tag-cabinas","tag-fabrica","tag-juiz-de-fora","tag-mercedes-benz","tag-nacional"],"amp_enabled":true,"_links":{"self":[{"href":"https:\/\/autosgiros.com.br\/index.php\/wp-json\/wp\/v2\/posts\/2145","targetHints":{"allow":["GET"]}}],"collection":[{"href":"https:\/\/autosgiros.com.br\/index.php\/wp-json\/wp\/v2\/posts"}],"about":[{"href":"https:\/\/autosgiros.com.br\/index.php\/wp-json\/wp\/v2\/types\/post"}],"author":[{"embeddable":true,"href":"https:\/\/autosgiros.com.br\/index.php\/wp-json\/wp\/v2\/users\/1"}],"replies":[{"embeddable":true,"href":"https:\/\/autosgiros.com.br\/index.php\/wp-json\/wp\/v2\/comments?post=2145"}],"version-history":[{"count":1,"href":"https:\/\/autosgiros.com.br\/index.php\/wp-json\/wp\/v2\/posts\/2145\/revisions"}],"predecessor-version":[{"id":2147,"href":"https:\/\/autosgiros.com.br\/index.php\/wp-json\/wp\/v2\/posts\/2145\/revisions\/2147"}],"wp:featuredmedia":[{"embeddable":true,"href":"https:\/\/autosgiros.com.br\/index.php\/wp-json\/wp\/v2\/media\/2146"}],"wp:attachment":[{"href":"https:\/\/autosgiros.com.br\/index.php\/wp-json\/wp\/v2\/media?parent=2145"}],"wp:term":[{"taxonomy":"category","embeddable":true,"href":"https:\/\/autosgiros.com.br\/index.php\/wp-json\/wp\/v2\/categories?post=2145"},{"taxonomy":"post_tag","embeddable":true,"href":"https:\/\/autosgiros.com.br\/index.php\/wp-json\/wp\/v2\/tags?post=2145"}],"curies":[{"name":"wp","href":"https:\/\/api.w.org\/{rel}","templated":true}]}}