{"id":2035,"date":"2023-09-09T07:29:00","date_gmt":"2023-09-09T10:29:00","guid":{"rendered":"https:\/\/autosgiros.com.br\/?p=2035"},"modified":"2023-10-09T14:30:30","modified_gmt":"2023-10-09T17:30:30","slug":"audi-q6-e-tron-apresenta-novo-interior-conectado-sustentavel-e-com-foco-nos-ocupantes","status":"publish","type":"post","link":"https:\/\/autosgiros.com.br\/index.php\/2023\/09\/09\/audi-q6-e-tron-apresenta-novo-interior-conectado-sustentavel-e-com-foco-nos-ocupantes\/","title":{"rendered":"Audi Q6 e-tron apresenta novo interior conectado, sustent\u00e1vel e com foco nos ocupantes"},"content":{"rendered":"\n<p><em>Cockpit digital tem display curvo ao condutor, head-up display com realidade aumentada e tela independente ao passageiro dianteiro<\/em><\/p>\n\n\n\n<p>Projetado de dentro para fora: o interior do novo Audi Q6 e-tron, que ser\u00e1 lan\u00e7ado no pr\u00f3ximo ano no Brasil, adota a filosofia de design que ir\u00e1 direcionar o interior dos pr\u00f3ximos modelos de produ\u00e7\u00e3o em s\u00e9rie da marca das quatro argolas. Com foco integral nas necessidades dos usu\u00e1rios, o cockpit combina um design tridimensional com alto contraste a uma arquitetura espacial que oferece tecnologia, est\u00e9tica e sustentabilidade em perfeito equil\u00edbrio. O Audi Q6 e-tron \u00e9 o primeiro da s\u00e9rie de modelos da fabricante que adotam a rec\u00e9m-desenvolvida plataforma el\u00e9trica premium, ou Premium Platform Electric (PPE), em ingl\u00eas.<\/p>\n\n\n\n<p>&#8220;Digitaliza\u00e7\u00e3o, sustentabilidade, liberdade e novas formas de utilizar o tempo \u2013 vivemos inquestionavelmente na \u00e9poca emocionante da hist\u00f3ria do design do autom\u00f3vel. Portanto, \u00e9 o momento ideal para mentes corajosas e criativas fazerem perguntas inovadoras e abandonarem o caminho j\u00e1 trilhado at\u00e9 agora. \u00c9 o momento de encontrar respostas inteligentes em novos lugares\u201d, afirma o chefe de design da Audi, Marc Lichte. \u201cUma dessas quest\u00f5es constitui o ponto de partida do nosso novo processo de design: o que os nossos clientes querem experimentar dentro e com o seu ve\u00edculo?<\/p>\n\n\n\n<p>&#8220;Ao compreender o interior como o centro da vida e das experi\u00eancias dos nossos clientes, moldamos de forma \u00fanica o espa\u00e7o, arquitetura e fun\u00e7\u00f5es do ve\u00edculo conforme as suas necessidades e desejos, projetando o ve\u00edculo de dentro para fora. Com o Q6 e-tron, estamos dando forma concreta \u00e0 nossa vis\u00e3o no presente\u201d, conclui Lichte.<\/p>\n\n\n\n<p><strong>Cabine com design integrado<\/strong><\/p>\n\n\n\n<p>O interior com estruturas claras enfatiza o ambiente acolhedor. O chamado &#8220;Softwrap&#8221;, que reveste a parte inferior do painel central com op\u00e7\u00e3o de diversos materiais, se estende desde as portas e atravessa todo o cockpit at\u00e9 o console central, criando uma sensa\u00e7\u00e3o de espa\u00e7o homog\u00eaneo. As cores e os materiais de alta qualidade, alguns deles feitos de materiais reciclados, tamb\u00e9m s\u00e3o utilizados nos assentos.<\/p>\n\n\n\n<p>Dessa forma, todos os componentes da cabine est\u00e3o integrados como um \u00fanico espa\u00e7o. Todos os materiais, dos macios at\u00e9 as pe\u00e7as em preto brilhante, foram selecionados pensando na funcionalidade e destacam as diversas partes da cabine por meio do design.<\/p>\n\n\n\n<p>O acabamento interno torna-se agora um elemento de design funcional. Al\u00e9m de proporcionar uma sensa\u00e7\u00e3o de amplitude, tal filosofia cria clareza, conforto e aconchego. As sa\u00eddas de ar horizontais estreitas contribuem harmoniosamente para o visual. Um conjunto de controles est\u00e1 integrado na ma\u00e7aneta da porta do lado do motorista e combina perfeitamente com o cockpit. Ele possui as fun\u00e7\u00f5es mais importantes, como configura\u00e7\u00f5es de espelhos, fun\u00e7\u00f5es de assento e porta e configura\u00e7\u00f5es de luz e visibilidade.<\/p>\n\n\n\n<p><strong>Est\u00e9tica sustent\u00e1vel<\/strong><\/p>\n\n\n\n<figure class=\"wp-block-image size-large\"><img loading=\"lazy\" decoding=\"async\" width=\"1024\" height=\"576\" src=\"https:\/\/autosgiros.com.br\/wp-content\/uploads\/2023\/09\/Audi-Q6-e-tron-02-1024x576.jpg\" alt=\"\" class=\"wp-image-2037\" srcset=\"https:\/\/autosgiros.com.br\/wp-content\/uploads\/2023\/09\/Audi-Q6-e-tron-02-1024x576.jpg 1024w, https:\/\/autosgiros.com.br\/wp-content\/uploads\/2023\/09\/Audi-Q6-e-tron-02-300x169.jpg 300w, https:\/\/autosgiros.com.br\/wp-content\/uploads\/2023\/09\/Audi-Q6-e-tron-02-768x432.jpg 768w, https:\/\/autosgiros.com.br\/wp-content\/uploads\/2023\/09\/Audi-Q6-e-tron-02.jpg 1200w\" sizes=\"auto, (max-width: 1024px) 100vw, 1024px\" \/><\/figure>\n\n\n\n<p><\/p>\n\n\n\n<p>Alguns dos materiais utilizados no chamado &#8220;Softwrap&#8221; s\u00e3o produzidos de forma sustent\u00e1vel, como o tecido reciclado Elastic Melange, que \u00e9 feito de poli\u00e9ster 100% reciclado. Os bancos esportivos com costuras contrastantes tamb\u00e9m est\u00e3o dispon\u00edveis opcionalmente em Elastic Melange. O tecido Argument, por sua vez, est\u00e1 dispon\u00edvel como op\u00e7\u00e3o para os assentos e para o forro do teto.<\/p>\n\n\n\n<p><strong>Plataforma El\u00e9trica Premium (PPE)<\/strong><\/p>\n\n\n\n<p>O Audi Q6 e-tron incorpora o DNA da Audi e atinge um equil\u00edbrio perfeito entre desempenho de condu\u00e7\u00e3o, carregamento e inova\u00e7\u00e3o t\u00e9cnica. Gra\u00e7as \u00e0 nova plataforma PPE, desenvolvida especialmente para a mobilidade el\u00e9trica, o ve\u00edculo tamb\u00e9m possui um interior espa\u00e7oso altamente adequado para o uso di\u00e1rio, com diversos nichos e porta-objetos.<\/p>\n\n\n\n<p>O console central possui dois porta-copos, uma bandeja e duas entradas para carregamento de smartphones. Como \u00e9 caracter\u00edstico dos ve\u00edculos el\u00e9tricos sem t\u00fanel central, h\u00e1 espa\u00e7o extra para as pernas, priorizando a mobilidade dos ocupantes.<\/p>\n\n\n\n<p>O porta-malas oferece 526 litros &#8211; quando os assentos traseiros s\u00e3o rebatidos, o espa\u00e7o sobe para at\u00e9 1.529 litros. Os bancos traseiros rebatem-se individualmente (40:20:40) e h\u00e1 um espa\u00e7o adicional de 64 litros sob o cap\u00f4 dianteiro.<\/p>\n\n\n\n<p><strong>Display curvo independente<\/strong><\/p>\n\n\n\n<p>O interior \u00e9 dominado pelo \u201cpalco digital\u201d com o display panor\u00e2mico Audi MMI e o display do passageiro dianteiro MMI. Os displays est\u00e3o perfeitamente integrados no conceito de design e proporcionam ao interior uma sensa\u00e7\u00e3o espa\u00e7osa e arejada. O display panor\u00e2mico Audi MMI apresenta um design curvo e contempla a tecnologia OLED. As telas contam com com Audi virtual cockpit de 11,9 polegadas, al\u00e9m do display MMI touch de 14,5 polegadas. A tela com forma curva lembra o Singleframe, identidade da Audi, e a ilumina\u00e7\u00e3o ambiente faz com que a tela curva pare\u00e7a flutuar \u00e0 noite.<\/p>\n\n\n\n<p>Para o passageiro dianteiro, opcionalmente, o palco digital \u00e9 complementado individualmente por um display MMI de 10,9 polegadas, que est\u00e1 perfeitamente integrado ao design do painel. Um modo de privacidade permite que o passageiro assista a filmes sem distrair o motorista. Ao mesmo tempo, permite ao passageiro auxiliar o condutor, por exemplo, na navega\u00e7\u00e3o.<\/p>\n\n\n\n<p>O head-up display com realidade aumentada representa um avan\u00e7o significativo na tecnologia e mostra informa\u00e7\u00f5es relevantes como velocidade, sinais de tr\u00e2nsito e \u00edcones de assist\u00eancia e navega\u00e7\u00e3o. A imagem virtual cria a impress\u00e3o de que os itens exibidos est\u00e3o flutuando a at\u00e9 200 metros de dist\u00e2ncia e interagem com o ambiente. O motorista consegue entender o funcionamento das telas tamb\u00e9m em condi\u00e7\u00f5es de baixa visibilidade.<\/p>\n\n\n\n<p><strong>Luzes interativas no interior<\/strong><\/p>\n\n\n\n<p>Internamente, h\u00e1 luzes interativas (IAL, na sigla em ingl\u00eas) que auxiliam o carro na intera\u00e7\u00e3o com seus ocupantes em tr\u00eas fun\u00e7\u00f5es centrais. Entre elas, a fun\u00e7\u00e3o de boas-vindas, a indica\u00e7\u00e3o de quando o ve\u00edculo est\u00e1 trancado e destrancado.<\/p>\n\n\n\n<p>O IAL tamb\u00e9m auxilia na seguran\u00e7a: por exemplo, visualiza os piscas din\u00e2micos. No entanto, o IAL continua sendo um display adicional e n\u00e3o substitui os piscas no cockpit virtual. Por fim, ele tamb\u00e9m visualiza outras informa\u00e7\u00f5es, como exibi\u00e7\u00e3o do n\u00edvel de carga e progresso do carregamento, mostradas como uma luz pulsante.<\/p>\n\n\n\n<p><strong>Assistente de voz com autoaprendizagem<\/strong><\/p>\n\n\n\n<p>A nova plataforma eletr\u00f4nica garante que os clientes da Audi experimentem a digitaliza\u00e7\u00e3o do ve\u00edculo mais do que nunca. Sendo o primeiro ve\u00edculo baseado na nova arquitetura E3, a s\u00e9rie Audi Q6 e-tron est\u00e1 equipada com um interior digital totalmente conectado.<\/p>\n\n\n\n<p>V\u00e1rias fun\u00e7\u00f5es est\u00e3o agora interligadas de forma inteligente, permitindo uma nova experi\u00eancia interior e funcionalidades inovadoras. Ao mesmo tempo, a Audi est\u00e1 introduzindo uma plataforma de infoentretenimento completamente nova e uniforme no Audi Q6 e-tron, desenvolvida com a empresa de software CARIAD.<\/p>\n\n\n\n<p>O modelo conta tamb\u00e9m com com um elevado grau de conectividade. Por exemplo, os usu\u00e1rios podem controlar muitas fun\u00e7\u00f5es do ve\u00edculo usando o assistente de voz com autoaprendizagem da Audi. Profundamente integrado ao ve\u00edculo, o assistente \u00e9 agora representado pela primeira vez por um avatar no painel (\u201cAudi Assistant Dashboard\u201d) e pelo head-up display de realidade aumentada.<\/p>\n\n\n\n<p>O usu\u00e1rio ativa o assistente com a frase \u201cHey, Audi\u201d. Tamb\u00e9m pode ser ativado por meio de diversos outros pontos de contato e do aplicativo myAudi. O novo conceito de visualiza\u00e7\u00e3o e opera\u00e7\u00e3o permite ao condutor procurar o posto de carregamento mais pr\u00f3ximo atrav\u00e9s de di\u00e1logo de voz e selecionar na lista atrav\u00e9s da tela sens\u00edvel ao toque.<\/p>\n\n\n\n<p>Os comandos orais tamb\u00e9m s\u00e3o mostrados no display e o assistente digital aprende continuamente com o comportamento do usu\u00e1rio para oferecer a melhor experi\u00eancia poss\u00edvel. Esse suporte pode ser dividido em tr\u00eas categorias: sugest\u00f5es proativas (informa\u00e7\u00f5es contextuais s\u00e3o usadas para sugerir fun\u00e7\u00f5es para ativa\u00e7\u00e3o de forma proativa e situacional), rotinas inteligentes (sequ\u00eancias operacionais recorrentes s\u00e3o automatizadas, como o uso do ar-condicionado dos bancos de acordo com determinadas temperaturas externas) e listas inteligentes (como listas de chamadas).<\/p>\n\n\n\n<p>Gra\u00e7as a uma loja de aplicativos, os usu\u00e1rios tamb\u00e9m podem usar muitos dos seus aplicativos favoritos diretamente na tela do ve\u00edculo. Ao incorporar a loja, que foi desenvolvida em conjunto com a CARIAD e seu parceiro Harman Ignite, os clientes podem acessar direta e intuitivamente aplicativos populares por meio do display sens\u00edvel ao toque MMI. Os aplicativos selecionados s\u00e3o instalados diretamente no sistema de infoentretenimento da Audi \u2013 sem a necessidade de um smartphone. Os usu\u00e1rios tamb\u00e9m podem interagir com seus aplicativos por meio de comandos de voz.<\/p>\n\n\n\n<p><strong>Precis\u00e3o ac\u00fastica do sistema de som 3D<\/strong><\/p>\n\n\n\n<p>O sistema de som Bang &amp; Olufsen Premium com som 3D, opcional do Audi Q6 e-tron, oferece a m\u00e1xima precis\u00e3o ac\u00fastica. A m\u00fasica \u00e9 ouvida exatamente como foi gravada \u2013 para uma experi\u00eancia sonora natural e impressionante. Um amplificador altamente eficiente est\u00e1 no cora\u00e7\u00e3o do Bang &amp; Olufsen Premium Sound System. Ele aciona 22 alto-falantes com 830 watts. Quatro est\u00e3o integrados nos encostos de cabe\u00e7a dos bancos dianteiros, um design que permite \u00e0 Audi introduzir pela primeira vez as chamadas zonas sonoras.<\/p>\n\n\n\n<p>Os alto-falantes de graves nas portas dianteiras ficam em uma caixa separada, causando menos vibra\u00e7\u00e3o nas partes pr\u00f3ximas e garantindo que o som seja reproduzido com grande precis\u00e3o. Isto melhora a qualidade do som e reduz a propaga\u00e7\u00e3o do som fora do ve\u00edculo. A dissocia\u00e7\u00e3o do alto-falante tamb\u00e9m proporciona graves precisos e volumosos. Letras iluminadas encenam o sistema de som \u00e0 noite.<\/p>\n\n\n\n<p>Com este interior multifacetado, que a Audi reconhece como \u201co centro da vida e das experi\u00eancias dos nossos clientes\u201d, o Q6 e-tron satisfaz as necessidades dos seus usu\u00e1rios por meio de design e tecnologia de formas nunca antes poss\u00edveis.<\/p>\n","protected":false},"excerpt":{"rendered":"<p>Cockpit digital tem display curvo ao condutor, head-up display com realidade aumentada e tela independente ao passageiro dianteiro Projetado de dentro para fora: o interior do novo Audi Q6 e-tron, que ser\u00e1 lan\u00e7ado no pr\u00f3ximo ano no Brasil, adota a filosofia de design que ir\u00e1 direcionar o interior dos pr\u00f3ximos modelos de produ\u00e7\u00e3o em s\u00e9rie [&hellip;]<\/p>\n","protected":false},"author":1,"featured_media":2036,"comment_status":"open","ping_status":"open","sticky":false,"template":"","format":"standard","meta":{"footnotes":""},"categories":[6,5],"tags":[236,372,336,288,568,569],"class_list":["post-2035","post","type-post","status-publish","format-standard","has-post-thumbnail","hentry","category-auto-e","category-auto-premium","tag-audi","tag-e-tron","tag-eletrico","tag-premium","tag-q6","tag-q6-e-tron"],"amp_enabled":true,"_links":{"self":[{"href":"https:\/\/autosgiros.com.br\/index.php\/wp-json\/wp\/v2\/posts\/2035","targetHints":{"allow":["GET"]}}],"collection":[{"href":"https:\/\/autosgiros.com.br\/index.php\/wp-json\/wp\/v2\/posts"}],"about":[{"href":"https:\/\/autosgiros.com.br\/index.php\/wp-json\/wp\/v2\/types\/post"}],"author":[{"embeddable":true,"href":"https:\/\/autosgiros.com.br\/index.php\/wp-json\/wp\/v2\/users\/1"}],"replies":[{"embeddable":true,"href":"https:\/\/autosgiros.com.br\/index.php\/wp-json\/wp\/v2\/comments?post=2035"}],"version-history":[{"count":1,"href":"https:\/\/autosgiros.com.br\/index.php\/wp-json\/wp\/v2\/posts\/2035\/revisions"}],"predecessor-version":[{"id":2038,"href":"https:\/\/autosgiros.com.br\/index.php\/wp-json\/wp\/v2\/posts\/2035\/revisions\/2038"}],"wp:featuredmedia":[{"embeddable":true,"href":"https:\/\/autosgiros.com.br\/index.php\/wp-json\/wp\/v2\/media\/2036"}],"wp:attachment":[{"href":"https:\/\/autosgiros.com.br\/index.php\/wp-json\/wp\/v2\/media?parent=2035"}],"wp:term":[{"taxonomy":"category","embeddable":true,"href":"https:\/\/autosgiros.com.br\/index.php\/wp-json\/wp\/v2\/categories?post=2035"},{"taxonomy":"post_tag","embeddable":true,"href":"https:\/\/autosgiros.com.br\/index.php\/wp-json\/wp\/v2\/tags?post=2035"}],"curies":[{"name":"wp","href":"https:\/\/api.w.org\/{rel}","templated":true}]}}