{"id":2027,"date":"2023-09-11T13:14:00","date_gmt":"2023-09-11T16:14:00","guid":{"rendered":"https:\/\/autosgiros.com.br\/?p=2027"},"modified":"2023-10-09T14:31:02","modified_gmt":"2023-10-09T17:31:02","slug":"bmw-se-reinventa-o-bmw-vision-neue-klasse","status":"publish","type":"post","link":"https:\/\/autosgiros.com.br\/index.php\/2023\/09\/11\/bmw-se-reinventa-o-bmw-vision-neue-klasse\/","title":{"rendered":"BMW se reinventa: O BMW Vision Neue Klasse"},"content":{"rendered":"\n<p><em>Mais efici\u00eancia e prazer de condu\u00e7\u00e3o gra\u00e7as \u00e0 tecnologia BMW eDrive de sexta gera\u00e7\u00e3o<\/em><\/p>\n\n\n\n<p>Com o seu mais recente conceito de design, o BMW Vision Neue Klasse, o BMW Group apresenta como ser\u00e1 a pr\u00f3xima gera\u00e7\u00e3o de ve\u00edculos da sua principal marca BMW. \u201cO BMW Vision Neue Klasse combina a nossa capacidade de inovar nas principais \u00e1reas de eletrifica\u00e7\u00e3o, digitaliza\u00e7\u00e3o e circularidade\u201d, afirma Oliver Zipse, Presidente do Conselho de Administra\u00e7\u00e3o da BMW AG. \u201cDesta forma, podemos estar sempre dois passos \u00e0 frente do futuro: a Neue Klasse j\u00e1 est\u00e1 trazendo a mobilidade da pr\u00f3xima d\u00e9cada para as estradas em 2025 \u2013 e conduzindo a BMW para uma nova era\u201d.<\/p>\n\n\n\n<p>O Vision Vehicle, que ser\u00e1 apresentado ao p\u00fablico pela primeira vez no Sal\u00e3o Internacional do Autom\u00f3vel IAA Mobility 2023, em Munique, incorpora uma linguagem de design clara, com superf\u00edcies amplas e apenas algumas linhas distintas, que foi reduzida ao essencial. Esta abordagem acentua caracter\u00edsticas exclusivas, como a grade em forma de rim da BMW e o contorno Hofmeister no gr\u00e1fico da janela lateral, dando ao design ainda mais uma sensa\u00e7\u00e3o BMW. No interior, a pr\u00f3xima gera\u00e7\u00e3o do BMW iDrive garante uma experi\u00eancia de usu\u00e1rio digital \u00fanica que mescla mundos reais e virtuais. O aumento do uso de mat\u00e9rias-primas secund\u00e1rias, a produ\u00e7\u00e3o eficiente de recursos e um trem de for\u00e7a totalmente el\u00e9trico com tecnologia BMW eDrive de sexta gera\u00e7\u00e3o reduzem a pegada de carbono da Neue Klasse ao longo do ciclo de vida do ve\u00edculo.<\/p>\n\n\n\n<p>\u201c30% mais autonomia, carregamento 30% mais r\u00e1pido, 25% mais efici\u00eancia \u2013 a Neue Klasse representa um grande salto tecnol\u00f3gico que levar\u00e1 o EfficientDynamics a novos patamares. Isso tamb\u00e9m se aplica ao seu design \u2013 que n\u00e3o poderia ser mais futurista\u201d, afirma Frank Weber, membro do Conselho de Administra\u00e7\u00e3o da BMW AG respons\u00e1vel pelo Desenvolvimento. \u201cCom a Neue Klasse, embarcamos no maior investimento da hist\u00f3ria da empresa. N\u00e3o estamos apenas escrevendo o pr\u00f3ximo cap\u00edtulo da BMW; estamos escrevendo um livro totalmente novo. \u00c9 por isso que a Neue Klasse certamente impactar\u00e1 todas as gera\u00e7\u00f5es de modelos\u201d.<\/p>\n\n\n\n<p><strong>Nova linguagem de design da BMW: clara, elegante e atemporal<\/strong><\/p>\n\n\n\n<p>O exterior apresenta elementos de design que definir\u00e3o os diferentes modelos Neue Klasse. \u00c9 claro, elegante, atemporal. A nova arquitetura do ve\u00edculo totalmente el\u00e9trico tamb\u00e9m abre novas possibilidades para o design interior. \u201cO design da Neue Klasse \u00e9 tipicamente BMW e t\u00e3o progressivo que parece que saltamos uma gera\u00e7\u00e3o de modelo\u201d, explica Adrian van Hooydonk, head do BMW Group Design.<\/p>\n\n\n\n<p>Arcos de roda poderosos, greenhouse retra\u00edda e a dianteira \u201cnariz de tubar\u00e3o\u201d acentuadamente inclinada para a frente s\u00e3o caracter\u00edsticas da BMW. As rodas aerodin\u00e2micas de 21 polegadas prestam homenagem ao cl\u00e1ssico design de raios cruzados inspirado no automobilismo. Ao mesmo tempo, a carroceria quase monol\u00edtica do ve\u00edculo, com fortes recortes na frente e atr\u00e1s, bem como grandes \u00e1reas de janelas, criam uma est\u00e9tica.<\/p>\n\n\n\n<figure class=\"wp-block-image size-large\"><img loading=\"lazy\" decoding=\"async\" width=\"1024\" height=\"576\" src=\"https:\/\/autosgiros.com.br\/wp-content\/uploads\/2023\/09\/BMW-Vision-Neuw-Klas-02-1024x576.jpg\" alt=\"\" class=\"wp-image-2029\" srcset=\"https:\/\/autosgiros.com.br\/wp-content\/uploads\/2023\/09\/BMW-Vision-Neuw-Klas-02-1024x576.jpg 1024w, https:\/\/autosgiros.com.br\/wp-content\/uploads\/2023\/09\/BMW-Vision-Neuw-Klas-02-300x169.jpg 300w, https:\/\/autosgiros.com.br\/wp-content\/uploads\/2023\/09\/BMW-Vision-Neuw-Klas-02-768x432.jpg 768w, https:\/\/autosgiros.com.br\/wp-content\/uploads\/2023\/09\/BMW-Vision-Neuw-Klas-02.jpg 1200w\" sizes=\"auto, (max-width: 1024px) 100vw, 1024px\" \/><\/figure>\n\n\n\n<p><\/p>\n\n\n\n<p>A pintura exterior luminosa em \u201cJoyous Bright\u201d, com seu sutil tom amarelo, sublinha a personalidade amig\u00e1vel e orientada para o futuro do BMW Vision Neue Klasse. O contraste \u00e9 fornecido pelas saias laterais e para-choques pretos. Com uma percentagem mais elevada de mat\u00e9rias-primas secund\u00e1rias e uma variedade de materiais significativamente reduzida, foram introduzidas melhorias espec\u00edficas para aumentar a circularidade. Um conceito de desmantelamento melhorado tamb\u00e9m ajudar\u00e1 a otimizar a reciclagem dos ve\u00edculos da Neue Klasse.<\/p>\n\n\n\n<p>Uma nova interpreta\u00e7\u00e3o dos elementos de design caracter\u00edsticos da marca, como a grade em forma de rim BMW e os far\u00f3is duplos, transformam a dianteira do ve\u00edculo numa \u00fanica \u00e1rea de intera\u00e7\u00e3o. Um efeito de ilumina\u00e7\u00e3o com anima\u00e7\u00e3o tridimensional exata inicia a intera\u00e7\u00e3o intuitiva entre o ser humano e seu ve\u00edculo assim que se aproxima do carro. Os elementos E Ink na parte inferior dos vidros laterais tamb\u00e9m aparecem no cen\u00e1rio exterior de boas-vindas, direcionando a aten\u00e7\u00e3o para a \u00e1rea do sensor que aciona a abertura autom\u00e1tica das portas. A tecnologia inovadora define de forma semelhante o design das luzes traseiras, com elementos de luz impressos em 3D que se estendem por v\u00e1rios n\u00edveis e s\u00e3o controlados de forma direcionada para criar uma impress\u00e3o \u00fanica de profundidade.<\/p>\n\n\n\n<p><strong>Fornecendo vis\u00e3o: Pr\u00f3xima gera\u00e7\u00e3o do BMW iDrive<\/strong><\/p>\n\n\n\n<p>Os controles operacionais anal\u00f3gicos foram reduzidos ao m\u00ednimo no BMW Vision Neue Klasse. A intera\u00e7\u00e3o homem-carro ocorre atrav\u00e9s do BMW Panoramic Vision, do Display Central e dos bot\u00f5es multifuncionais no volante. A experi\u00eancia do usu\u00e1rio \u00e9 complementada pelo comprovado controle de voz do BMW Intelligent Personal Assistant. Desta forma, a pr\u00f3xima gera\u00e7\u00e3o do BMW iDrive oferece uma interpreta\u00e7\u00e3o moderna da orienta\u00e7\u00e3o ao condutor t\u00edpica da marca.<\/p>\n\n\n\n<p>Tal como aconteceu com a introdu\u00e7\u00e3o do controlador BMW iDrive no console central e do BMW Head-Up Display, a marca volta a liderar o mundo com o BMW Panoramic Vision, que estar\u00e1 dispon\u00edvel pela primeira vez na Neue Klasse. A informa\u00e7\u00e3o \u00e9 projetada \u00e0 altura ideal na linha de vis\u00e3o do condutor e, pela primeira vez, em toda a largura do p\u00e1ra-brisas. Esta inova\u00e7\u00e3o complementar\u00e1 o BMW Head-Up Display aprimorado nos modelos de produ\u00e7\u00e3o da Neue Klasse.<\/p>\n\n\n\n<p>Na pr\u00f3xima gera\u00e7\u00e3o do BMW iDrive, tanto o condutor como o passageiro dianteiro s\u00e3o capazes de interagir com as informa\u00e7\u00f5es exibidas no BMW Panoramic Vision, criando uma experi\u00eancia de usu\u00e1rio compartilhada. Os motoristas podem mover o conte\u00fado exibido no Display Central para o BMW Panoramic Vision com um simples gesto.<\/p>\n\n\n\n<p>Uma coreografia coordenada entre a ilumina\u00e7\u00e3o ambiente e os elementos gr\u00e1ficos do Display Central e do BMW Panoramic Vision enriquece a experi\u00eancia do usu\u00e1rio \u2013 que tamb\u00e9m pode ser personalizada usando My Modes. No My Mode \u2018Sport\u2019, exibi\u00e7\u00f5es espec\u00edficas s\u00e3o definidas contra um fundo amarelo para apoiar a condu\u00e7\u00e3o din\u00e2mica. O novo BMW iDrive \u00e9 baseado em uma arquitetura de software altamente integrada que consolida dados relacionados \u00e0 experi\u00eancia de dire\u00e7\u00e3o e infotainment com dados do sistema eletr\u00f4nico e el\u00e9trico do ve\u00edculo e da BMW cloud. A intera\u00e7\u00e3o entre o ser humano e o ve\u00edculo pode assim ser adaptada ainda mais de acordo com a situa\u00e7\u00e3o de condu\u00e7\u00e3o e as necessidades individuais, permitindo uma percep\u00e7\u00e3o totalmente nova da mobilidade.<\/p>\n\n\n\n<p>Os tecidos com cord\u00f5es brilhantes criam uma atmosfera confort\u00e1vel no interior do BMW Vision Neue Klasse. O painel de instrumentos de cor clara sustenta o volante, achatado nas partes superior e inferior, bem como o Display Central com Matrix-Backlight no contorno de um paralelogramo. Uma base para carregamento de smartphone e o espa\u00e7o da alavanca seletora v\u00edtrea no console central. Os bancos dianteiros s\u00e3o fixados ao ch\u00e3o por um \u00fanico suporte, liberando espa\u00e7o adicional para as pernas no compartimento traseiro, onde os passageiros podem desfrutar do ambiente criado por ter dois assentos individuais. O design do interior, totalmente isento de cromo decorativo ou couro, ajuda a otimizar a pegada de carbono do processo de produ\u00e7\u00e3o.<\/p>\n\n\n\n<p><strong>Produ\u00e7\u00e3o reduzida de CO2, tecnologia BMW eDrive de sexta gera\u00e7\u00e3o<\/strong><\/p>\n\n\n\n<p>Produzido na nova planta em Debrecen inteiramente sem combust\u00edveis f\u00f3sseis e com uma utiliza\u00e7\u00e3o muito mais ampla de mat\u00e9rias-primas, e mat\u00e9rias secund\u00e1rias produzidas com CO2 reduzido, a Neue Klasse tamb\u00e9m proporcionar\u00e1 um impulso significativo \u00e0 mobilidade individual eficiente em termos de recursos. A elevada efici\u00eancia energ\u00e9tica durante a fase de utiliza\u00e7\u00e3o do ve\u00edculo ser\u00e1 assegurada pela otimiza\u00e7\u00e3o do peso, do ar e da resist\u00eancia ao rolamento, bem como atrav\u00e9s da gest\u00e3o inteligente do calor, especialmente para a transmiss\u00e3o el\u00e9trica, utilizando a tecnologia BMW eDrive de sexta gera\u00e7\u00e3o.<\/p>\n\n\n\n<p>Al\u00e9m dos motores el\u00e9tricos altamente eficientes, os principais avan\u00e7os na nova tecnologia BMW eDrive incluem c\u00e9lulas de bateria redondas recentemente desenvolvidas, com densidade de energia mais de 20% maior do que a das c\u00e9lulas prism\u00e1ticas utilizadas anteriormente. A sexta gera\u00e7\u00e3o da tecnologia BMW eDrive melhorar\u00e1 a velocidade de carregamento dos modelos Neue Klasse em at\u00e9 30%, al\u00e9m de aumentar sua autonomia em at\u00e9 30%. Como resultado de todas estas medidas, a efici\u00eancia global dos ve\u00edculos aumentar\u00e1 at\u00e9 25%.<\/p>\n\n\n\n<p><strong>Inova\u00e7\u00f5es garantem o prazer de condu\u00e7\u00e3o exclusivo da BMW para as gera\u00e7\u00f5es futuras<\/strong><\/p>\n\n\n\n<figure class=\"wp-block-image size-large\"><img loading=\"lazy\" decoding=\"async\" width=\"1024\" height=\"576\" src=\"https:\/\/autosgiros.com.br\/wp-content\/uploads\/2023\/09\/BMW-Vision-Neuw-Klas-03-1024x576.jpg\" alt=\"\" class=\"wp-image-2028\" srcset=\"https:\/\/autosgiros.com.br\/wp-content\/uploads\/2023\/09\/BMW-Vision-Neuw-Klas-03-1024x576.jpg 1024w, https:\/\/autosgiros.com.br\/wp-content\/uploads\/2023\/09\/BMW-Vision-Neuw-Klas-03-300x169.jpg 300w, https:\/\/autosgiros.com.br\/wp-content\/uploads\/2023\/09\/BMW-Vision-Neuw-Klas-03-768x432.jpg 768w, https:\/\/autosgiros.com.br\/wp-content\/uploads\/2023\/09\/BMW-Vision-Neuw-Klas-03.jpg 1200w\" sizes=\"auto, (max-width: 1024px) 100vw, 1024px\" \/><\/figure>\n\n\n\n<p><\/p>\n\n\n\n<p>A eletrifica\u00e7\u00e3o, a digitaliza\u00e7\u00e3o e a circularidade s\u00e3o os elementos centrais da transforma\u00e7\u00e3o que est\u00e1 sendo ativamente moldada pelo BMW Group e que come\u00e7ou com os modelos eletrificados da marca BMW i. O BMW i Vision Circular destaca o enorme potencial que pode ser aproveitado atrav\u00e9s da implementa\u00e7\u00e3o sistem\u00e1tica de uma economia circular que reduza o consumo de mat\u00e9rias-primas e reduza as emiss\u00f5es de CO2. O BMW i Vision Dee, por outro lado, mostra como a tecnologia digital centrada no ser humano pode enriquecer a experi\u00eancia do usu\u00e1rio.<\/p>\n\n\n\n<p>Todos estes t\u00f3picos est\u00e3o agora reunidos no BMW Vision Neue Klasse, um ve\u00edculo que representa toda a gama de inova\u00e7\u00f5es tecnol\u00f3gicas atrav\u00e9s das quais o BMW Group demonstra a sua sustentabilidade futura. O BMW Vision Neue Klasse assinala o in\u00edcio de uma nova era de mobilidade individual rica em experi\u00eancias digitais, livre de emiss\u00f5es locais e circular a longo prazo \u2013 garantindo o prazer de dirigir t\u00edpico da BMW para as gera\u00e7\u00f5es futuras.<\/p>\n","protected":false},"excerpt":{"rendered":"<p>Mais efici\u00eancia e prazer de condu\u00e7\u00e3o gra\u00e7as \u00e0 tecnologia BMW eDrive de sexta gera\u00e7\u00e3o Com o seu mais recente conceito de design, o BMW Vision Neue Klasse, o BMW Group apresenta como ser\u00e1 a pr\u00f3xima gera\u00e7\u00e3o de ve\u00edculos da sua principal marca BMW. \u201cO BMW Vision Neue Klasse combina a nossa capacidade de inovar nas [&hellip;]<\/p>\n","protected":false},"author":1,"featured_media":2030,"comment_status":"open","ping_status":"open","sticky":false,"template":"","format":"standard","meta":{"footnotes":""},"categories":[6,5],"tags":[226,561,336,559,560],"class_list":["post-2027","post","type-post","status-publish","format-standard","has-post-thumbnail","hentry","category-auto-e","category-auto-premium","tag-bmw","tag-bmw-group","tag-eletrico","tag-neue-klasse","tag-visao"],"amp_enabled":true,"_links":{"self":[{"href":"https:\/\/autosgiros.com.br\/index.php\/wp-json\/wp\/v2\/posts\/2027","targetHints":{"allow":["GET"]}}],"collection":[{"href":"https:\/\/autosgiros.com.br\/index.php\/wp-json\/wp\/v2\/posts"}],"about":[{"href":"https:\/\/autosgiros.com.br\/index.php\/wp-json\/wp\/v2\/types\/post"}],"author":[{"embeddable":true,"href":"https:\/\/autosgiros.com.br\/index.php\/wp-json\/wp\/v2\/users\/1"}],"replies":[{"embeddable":true,"href":"https:\/\/autosgiros.com.br\/index.php\/wp-json\/wp\/v2\/comments?post=2027"}],"version-history":[{"count":1,"href":"https:\/\/autosgiros.com.br\/index.php\/wp-json\/wp\/v2\/posts\/2027\/revisions"}],"predecessor-version":[{"id":2031,"href":"https:\/\/autosgiros.com.br\/index.php\/wp-json\/wp\/v2\/posts\/2027\/revisions\/2031"}],"wp:featuredmedia":[{"embeddable":true,"href":"https:\/\/autosgiros.com.br\/index.php\/wp-json\/wp\/v2\/media\/2030"}],"wp:attachment":[{"href":"https:\/\/autosgiros.com.br\/index.php\/wp-json\/wp\/v2\/media?parent=2027"}],"wp:term":[{"taxonomy":"category","embeddable":true,"href":"https:\/\/autosgiros.com.br\/index.php\/wp-json\/wp\/v2\/categories?post=2027"},{"taxonomy":"post_tag","embeddable":true,"href":"https:\/\/autosgiros.com.br\/index.php\/wp-json\/wp\/v2\/tags?post=2027"}],"curies":[{"name":"wp","href":"https:\/\/api.w.org\/{rel}","templated":true}]}}