{"id":1964,"date":"2023-09-04T18:49:00","date_gmt":"2023-09-04T21:49:00","guid":{"rendered":"https:\/\/autosgiros.com.br\/?p=1964"},"modified":"2023-10-09T14:38:09","modified_gmt":"2023-10-09T17:38:09","slug":"sest-senat-inaugura-nova-unidade-em-santana-do-livramento-rs","status":"publish","type":"post","link":"https:\/\/autosgiros.com.br\/index.php\/2023\/09\/04\/sest-senat-inaugura-nova-unidade-em-santana-do-livramento-rs\/","title":{"rendered":"SEST SENAT inaugura nova unidade em Santana do Livramento (RS)"},"content":{"rendered":"\n<p><em>Espa\u00e7o ampliar\u00e1 a presta\u00e7\u00e3o de servi\u00e7os de qualifica\u00e7\u00e3o profissional e sa\u00fade oferecidos aos trabalhadores do setor de transporte e \u00e0 comunidade em geral<\/em><\/p>\n\n\n\n<p>Ser\u00e1 inaugurada, nessa ter\u00e7a-feira (5), uma nova unidade do SEST SENAT (Servi\u00e7o Social do Transporte e Servi\u00e7o Nacional de Aprendizagem do Transporte), dessa vez em Santana do Livramento (RS). A entrega \u00e9 um marco para o setor de transporte de toda a regi\u00e3o.\u00a0A solenidade est\u00e1 marcada para ocorrer \u00e0s 9h.\u00a0<\/p>\n\n\n\n<p>O valor do investimento na nova instala\u00e7\u00e3o \u00e9 de cerca de R\uff04 15 milh\u00f5es, considerando a obra e todos os equipamentos e mobili\u00e1rios. A unidade est\u00e1 localizada na Avenida Intendente Altivo Esteves Freire, n\u00ba 1.868, Parque do Sol, Santana do Livramento (RS).<\/p>\n\n\n\n<p><strong>Estrutura ampliada<\/strong><\/p>\n\n\n\n<p>A nova estrutura \u2013 mais ampla, moderna e eficiente \u2013 vai oferecer servi\u00e7os como:\u00a0simulador de dire\u00e7\u00e3o de caminh\u00e3o, carreta e\u00a0\u00f4nibus\u00a0\u2014 tecnologia de ponta utilizada no aperfei\u00e7oamento de motoristas profissionais, com foco na preven\u00e7\u00e3o de acidentes e na condu\u00e7\u00e3o eficiente e econ\u00f4mica;\u00a0atendimentos de psicologia, nutri\u00e7\u00e3o, odontologia e fisioterapia.\u00a0<\/p>\n\n\n\n<p>A capacidade \u00e9 de mais de 53 mil atendimentos ao ano\u00a0para os trabalhadores do transporte, os seus familiares e a comunidade em geral. Os atendimentos s\u00e3o gratuitos a todos os trabalhadores do setor transportador.<\/p>\n\n\n\n<p><strong>Servi\u00e7os de excel\u00eancia<\/strong><\/p>\n\n\n\n<p>O presidente da CNT (Confedera\u00e7\u00e3o Nacional do Transporte) e dos Conselhos Nacionais do SEST e do SENAT,\u00a0Vander Costa, afirma que, com a inaugura\u00e7\u00e3o da nova unidade em\u00a0Santana do Livramento, o SEST SENAT refor\u00e7a o seu compromisso de estar onde o trabalhador do transporte mais precisa. \u201cOnde h\u00e1 mercado transportador, existe o SEST SENAT. Queremos continuar induzindo o desenvolvimento regional e contribuindo para o aprimoramento do setor e dos trabalhadores do transporte da regi\u00e3o\u201d, afirma.<\/p>\n\n\n\n<p>Para o presidente do Conselho Regional do SEST SENAT do Rio Grande do Sul, Afr\u00e2nio Kieling,\u00a0a nova unidade vai garantir mais acesso a servi\u00e7os de excel\u00eancia. \u201cA fronteira com o Uruguai movimenta grande parte do transporte rodovi\u00e1rio internacional de cargas. O SEST SENAT est\u00e1 indo para a regi\u00e3o com o objetivo de somar e fazer a diferen\u00e7a, oferecendo servi\u00e7os nas \u00e1reas da sa\u00fade, educa\u00e7\u00e3o e esporte. A nossa unidade est\u00e1 de portas abertas para a comunidade santanense e os trabalhadores do transporte\u201d, conclui o presidente Afr\u00e2nio Kieling.<\/p>\n\n\n\n<p>A nova estrutura tem 1.889,17 m<sup>2<\/sup>\u00a0de \u00e1rea constru\u00edda\u00a0e conta com sala de treinamento no simulador de dire\u00e7\u00e3o, com capacidade para 15 alunos; tr\u00eas salas de aula, com capacidade para 25 alunos cada; e uma sala de treinamento da EaD, com capacidade para 18 alunos.<\/p>\n\n\n\n<p>A \u00e1rea de sa\u00fade est\u00e1 equipada para prestar atendimentos em fisioterapia, psicologia, nutri\u00e7\u00e3o e odontologia cl\u00ednica em quatro consult\u00f3rios.<\/p>\n\n\n\n<p><strong>Homenagem<\/strong><\/p>\n\n\n\n<p>A nova unidade recebe o nome de\u00a0Jos\u00e9 Crispiniano da Silva, reconhecido na regi\u00e3o pelo compromisso e pela dedica\u00e7\u00e3o ao setor transportador. Ele \u00e9 delegado da Associa\u00e7\u00e3o Brasileira de Transportadores Internacionais desde 1989 e \u00e9 gerente de exporta\u00e7\u00e3o e importa\u00e7\u00e3o na AC Despachos Aduaneiros desde 2015. Atualmente, ele tamb\u00e9m \u00e9\u00a0vice-presidente do Sinditransportes (Sindicato das Empresas de Transporte Rodovi\u00e1rio de Cargas Nacional e Internacional de Sant\u2019ana do Livramento).<\/p>\n\n\n\n<p>O empres\u00e1rio atuou como gerente da Transportadora Volta Redonda de 1977 a 1995. Em 1981, formou-se despachante aduaneiro. Foi s\u00f3cio e diretor da JC Despachos Aduaneiros entre 1993 e 2015. Foi, tamb\u00e9m, diretor delegado da campanha Fecom\u00e9rcio-RS de 2004 a 2007. De 2010 a 2015, atuou como presidente da Associa\u00e7\u00e3o dos Despachantes de Santana. Al\u00e9m disso, foi presidente do Sindicato dos Transportadores de Cargas de Sant\u2019ana do Livramento de 2011 a 2014.<\/p>\n\n\n\n<p><strong>Expans\u00e3o<\/strong><\/p>\n\n\n\n<p>A unidade do SEST SENAT de Santana do Livramento\u00a0\u00e9 a quinta a ser inaugurada no Brasil, em 2023.\u00a0Ao todo, o pa\u00eds j\u00e1 conta com\u00a0163 unidades, sendo 13 delas no Rio Grande do Sul: Bento Gon\u00e7alves, Carazinho, Caxias do Sul, Iju\u00ed, Lajeado, Passo Fundo, Pelotas, Porto Alegre, Rio Grande, Santa Maria, Santa Rosa, Sant\u2019ana do Livramento e Uruguaiana.<\/p>\n\n\n\n<p>A inaugura\u00e7\u00e3o dessa ter\u00e7a-feira (5) integra o plano de expans\u00e3o e melhoria da rede f\u00edsica do SEST SENAT em todo o Brasil. A amplia\u00e7\u00e3o das unidades permite ao SEST SENAT oferecer mais e melhores servi\u00e7os aos trabalhadores do setor e, assim, garantir mais efici\u00eancia para as empresas.<\/p>\n\n\n\n<p><strong>Servi\u00e7o:<\/strong><br>Inaugura\u00e7\u00e3o da nova unidade do SEST SENAT de Sant\u2019ana do Livramento (RS).<br><strong>Quando:<\/strong>\u00a05 de setembro, \u00e0s 9h.<br><strong>Onde:<\/strong>\u00a0Avenida Intendente Altivo Esteves Freire, n\u00ba 1.868, Parque do Sol, Santana do Livramento (RS).<\/p>\n","protected":false},"excerpt":{"rendered":"<p>Espa\u00e7o ampliar\u00e1 a presta\u00e7\u00e3o de servi\u00e7os de qualifica\u00e7\u00e3o profissional e sa\u00fade oferecidos aos trabalhadores do setor de transporte e \u00e0 comunidade em geral Ser\u00e1 inaugurada, nessa ter\u00e7a-feira (5), uma nova unidade do SEST SENAT (Servi\u00e7o Social do Transporte e Servi\u00e7o Nacional de Aprendizagem do Transporte), dessa vez em Santana do Livramento (RS). A entrega \u00e9 [&hellip;]<\/p>\n","protected":false},"author":1,"featured_media":1965,"comment_status":"open","ping_status":"open","sticky":false,"template":"","format":"standard","meta":{"footnotes":""},"categories":[177,215,184],"tags":[493,492,491],"class_list":["post-1964","post","type-post","status-publish","format-standard","has-post-thumbnail","hentry","category-truck","category-mercado-rs","category-onibus","tag-jose-cipriano-da-silva","tag-santana-do-livramento","tag-sest-senat"],"amp_enabled":true,"_links":{"self":[{"href":"https:\/\/autosgiros.com.br\/index.php\/wp-json\/wp\/v2\/posts\/1964","targetHints":{"allow":["GET"]}}],"collection":[{"href":"https:\/\/autosgiros.com.br\/index.php\/wp-json\/wp\/v2\/posts"}],"about":[{"href":"https:\/\/autosgiros.com.br\/index.php\/wp-json\/wp\/v2\/types\/post"}],"author":[{"embeddable":true,"href":"https:\/\/autosgiros.com.br\/index.php\/wp-json\/wp\/v2\/users\/1"}],"replies":[{"embeddable":true,"href":"https:\/\/autosgiros.com.br\/index.php\/wp-json\/wp\/v2\/comments?post=1964"}],"version-history":[{"count":1,"href":"https:\/\/autosgiros.com.br\/index.php\/wp-json\/wp\/v2\/posts\/1964\/revisions"}],"predecessor-version":[{"id":1966,"href":"https:\/\/autosgiros.com.br\/index.php\/wp-json\/wp\/v2\/posts\/1964\/revisions\/1966"}],"wp:featuredmedia":[{"embeddable":true,"href":"https:\/\/autosgiros.com.br\/index.php\/wp-json\/wp\/v2\/media\/1965"}],"wp:attachment":[{"href":"https:\/\/autosgiros.com.br\/index.php\/wp-json\/wp\/v2\/media?parent=1964"}],"wp:term":[{"taxonomy":"category","embeddable":true,"href":"https:\/\/autosgiros.com.br\/index.php\/wp-json\/wp\/v2\/categories?post=1964"},{"taxonomy":"post_tag","embeddable":true,"href":"https:\/\/autosgiros.com.br\/index.php\/wp-json\/wp\/v2\/tags?post=1964"}],"curies":[{"name":"wp","href":"https:\/\/api.w.org\/{rel}","templated":true}]}}