{"id":1820,"date":"2023-09-01T08:03:00","date_gmt":"2023-09-01T11:03:00","guid":{"rendered":"https:\/\/autosgiros.com.br\/?p=1820"},"modified":"2023-09-01T10:21:55","modified_gmt":"2023-09-01T13:21:55","slug":"mercedes-benz-e-lider-nas-vendas-de-onibus-para-fretamento-em-2023","status":"publish","type":"post","link":"https:\/\/autosgiros.com.br\/index.php\/2023\/09\/01\/mercedes-benz-e-lider-nas-vendas-de-onibus-para-fretamento-em-2023\/","title":{"rendered":"Mercedes-Benz\u00a0\u00e9 l\u00edder nas vendas de \u00f4nibus para fretamento em 2023"},"content":{"rendered":"\n<p><em>Marca registrou crescimento de 80% no volume de emplacamentos no segmento de janeiro a julho<\/em><\/p>\n\n\n\n<p>A\u00a0Mercedes-Benz\u00a0segue liderando as vendas de \u00f4nibus para opera\u00e7\u00f5es de fretamento no Brasil. No acumulado de janeiro a julho deste ano a marca alem\u00e3 teve 584 unidades emplacadas neste  segmento, o que significa cerca de 80% de crescimento sobre as 325 unidades do mesmo per\u00edodo de 2022.<\/p>\n\n\n\n<p>\u201cNossa marca \u00e9 a \u00fanica do mercado que obteve crescimento no volume de emplacamentos nos sete primeiros meses de 2023, o que nos d\u00e1 mais de 64% de participa\u00e7\u00e3o de mercado\u201d, diz Walter Barbosa, diretor de Vendas e Marketing \u00d4nibus da&nbsp;Mercedes-Benz&nbsp;do Brasil. \u201cJ\u00e1 no segmento de \u00f4nibus rodovi\u00e1rios como um todo, que abrange transporte regular de passageiros, turismo e fretamento, nossa lideran\u00e7a \u00e9 superior a 61%, com 1.155 \u00f4nibus emplacados em 2023 at\u00e9 julho, cerca de 15% a mais em rela\u00e7\u00e3o \u00e0s 1.006 unidades de id\u00eantico per\u00edodo do ano passado\u201d.<\/p>\n\n\n\n<p>Nos primeiros sete meses do ano, a\u00a0Mercedes-Benz\u00a0tamb\u00e9m segue na lideran\u00e7a geral no mercado brasileiro de \u00f4nibus. No acumulado de 2023, foram emplacadas 6.631 unidades da marca, com mais de 61% de crescimento sobre as 4.104 de 2022, resultando em mais de 52% de market share.<\/p>\n\n\n\n<p><strong>Presen\u00e7a no Evento Fretamento 2023<\/strong><\/p>\n\n\n\n<p>Como l\u00edder de vendas e de desenvolvimento tecnol\u00f3gico do setor de \u00f4nibus no Pa\u00eds, a&nbsp;Mercedes-Benz&nbsp;leva as solu\u00e7\u00f5es oferecidas pela marca para os eventos que re\u00fanem empres\u00e1rios, gestores, parceiros e diversos outros players do mercado. Este \u00e9 o caso da presen\u00e7a da Empresa no \u201cEvento Fretamento 2023\u201d, que ser\u00e1 realizado nos dias 31 de agosto e 1\u00ba de setembro no Serra Park, centro de eventos em Gramado, na Serra Ga\u00facha. Essa iniciativa abrange o 22\u00ba Encontro Nacional dos Transportadores de Fretamento e Turismo da ANTTUR e o 23\u00ba Encontro das Empresas de Fretamento e Turismo da FRESP, organiza\u00e7\u00f5es que s\u00e3o refer\u00eancia em suas \u00e1reas de atua\u00e7\u00e3o.<\/p>\n\n\n\n<p>Paralelamente \u00e0s apresenta\u00e7\u00f5es, o evento atrai os visitantes pela feira de novidades para fretamento e turismo. Para seu estande, a\u00a0Mercedes-Benz\u00a0reservou a exposi\u00e7\u00e3o dos chassis OF 1721 (suspens\u00e3o met\u00e1lica) e OF 1726 L (suspens\u00e3o pneum\u00e1tica), ambos com tecnologia BlueTec 6 para atendimento \u00e0 atual legisla\u00e7\u00e3o de emiss\u00f5es Proconve P8 (Euro 6). Encaro\u00e7ados respectivamente pela Comil e pela Marcopolo.<\/p>\n\n\n\n<figure class=\"wp-block-image size-large\"><img loading=\"lazy\" decoding=\"async\" width=\"1024\" height=\"576\" src=\"https:\/\/autosgiros.com.br\/wp-content\/uploads\/2023\/08\/Walter-Barbosa-MB-Bus-1024x576.jpg\" alt=\"\" class=\"wp-image-1821\" srcset=\"https:\/\/autosgiros.com.br\/wp-content\/uploads\/2023\/08\/Walter-Barbosa-MB-Bus-1024x576.jpg 1024w, https:\/\/autosgiros.com.br\/wp-content\/uploads\/2023\/08\/Walter-Barbosa-MB-Bus-300x169.jpg 300w, https:\/\/autosgiros.com.br\/wp-content\/uploads\/2023\/08\/Walter-Barbosa-MB-Bus-768x432.jpg 768w, https:\/\/autosgiros.com.br\/wp-content\/uploads\/2023\/08\/Walter-Barbosa-MB-Bus.jpg 1200w\" sizes=\"auto, (max-width: 1024px) 100vw, 1024px\" \/><figcaption class=\"wp-element-caption\"><em>Walter Barbosa, diretor de Vendas e Marketing \u00d4nibus da\u00a0Mercedes-Benz\u00a0do Brasil. Fotos: Divulga\u00e7\u00e3o<\/em><\/figcaption><\/figure>\n\n\n\n<p>\u201cA prefer\u00eancia dos clientes pelos nossos chassis OF, tanto para transporte urbano como para fretamento, deve-se a v\u00e1rios diferenciais amplamente reconhecidos no mercado, como alta performance, menor consumo de combust\u00edvel do segmento, baixo custo operacional, ampla disponibilidade e confiabilidade no transporte de passageiros\u201d, afirma Walter Barbosa. \u201cAl\u00e9m disso, oferecem alto valor de revenda e uma de rede de concession\u00e1rios dedicada, onde o cliente tem facilidade de encontrar pe\u00e7as de reposi\u00e7\u00e3o e um amplo portf\u00f3lio de servi\u00e7os\u201d.<\/p>\n\n\n\n<p>Os motores&nbsp;Mercedes-Benz&nbsp;Proconve P8 (Euro 6) asseguram acentuada diminui\u00e7\u00e3o das emiss\u00f5es de poluentes. S\u00e3o 80% de redu\u00e7\u00e3o nas emiss\u00f5es de \u00d3xido de Nitrog\u00eanio (NOx) e 50% de redu\u00e7\u00e3o nas emiss\u00f5es de Material Particulado (MP) em rela\u00e7\u00e3o aos motores Proconve P7 (Euro 5).<\/p>\n\n\n\n<p>\u201cA exclusiva tecnologia BlueTec 6 da&nbsp;Mercedes-Benz&nbsp;traz uma contribui\u00e7\u00e3o muito importante para a qualidade do ar e preserva\u00e7\u00e3o do meio ambiente\u201d, ressalta Walter Barbosa. \u201cEsses benef\u00edcios s\u00e3o especialmente notados no transporte urbano de passageiros e nas cidades, que podem desfrutar de um ar mais limpo. Isso reafirma o compromisso da marca com a mobilidade sustent\u00e1vel e o ecossistema do transporte respons\u00e1vel\u201d.<\/p>\n\n\n\n<p><strong>OF 1721 e OF 1726 oferecem suspens\u00e3o met\u00e1lica ou pneum\u00e1tica<\/strong><\/p>\n\n\n\n<p>Oferecidos em vers\u00f5es com suspens\u00e3o met\u00e1lica ou pneum\u00e1tica, os chassis OF 1721 e OF 1726 s\u00e3o indicados para transporte urbano de passageiros e tamb\u00e9m para fretamento cont\u00ednuo, como o transporte de funcion\u00e1rios, e fretamento eventual, em caso de grupos de turistas, al\u00e9m de transporte rodovi\u00e1rio de curtas dist\u00e2ncias. A oferta da marca tamb\u00e9m inclui tamb\u00e9m diversos modelos da linha O 500. Nestes casos, recebem carro\u00e7aria de \u00f4nibus rodovi\u00e1rio, proporcionando mais conforto e bem-estar a bordo.<\/p>\n\n\n\n<p>Desenvolvido para receber carro\u00e7arias de at\u00e9 13,2 metros, o OF 1721 vem equipado com o motor eletr\u00f4nico OM-924 LA de 4 cilindros, que oferece pot\u00eancia de 208 cv a 2.200 rpm e torque de 780 Nm de 1.200 a 1.600 rpm. Este motor \u00e9 refer\u00eancia pela economia no consumo de combust\u00edvel e por um alto torque em baixas rota\u00e7\u00f5es.<\/p>\n\n\n\n<p>J\u00e1 o OF 1726 tamb\u00e9m pode receber carro\u00e7arias de at\u00e9 13,2 metros. Vem equipado com o motor eletr\u00f4nico OM-926 LA de 6 cilindros, que oferece pot\u00eancia de 260 cv a 2.200 rpm e torque de 900 Nm de 1.200 a 1.600 rpm.<\/p>\n\n\n\n<p>A&nbsp;Mercedes-Benz&nbsp;tamb\u00e9m tem outras op\u00e7\u00f5es de chassis para o segmento fretamento e rodovi\u00e1rio, entre eles:<\/p>\n\n\n\n<ul class=\"wp-block-list\">\n<li>LO 916<\/li>\n\n\n\n<li>OF 1619<\/li>\n\n\n\n<li>OF 1721 (met\u00e1lico)<\/li>\n\n\n\n<li>OF 1721 L (pneum\u00e1tico)<\/li>\n\n\n\n<li>OF 1726 L (pneum\u00e1tico)<\/li>\n\n\n\n<li>OF 1726 (met\u00e1lico)<\/li>\n\n\n\n<li>O500 R 1931<\/li>\n\n\n\n<li>O500 RS 1938<\/li>\n\n\n\n<li>O500 RSD 2438<\/li>\n\n\n\n<li>O500 RSD 2445<\/li>\n\n\n\n<li>O500 RSDD 2745<\/li>\n<\/ul>\n","protected":false},"excerpt":{"rendered":"<p>Marca registrou crescimento de 80% no volume de emplacamentos no segmento de janeiro a julho A\u00a0Mercedes-Benz\u00a0segue liderando as vendas de \u00f4nibus para opera\u00e7\u00f5es de fretamento no Brasil. No acumulado de janeiro a julho deste ano a marca alem\u00e3 teve 584 unidades emplacadas neste segmento, o que significa cerca de 80% de crescimento sobre as 325 [&hellip;]<\/p>\n","protected":false},"author":1,"featured_media":1822,"comment_status":"open","ping_status":"open","sticky":false,"template":"","format":"standard","meta":{"footnotes":""},"categories":[185],"tags":[432,434,313,294,430,285],"class_list":["post-1820","post","type-post","status-publish","format-standard","has-post-thumbnail","hentry","category-mbo","tag-fretamento","tag-lider","tag-mercado","tag-mercedes-benz","tag-sprinter","tag-vendas"],"amp_enabled":true,"_links":{"self":[{"href":"https:\/\/autosgiros.com.br\/index.php\/wp-json\/wp\/v2\/posts\/1820","targetHints":{"allow":["GET"]}}],"collection":[{"href":"https:\/\/autosgiros.com.br\/index.php\/wp-json\/wp\/v2\/posts"}],"about":[{"href":"https:\/\/autosgiros.com.br\/index.php\/wp-json\/wp\/v2\/types\/post"}],"author":[{"embeddable":true,"href":"https:\/\/autosgiros.com.br\/index.php\/wp-json\/wp\/v2\/users\/1"}],"replies":[{"embeddable":true,"href":"https:\/\/autosgiros.com.br\/index.php\/wp-json\/wp\/v2\/comments?post=1820"}],"version-history":[{"count":1,"href":"https:\/\/autosgiros.com.br\/index.php\/wp-json\/wp\/v2\/posts\/1820\/revisions"}],"predecessor-version":[{"id":1823,"href":"https:\/\/autosgiros.com.br\/index.php\/wp-json\/wp\/v2\/posts\/1820\/revisions\/1823"}],"wp:featuredmedia":[{"embeddable":true,"href":"https:\/\/autosgiros.com.br\/index.php\/wp-json\/wp\/v2\/media\/1822"}],"wp:attachment":[{"href":"https:\/\/autosgiros.com.br\/index.php\/wp-json\/wp\/v2\/media?parent=1820"}],"wp:term":[{"taxonomy":"category","embeddable":true,"href":"https:\/\/autosgiros.com.br\/index.php\/wp-json\/wp\/v2\/categories?post=1820"},{"taxonomy":"post_tag","embeddable":true,"href":"https:\/\/autosgiros.com.br\/index.php\/wp-json\/wp\/v2\/tags?post=1820"}],"curies":[{"name":"wp","href":"https:\/\/api.w.org\/{rel}","templated":true}]}}