{"id":1810,"date":"2023-08-31T10:40:12","date_gmt":"2023-08-31T13:40:12","guid":{"rendered":"https:\/\/autosgiros.com.br\/?p=1810"},"modified":"2023-08-31T10:40:13","modified_gmt":"2023-08-31T13:40:13","slug":"mini-completa-64-anos-pelas-estradas-do-mundo","status":"publish","type":"post","link":"https:\/\/autosgiros.com.br\/index.php\/2023\/08\/31\/mini-completa-64-anos-pelas-estradas-do-mundo\/","title":{"rendered":"Mini completa 64 anos pelas estradas do mundo"},"content":{"rendered":"\n<p><em>Relembre momentos marcantes da &#8220;pequena&#8221; marca brit\u00e2nica<\/em><\/p>\n\n\n\n<p>H\u00e1 64 anos, em 26 de agosto de 1959, foi apresentado o primeiro Mini cl\u00e1ssico, criado pelo designer Sir Alec Issigonis, e desde o relan\u00e7amento da marca com a introdu\u00e7\u00e3o no mercado do \u201cNovo Mini\u201d em 2001, o princ\u00edpio v\u00e1lido h\u00e1 64 anos foi confirmado: um conceito superior convence em muitos aspectos. Em 2008, pela primeira vez, a Mini usou o slogan: condu\u00e7\u00e3o divertida, zero emiss\u00f5es. E assim, com o Mini E, o BMW Group estabeleceu um marco no caminho para a mobilidade independente de combust\u00edveis f\u00f3sseis.<\/p>\n\n\n\n<p>Desde 2017, o Mini Cooper SE Countryman ALL4 tem sido o primeiro Mini em que um sistema de propuls\u00e3o h\u00edbrido plug-in abre a possibilidade da mobilidade puramente el\u00e9trica e, portanto, livre de emiss\u00f5es locais, e encanta com sua agilidade esportiva e versatilidade. Com o Mini Cooper SE, lan\u00e7ado no mercado global em 2019, a Mini deu mais uma vez um impulso inovador \u00e0 mobilidade urbana. A entrega espont\u00e2nea de pot\u00eancia do motor el\u00e9trico de 184 cv, o ajuste do chassi espec\u00edfico do modelo e o baixo centro de gravidade do ve\u00edculo ajudam o Mini Cooper SE a atingir a agilidade t\u00edpica da marca. J\u00e1 o Mini Cooper SE Convertible \u00e9 o primeiro convers\u00edvel premium livre de emiss\u00f5es do mundo no segmento de carros compactos. O sistema de propuls\u00e3o el\u00e9trica acelera suavemente o Mini Cooper SE Cabrio de 0 a 100 km\/h em 7,3 segundos.\u00a0<\/p>\n\n\n\n<p>A Mini est\u00e1 constantemente no caminho de uma gama de modelos totalmente el\u00e9tricos. Os dois primeiros membros da nova fam\u00edlia Mini ser\u00e3o apresentados no IAA International Motor Show, em Munique, de 5 a 10 de setembro de 2023. E assim, em seu 64\u00ba anivers\u00e1rio, a Mini presenteia-se com futuro brilhante, com um \u201cGo-Kart Feeling\u201d el\u00e9trico, circular e digital.<\/p>\n","protected":false},"excerpt":{"rendered":"<p>Relembre momentos marcantes da &#8220;pequena&#8221; marca brit\u00e2nica H\u00e1 64 anos, em 26 de agosto de 1959, foi apresentado o primeiro Mini cl\u00e1ssico, criado pelo designer Sir Alec Issigonis, e desde o relan\u00e7amento da marca com a introdu\u00e7\u00e3o no mercado do \u201cNovo Mini\u201d em 2001, o princ\u00edpio v\u00e1lido h\u00e1 64 anos foi confirmado: um conceito superior [&hellip;]<\/p>\n","protected":false},"author":1,"featured_media":1811,"comment_status":"open","ping_status":"open","sticky":false,"template":"","format":"standard","meta":{"footnotes":""},"categories":[5],"tags":[417,416,253],"class_list":["post-1810","post","type-post","status-publish","format-standard","has-post-thumbnail","hentry","category-auto-premium","tag-cooper","tag-countryman","tag-mini"],"amp_enabled":true,"_links":{"self":[{"href":"https:\/\/autosgiros.com.br\/index.php\/wp-json\/wp\/v2\/posts\/1810","targetHints":{"allow":["GET"]}}],"collection":[{"href":"https:\/\/autosgiros.com.br\/index.php\/wp-json\/wp\/v2\/posts"}],"about":[{"href":"https:\/\/autosgiros.com.br\/index.php\/wp-json\/wp\/v2\/types\/post"}],"author":[{"embeddable":true,"href":"https:\/\/autosgiros.com.br\/index.php\/wp-json\/wp\/v2\/users\/1"}],"replies":[{"embeddable":true,"href":"https:\/\/autosgiros.com.br\/index.php\/wp-json\/wp\/v2\/comments?post=1810"}],"version-history":[{"count":1,"href":"https:\/\/autosgiros.com.br\/index.php\/wp-json\/wp\/v2\/posts\/1810\/revisions"}],"predecessor-version":[{"id":1812,"href":"https:\/\/autosgiros.com.br\/index.php\/wp-json\/wp\/v2\/posts\/1810\/revisions\/1812"}],"wp:featuredmedia":[{"embeddable":true,"href":"https:\/\/autosgiros.com.br\/index.php\/wp-json\/wp\/v2\/media\/1811"}],"wp:attachment":[{"href":"https:\/\/autosgiros.com.br\/index.php\/wp-json\/wp\/v2\/media?parent=1810"}],"wp:term":[{"taxonomy":"category","embeddable":true,"href":"https:\/\/autosgiros.com.br\/index.php\/wp-json\/wp\/v2\/categories?post=1810"},{"taxonomy":"post_tag","embeddable":true,"href":"https:\/\/autosgiros.com.br\/index.php\/wp-json\/wp\/v2\/tags?post=1810"}],"curies":[{"name":"wp","href":"https:\/\/api.w.org\/{rel}","templated":true}]}}