{"id":1732,"date":"2023-08-24T19:11:00","date_gmt":"2023-08-24T22:11:00","guid":{"rendered":"https:\/\/autosgiros.com.br\/?p=1732"},"modified":"2023-08-28T19:15:54","modified_gmt":"2023-08-28T22:15:54","slug":"audi-presenteia-jogadores-do-bayern-de-munique-com-novos-veiculos-eletricos","status":"publish","type":"post","link":"https:\/\/autosgiros.com.br\/index.php\/2023\/08\/24\/audi-presenteia-jogadores-do-bayern-de-munique-com-novos-veiculos-eletricos\/","title":{"rendered":"Audi presenteia jogadores do Bayern de Munique com novos ve\u00edculos el\u00e9tricos"},"content":{"rendered":"\n<p><em>Audi RS e-tron GT, Audi Q8 e-tron, Audi Q8 Sportback e-tron e Audi Q4 Sportback e-tron foram os modelos escolhidos<\/em><\/p>\n\n\n\n<p>Um dos melhores times de futebol do mundo,\u00a0 O Bayern de Munique ter\u00e1 agora energia de sobra tamb\u00e9m fora dos gramados:\u00a0 os jogadores do time receberam ve\u00edculos totalmente el\u00e9tricos da Audi para come\u00e7ar a nova temporada do Campeonato Alem\u00e3o com energias renovadas. Os ve\u00edculos foram concedidos em cerim\u00f4nia realizada na sede da marca das quatro argolas na cidade de Ingolstadt, na Alemanha. Os ve\u00edculos atuais dos jogadores ser\u00e3o disponibilizados para venda.\u00a0\u00a0<\/p>\n\n\n\n<p>Os jogadores do Bayern de Munique v\u00e3o pilotar os modelos premium totalmente el\u00e9tricos Audi RS e-tron GT, Audi Q8 e-tron, Audi Q8 Sportback e-tron e Audi Q4 Sportback e-tron na Temporada 2023\/24 do Campeonato Alem\u00e3o, que come\u00e7ou h\u00e1 poucos dias. O Audi RS e-tron GT \u00e9 novamente o modelo mais popular entre os boleiros &#8211; doze jogadores, incluindo Thomas M\u00fcller, Leroy San\u00e9 e Joshua Kimmich, optaram pelo Gran Trusimo. Com uma pot\u00eancia total de 598 cavalos, o Audi RS e-tron GT acelera de 0 a 100 km\/h em apenas 3,3 segundos. A bateria de alta tens\u00e3o fornece autonomia de at\u00e9 488 quil\u00f4metros&nbsp; no ciclo WLTP e recarrega rapidamente gra\u00e7as \u00e0 sua tecnologia de 800 volts.<\/p>\n\n\n\n<p>A frota de ve\u00edculos tem uma \u00f3tima infraestrutura de mobilidade el\u00e9trica nos terrenos do clube na S\u00e4bener Stra\u00dfe, centro de treinamento da equipe, onde a Audi e o Bayern de Munique instalaram 38 pontos de carregamento. Mais de 20 pontos de carregamento tamb\u00e9m est\u00e3o dispon\u00edveis na Allianz Arena, est\u00e1dio onde o clube manda seus jogos. &#8220;Em sua parceria de longa data, o Bayern de Munique e a Audi representam progresso, paix\u00e3o e alto desempenho. Nesta temporada, estamos demonstrando isso novamente com uma frota totalmente el\u00e9trica de ve\u00edculos para jogadores e dirigentes. Juntos, seguimos moldando um futuro sustent\u00e1vel e progressivo&#8221;, afirma Hildegard Wortmann, membro do Conselho de Administra\u00e7\u00e3o de Vendas e Marketing da AUDI AG.<\/p>\n\n\n\n<p><strong>Carros dos jogadores \u00e0 venda<\/strong><\/p>\n\n\n\n<p>Os carros dos jogadores da temporada passada em breve ser\u00e3o colocados \u00e0 venda. Al\u00e9m dos ve\u00edculos que a Audi est\u00e1 preparando para venda, os futuros compradores receber\u00e3o um certificado de autenticidade e uma camisa autografada do propriet\u00e1rio anterior.<\/p>\n\n\n\n<p>No IAA Mobility 2023, que ocorrer\u00e1 em Munique entre 5 e 10 de setembro, os compradores interessados podem enviar um pedido de reserva via tablets na \u00e1rea Audi Experience no FC Bayern World. Os carros ser\u00e3o vendidos por ordem de chegada.<\/p>\n\n\n\n<p><strong>Funcion\u00e1rios e crian\u00e7as conhecem os craques pessoalmente<\/strong><\/p>\n\n\n\n<p>Alguns funcion\u00e1rios tiveram uma experi\u00eancia memor\u00e1vel na entrega do ve\u00edculo em 23 de agosto: cerca de 30 funcion\u00e1rios que entregaram as chaves do carro aos jogadores tiveram a oportunidade de conhecer as estrelas do clube campe\u00e3o da Alemanha. Al\u00e9m disso, os filhos dos funcion\u00e1rios, com idades entre seis e dez anos, acompanharam os jogadores at\u00e9 onde ocorreu a entrega. No Audi Piazza em Ingolstadt, os craques do futebol deram&nbsp; aut\u00f3grafos e tiraram selfies com seus torcedores.<\/p>\n\n\n\n<p>O time tamb\u00e9m pode conhecer os bastidores da sede da Audi na cidade alem\u00e3 de&nbsp; Ingolstadt e visitou, entre outras \u00e1reas da f\u00e1brica, a linha de montagem, a oficina, o Centro de Assist\u00eancia \u00e0 Ilumina\u00e7\u00e3o e o centro do t\u00fanel de vento. O local est\u00e1 atualmente se preparando para a produ\u00e7\u00e3o do Audi Q6 e-tron.<\/p>\n\n\n\n<p>Andreas Jung, membro do Conselho Executivo respons\u00e1vel pelo marketing do Bayern de Munique: &#8220;Depois de mais de 20 anos de parceria, o Bayern de Munique e a Audi trabalham extremamente bem como uma equipe. Nesta temporada, continuamos nossa jornada de mobilidade sustent\u00e1vel. Ao fazer isso, estamos ambos nos esfor\u00e7ando para obter mais sucesso \u2013 tanto dentro de campo quanto em nosso compromisso com um futuro ainda mais ecol\u00f3gico.&#8221;<\/p>\n\n\n\n<p>A Audi apoia o Bayern de Munique desde 2002 e a parceria foi recentemente renovada at\u00e9 2029. O patroc\u00ednio da equipe feminina do Bayern de Munique, que a Audi apoia desde 2021 e foi recentemente renovada, vai durar at\u00e9 pelo menos 2025. A marca das quatro argolas tamb\u00e9m \u00e9 acionista do clube alem\u00e3o&nbsp; desde 2011.<\/p>\n","protected":false},"excerpt":{"rendered":"<p>Audi RS e-tron GT, Audi Q8 e-tron, Audi Q8 Sportback e-tron e Audi Q4 Sportback e-tron foram os modelos escolhidos Um dos melhores times de futebol do mundo,\u00a0 O Bayern de Munique ter\u00e1 agora energia de sobra tamb\u00e9m fora dos gramados:\u00a0 os jogadores do time receberam ve\u00edculos totalmente el\u00e9tricos da Audi para come\u00e7ar a nova [&hellip;]<\/p>\n","protected":false},"author":1,"featured_media":1733,"comment_status":"open","ping_status":"open","sticky":false,"template":"","format":"standard","meta":{"footnotes":""},"categories":[5],"tags":[236,394],"class_list":["post-1732","post","type-post","status-publish","format-standard","has-post-thumbnail","hentry","category-auto-premium","tag-audi","tag-bayern-de-munique"],"amp_enabled":true,"_links":{"self":[{"href":"https:\/\/autosgiros.com.br\/index.php\/wp-json\/wp\/v2\/posts\/1732","targetHints":{"allow":["GET"]}}],"collection":[{"href":"https:\/\/autosgiros.com.br\/index.php\/wp-json\/wp\/v2\/posts"}],"about":[{"href":"https:\/\/autosgiros.com.br\/index.php\/wp-json\/wp\/v2\/types\/post"}],"author":[{"embeddable":true,"href":"https:\/\/autosgiros.com.br\/index.php\/wp-json\/wp\/v2\/users\/1"}],"replies":[{"embeddable":true,"href":"https:\/\/autosgiros.com.br\/index.php\/wp-json\/wp\/v2\/comments?post=1732"}],"version-history":[{"count":1,"href":"https:\/\/autosgiros.com.br\/index.php\/wp-json\/wp\/v2\/posts\/1732\/revisions"}],"predecessor-version":[{"id":1734,"href":"https:\/\/autosgiros.com.br\/index.php\/wp-json\/wp\/v2\/posts\/1732\/revisions\/1734"}],"wp:featuredmedia":[{"embeddable":true,"href":"https:\/\/autosgiros.com.br\/index.php\/wp-json\/wp\/v2\/media\/1733"}],"wp:attachment":[{"href":"https:\/\/autosgiros.com.br\/index.php\/wp-json\/wp\/v2\/media?parent=1732"}],"wp:term":[{"taxonomy":"category","embeddable":true,"href":"https:\/\/autosgiros.com.br\/index.php\/wp-json\/wp\/v2\/categories?post=1732"},{"taxonomy":"post_tag","embeddable":true,"href":"https:\/\/autosgiros.com.br\/index.php\/wp-json\/wp\/v2\/tags?post=1732"}],"curies":[{"name":"wp","href":"https:\/\/api.w.org\/{rel}","templated":true}]}}