{"id":1722,"date":"2023-08-27T18:40:00","date_gmt":"2023-08-27T21:40:00","guid":{"rendered":"https:\/\/autosgiros.com.br\/?p=1722"},"modified":"2023-08-28T18:50:17","modified_gmt":"2023-08-28T21:50:17","slug":"moto1000gp-divulga-nota-lamentando-obito-do-piloto-erico-verissimo-da-rocha","status":"publish","type":"post","link":"https:\/\/autosgiros.com.br\/index.php\/2023\/08\/27\/moto1000gp-divulga-nota-lamentando-obito-do-piloto-erico-verissimo-da-rocha\/","title":{"rendered":"Moto1000GP divulga nota lamentando \u00f3bito do piloto \u00c9rico Ver\u00edssimo da Rocha"},"content":{"rendered":"\n<p>O organiza\u00e7\u00e3o da Moto1000GP lamentou o falecimento dos pilotos \u00c9rico Verissimo da Rocha e Andr\u00e9 Ver\u00edssimo Cardoso ap\u00f3s grave acidente durante a quarta etapa do campeonato, que estava sendo realizada no Aut\u00f3dromo Internacional de Cascavel (PR) neste final de semana (26 e 27 de agosto). Os pilotos se envolveram em um acidente durante a primeira volta da categoria GP 1000.<\/p>\n\n\n\n<p>Ap\u00f3s o acidente, os pilotos foram encaminhado para tratamento hospitalar seguindo todos os protocolos da modalidade em estado grav\u00edssimo, mas n\u00e3o resistiu aos ferimentos e teve a morte confirmada.<\/p>\n\n\n\n<p>O Moto1000GP, ap\u00f3s a informa\u00e7\u00e3o oficial, cancelou todas as atividades de pista da quarta etapa do Campeonato Brasileiro de Motovelocidade. A fam\u00edlia Moto1000GP destina todas as nossas ora\u00e7\u00f5es ao piloto, aos familiares, amigos e admiradores.<\/p>\n\n\n\n<p><strong>O acidente<\/strong><\/p>\n\n\n\n<p>Logo ap\u00f3s a largada, no complemento da primeira volta, o piloto Andr\u00e9 Ver\u00edssimo Cardoso, de 42 anos, foi atropelado na pista pelo colega \u00c9rico Ver\u00edssimo da Rocha, de 38 anos. Apesar do sobrenome, n\u00e3o havia parentesco entre eles, e nenhum resistiu aos ferimentos.<\/p>\n\n\n\n<p>O \u00f3bito de \u00c9rico foi confirmado \u00e0s 15h16 e o de Andr\u00e9 \u00e0s 16h51.<\/p>\n\n\n\n<p><strong>Veja a nota na \u00edntegra:<\/strong><\/p>\n\n\n\n<p>O Moto1000GP comunica o falecimento do piloto Andr\u00e9 Ver\u00edssimo Cardoso, envolvido em grave acidente com o piloto \u00c9rico Ver\u00edssimo da Rocha durante a primeira volta da categoria GP 1000 na tarde deste domingo (27) durante a quarta etapa do Campeonato Brasileiro de Motovelocidade em Cascavel (PR).<\/p>\n\n\n\n<p>Andr\u00e9 Ver\u00edssimo, de 42 anos, foi encaminhado pela equipe de resgate do campeonato em estado grav\u00edssimo para unidade hospitalar de refer\u00eancia. Segundo informa\u00e7\u00f5es m\u00e9dicas do hospital, ap\u00f3s atendimento emergencial, ao ser encaminhado para o centro cir\u00fargico, ele teve uma parada cardiorrespirat\u00f3ria n\u00e3o resistindo e vindo a falecer.<\/p>\n\n\n\n<p>Infelizmente um dia lindo de corridas se transformou em um dos dias mais tristes da hist\u00f3ria do Moto1000GP. Nesse momento nossos pensamentos e preces est\u00e3o inteiramente direcionados \u00e0s fam\u00edlias e aos nossos amigos e pilotos que partiram.<\/p>\n","protected":false},"excerpt":{"rendered":"<p>O organiza\u00e7\u00e3o da Moto1000GP lamentou o falecimento dos pilotos \u00c9rico Verissimo da Rocha e Andr\u00e9 Ver\u00edssimo Cardoso ap\u00f3s grave acidente durante a quarta etapa do campeonato, que estava sendo realizada no Aut\u00f3dromo Internacional de Cascavel (PR) neste final de semana (26 e 27 de agosto). Os pilotos se envolveram em um acidente durante a primeira [&hellip;]<\/p>\n","protected":false},"author":1,"featured_media":1723,"comment_status":"open","ping_status":"open","sticky":false,"template":"","format":"standard","meta":{"footnotes":""},"categories":[194],"tags":[389,386,387,388,384],"class_list":["post-1722","post","type-post","status-publish","format-standard","has-post-thumbnail","hentry","category-motociclismo","tag-389","tag-acidente","tag-erico-verissimo","tag-goiania","tag-moto1000-gp"],"amp_enabled":true,"_links":{"self":[{"href":"https:\/\/autosgiros.com.br\/index.php\/wp-json\/wp\/v2\/posts\/1722","targetHints":{"allow":["GET"]}}],"collection":[{"href":"https:\/\/autosgiros.com.br\/index.php\/wp-json\/wp\/v2\/posts"}],"about":[{"href":"https:\/\/autosgiros.com.br\/index.php\/wp-json\/wp\/v2\/types\/post"}],"author":[{"embeddable":true,"href":"https:\/\/autosgiros.com.br\/index.php\/wp-json\/wp\/v2\/users\/1"}],"replies":[{"embeddable":true,"href":"https:\/\/autosgiros.com.br\/index.php\/wp-json\/wp\/v2\/comments?post=1722"}],"version-history":[{"count":1,"href":"https:\/\/autosgiros.com.br\/index.php\/wp-json\/wp\/v2\/posts\/1722\/revisions"}],"predecessor-version":[{"id":1724,"href":"https:\/\/autosgiros.com.br\/index.php\/wp-json\/wp\/v2\/posts\/1722\/revisions\/1724"}],"wp:featuredmedia":[{"embeddable":true,"href":"https:\/\/autosgiros.com.br\/index.php\/wp-json\/wp\/v2\/media\/1723"}],"wp:attachment":[{"href":"https:\/\/autosgiros.com.br\/index.php\/wp-json\/wp\/v2\/media?parent=1722"}],"wp:term":[{"taxonomy":"category","embeddable":true,"href":"https:\/\/autosgiros.com.br\/index.php\/wp-json\/wp\/v2\/categories?post=1722"},{"taxonomy":"post_tag","embeddable":true,"href":"https:\/\/autosgiros.com.br\/index.php\/wp-json\/wp\/v2\/tags?post=1722"}],"curies":[{"name":"wp","href":"https:\/\/api.w.org\/{rel}","templated":true}]}}