{"id":1709,"date":"2023-08-28T16:22:00","date_gmt":"2023-08-28T19:22:00","guid":{"rendered":"https:\/\/autosgiros.com.br\/?p=1709"},"modified":"2023-08-28T18:25:33","modified_gmt":"2023-08-28T21:25:33","slug":"xxi-premio-ntc-fornecedores-do-transporte-premia-os-melhores-fornecedores-do-setor","status":"publish","type":"post","link":"https:\/\/autosgiros.com.br\/index.php\/2023\/08\/28\/xxi-premio-ntc-fornecedores-do-transporte-premia-os-melhores-fornecedores-do-setor\/","title":{"rendered":"XXI Pr\u00eamio NTC Fornecedores do Transporte premia os melhores fornecedores do setor"},"content":{"rendered":"\n<p><em>Premia\u00e7\u00e3o foi realizada no audit\u00f3rio do Pal\u00e1cio dos Transportes, em S\u00e3o Paulo<\/em><\/p>\n\n\n\n<p>Na \u00faltima sexta-feira (25), aconteceu a cerim\u00f4nia de entrega do XXI Pr\u00eamio NTC Fornecedores do Transportes no pal\u00e1cio dos transportes em S\u00e3o Paulo, e contou com a presen\u00e7a dos empres\u00e1rios finalistas, empresas parceiras e entidades de todo o Brasil.<\/p>\n\n\n\n<p>O evento, que \u00e9 realizado desde 1998, reuniu executivos das empresas finalistas, empres\u00e1rios do transporte de carga, dirigentes de entidades e outros importantes nomes da ind\u00fastria que movimenta e fornece o setor de transporte brasileiro.<\/p>\n\n\n\n<p>A cerim\u00f4nia, que j\u00e1 \u00e9 tradicional, teve sua \u00faltima edi\u00e7\u00e3o realizada durante as atividades na Fenatran em 2022, celebrando a retomada das atividades presenciais da feira e ao longo das \u00faltimas duas d\u00e9cadas, o pr\u00eamio cresceu tanto em prest\u00edgio quanto em escopo, abrangendo 16 categorias distintas, desde montadoras de caminh\u00f5es at\u00e9 corretoras de seguro de cargas.<\/p>\n\n\n\n<p>Nesta edi\u00e7\u00e3o, a entidade contratou os servi\u00e7os do Instituto Paulista do Transporte de Cargas (IPTC) que ficou respons\u00e1vel pelo desenvolvimento e auditoria da pesquisa, que foi direcionada exclusivamente para os transportadores associados \u00e0 NTC&amp;Log\u00edstica, envolvendo entidades da base, como dezenas de sindicatos e federa\u00e7\u00f5es.<br><br>Para iniciar a solenidade, o presidente Francisco Pelucio ressaltou: \u201cEstou muito emocionado e feliz com todos voc\u00eas aqui, fizemos um dos maiores eventos que foi o CONET&amp;Intersindical, voc\u00eas enriquecem a minha gest\u00e3o e a entidade como um todo. Agora vamos a premia\u00e7\u00e3o e gostaria de agradecer aos patrocinadores, colaboradores, empres\u00e1rios, tudo isso se deve ao empenho de todos voc\u00eas. A uni\u00e3o de esfor\u00e7os \u00e9 o que faz a diferen\u00e7a, tenho certeza de que juntos continuaremos escrevendo muitos cap\u00edtulos de sucesso\u201d.<br><br>Ap\u00f3s as falas e conte\u00fados iniciais, houve a apresenta\u00e7\u00e3o dos ganhadores em cada categoria, que foram entregues pelo presidente da Associa\u00e7\u00e3o, Francisco Pelucio, o vice-presidente, Eduardo Rebuzzi, o diretor financeiro Marcelo Rodrigues e a economista e coordenadora de projetos do IPTC, Raquel Serini. E os vencedores por categoria foram:<\/p>\n\n\n\n<p><strong>Categoria 1: Montadora\/modelo de caminh\u00f5es semileves e leves: Mercedes-Benz<\/strong><\/p>\n\n\n\n<p><strong>Categoria 2 Montadora\/modelo de caminh\u00f5es m\u00e9dios: Mercedes-Benz<\/strong><\/p>\n\n\n\n<p><strong>Categoria 3: Montadora\/modelo de caminh\u00f5es semipesados: Scania<\/strong><\/p>\n\n\n\n<p><strong>Categoria 4: Montadora\/modelo de caminh\u00f5es pesados: Scania<\/strong><\/p>\n\n\n\n<p><strong>Categoria 5: Montadora de caminh\u00f5es el\u00e9tricos: Volkswagen<\/strong><\/p>\n\n\n\n<p><strong>Categoria 6: Rede de concession\u00e1rias de caminh\u00f5es: Scania<\/strong><\/p>\n\n\n\n<p><strong>Categoria 7: Empresas de cart\u00e3o combust\u00edvel: Pamcard<\/strong><\/p>\n\n\n\n<p><strong>Categoria 8: Empresa de pagamento de ped\u00e1gio: Sem Parar<\/strong><\/p>\n\n\n\n<p><strong>Categoria 9: Fabricante de carrocerias ou implementos: Randon<\/strong><\/p>\n\n\n\n<p><strong>Categoria 10: Fabricante de pneus: Michelin<\/strong><\/p>\n\n\n\n<p><strong>Categoria 11: Rastreador eletr\u00f4nico e telemetria para gest\u00e3o frotas: Sascar<\/strong><\/p>\n\n\n\n<p><strong>Categoria 12: Corretora de seguro de cargas: Pamcary<\/strong><\/p>\n\n\n\n<p><strong>Categoria 13: Administradora de Cons\u00f3rcio para o segmento de ve\u00edculos pesados: Cons\u00f3rcio Scania<\/strong><\/p>\n\n\n\n<p><strong>Categoria 14: Rede de Abastecimento: Petrobras<\/strong><\/p>\n\n\n\n<p><strong>Categoria 15: Concession\u00e1ria de Rodovias: Grupo CCR<\/strong><\/p>\n\n\n\n<p><strong>Categoria 16: Cooperativa de Cr\u00e9dito: Sicredi<\/strong><\/p>\n\n\n\n<p>Para encerrar o evento, Francisco Pelucio fez os \u00faltimos agradecimentos: \u201cS\u00f3 quero agradecer ao IPTC que fez esse trabalho junto a NTC&amp;Log\u00edstica, e dizer a honra que \u00e9 entregar os pr\u00eamios para todos voc\u00eas fornecedores do transporte de cargas, parab\u00e9ns pelo trabalho, um abra\u00e7o a todos e muito obrigado\u201d.<\/p>\n","protected":false},"excerpt":{"rendered":"<p>Premia\u00e7\u00e3o foi realizada no audit\u00f3rio do Pal\u00e1cio dos Transportes, em S\u00e3o Paulo Na \u00faltima sexta-feira (25), aconteceu a cerim\u00f4nia de entrega do XXI Pr\u00eamio NTC Fornecedores do Transportes no pal\u00e1cio dos transportes em S\u00e3o Paulo, e contou com a presen\u00e7a dos empres\u00e1rios finalistas, empresas parceiras e entidades de todo o Brasil. O evento, que \u00e9 [&hellip;]<\/p>\n","protected":false},"author":1,"featured_media":1710,"comment_status":"open","ping_status":"open","sticky":false,"template":"","format":"standard","meta":{"footnotes":""},"categories":[177],"tags":[383,382],"class_list":["post-1709","post","type-post","status-publish","format-standard","has-post-thumbnail","hentry","category-truck","tag-ntc","tag-premio"],"amp_enabled":true,"_links":{"self":[{"href":"https:\/\/autosgiros.com.br\/index.php\/wp-json\/wp\/v2\/posts\/1709","targetHints":{"allow":["GET"]}}],"collection":[{"href":"https:\/\/autosgiros.com.br\/index.php\/wp-json\/wp\/v2\/posts"}],"about":[{"href":"https:\/\/autosgiros.com.br\/index.php\/wp-json\/wp\/v2\/types\/post"}],"author":[{"embeddable":true,"href":"https:\/\/autosgiros.com.br\/index.php\/wp-json\/wp\/v2\/users\/1"}],"replies":[{"embeddable":true,"href":"https:\/\/autosgiros.com.br\/index.php\/wp-json\/wp\/v2\/comments?post=1709"}],"version-history":[{"count":1,"href":"https:\/\/autosgiros.com.br\/index.php\/wp-json\/wp\/v2\/posts\/1709\/revisions"}],"predecessor-version":[{"id":1711,"href":"https:\/\/autosgiros.com.br\/index.php\/wp-json\/wp\/v2\/posts\/1709\/revisions\/1711"}],"wp:featuredmedia":[{"embeddable":true,"href":"https:\/\/autosgiros.com.br\/index.php\/wp-json\/wp\/v2\/media\/1710"}],"wp:attachment":[{"href":"https:\/\/autosgiros.com.br\/index.php\/wp-json\/wp\/v2\/media?parent=1709"}],"wp:term":[{"taxonomy":"category","embeddable":true,"href":"https:\/\/autosgiros.com.br\/index.php\/wp-json\/wp\/v2\/categories?post=1709"},{"taxonomy":"post_tag","embeddable":true,"href":"https:\/\/autosgiros.com.br\/index.php\/wp-json\/wp\/v2\/tags?post=1709"}],"curies":[{"name":"wp","href":"https:\/\/api.w.org\/{rel}","templated":true}]}}