{"id":1705,"date":"2023-08-28T18:21:58","date_gmt":"2023-08-28T21:21:58","guid":{"rendered":"https:\/\/autosgiros.com.br\/?p=1705"},"modified":"2023-09-06T08:44:14","modified_gmt":"2023-09-06T11:44:14","slug":"bmw-i7-traz-novo-patamar-de-luxo-entretenimento-e-mobilidade-eletrica","status":"publish","type":"post","link":"https:\/\/autosgiros.com.br\/index.php\/2023\/08\/28\/bmw-i7-traz-novo-patamar-de-luxo-entretenimento-e-mobilidade-eletrica\/","title":{"rendered":"BMW\u00a0i7\u00a0traz novo patamar de luxo, entretenimento e mobilidade el\u00e9trica"},"content":{"rendered":"\n<p><em>Novo modelo da marca alem\u00e3 no pa\u00eds&nbsp;tem pot\u00eancia de 544 cv (400 kW) e torque imediato de 745 Nm, com um motor el\u00e9trico em cada eixo<\/em><\/p>\n\n\n\n<p>&nbsp;BMW&nbsp;i7&nbsp;chega ao Brasil para escrever um novo cap\u00edtulo na hist\u00f3ria da ind\u00fastria automotiva e assumir um papel revolucion\u00e1rio, mudando a forma como os passageiros aproveitam o tempo dentro de um autom\u00f3vel. Equipado com as tecnologias mais avan\u00e7adas dispon\u00edveis no BMW Group, o sed\u00e3 tecnol\u00f3gico do mundo inaugura uma nova era em termos de luxo, entretenimento e mobilidade el\u00e9trica no Brasil.<\/p>\n\n\n\n<p>Uma das grandes revolu\u00e7\u00f5es do novo BMW&nbsp;i7&nbsp;est\u00e1 no seu interior, mais precisamente no banco traseiro. Dali, \u00e9 poss\u00edvel controlar diversas fun\u00e7\u00f5es do ve\u00edculo atrav\u00e9s de duas telas, de 5,5 polegadas cada uma, posicionadas pr\u00f3ximas aos puxadores de porta. Al\u00e9m delas, h\u00e1 tamb\u00e9m as duas telas, em formato de uma \u00fanica pe\u00e7a, que comp\u00f5em o BMW Live Cockpit Professional. Com 12,3\u201d e 14,9\u201d, respectivamente, desempenham o papel de painel de instrumentos e central multim\u00eddia.<\/p>\n\n\n\n<p>A cereja do bolo, por\u00e9m, \u00e9 a quinta tela, dispon\u00edvel apenas para os passageiros do banco de tr\u00e1s, que v\u00e3o vivenciar uma nova forma de entretenimento a bordo dos autom\u00f3veis. O BMW Theater Screen \u00e9 um item de luxo in\u00e9dito em um carro \u00e0 venda no Brasil. Trata-se de uma tela de 31 polegadas em formato widescreen, que fica embutida no teto do&nbsp;i7. Quando acionada, se posiciona logo atr\u00e1s dos encostos de cabe\u00e7a dos bancos dianteiros -e pode ser ajustada em resolu\u00e7\u00e3o e inclina\u00e7\u00e3o da tela, para melhorar a visualiza\u00e7\u00e3o dos passageiros.<\/p>\n\n\n\n<p><strong>TV 8k e som de alt\u00edssima qualidade<\/strong><\/p>\n\n\n\n<p>Dessa forma, o habit\u00e1culo traseiro do BMW&nbsp;i7&nbsp;se transforma em um cinema de luxo sobre rodas. Com resolu\u00e7\u00e3o de at\u00e9 8k e Amazon Fire TV, o sistema permite que os passageiros assistam seus streamings preferidos em qualquer lugar. Para isso, a BMW oferecer\u00e1 um pacote de dados de 20 GB por m\u00eas com um ano de dura\u00e7\u00e3o para os compradores. A experi\u00eancia sonora, claro, tamb\u00e9m \u00e9 revolucion\u00e1ria. O sistema de som do novo BMW&nbsp;i7&nbsp;\u00e9 assinado pela Bowers &amp; Wilkins e tem 1.965 watts de pot\u00eancia, uma nova refer\u00eancia quando o assunto \u00e9 fidelidade e pot\u00eancia sonora.<\/p>\n\n\n\n<p>O streaming pode ser baixado por meio de uma conex\u00e3o 5G, de s\u00e9rie no novo&nbsp;i7. Al\u00e9m disso, \u00e9 poss\u00edvel obter informa\u00e7\u00f5es sobre condi\u00e7\u00f5es de tr\u00e2nsito em tempo real, servi\u00e7o de alerta de manuten\u00e7\u00e3o de componentes (Teleservices) e chamada de Emerg\u00eancia Inteligente.<\/p>\n\n\n\n<p>Para assistir aos programas preferidos, os ocupantes do banco de tr\u00e1s utilizam bancos individuais de extremo conforto. Revestidos com o melhor couro dispon\u00edvel para autom\u00f3veis no mundo, as poltronas possuem diversos tipos de regulagem e at\u00e9 mesmo massagem para os ocupantes. O passageiro atr\u00e1s \u00e0 direita, lado oposto ao do motorista, ainda conta com o modo \u201cprimeira classe\u201d, no qual o assento se reclina e estica, enquanto o banco da frente se recolhe ao m\u00e1ximo, possibilitando uma posi\u00e7\u00e3o extremamente confort\u00e1vel. O acabamento primoroso mescla os materiais mais nobres da ind\u00fastria automotiva, destaque para os diversos detalhes em cristal, que refor\u00e7am a sofistica\u00e7\u00e3o do modelo.<\/p>\n\n\n\n<p><strong>Far\u00f3is de LED com cristais<\/strong><\/p>\n\n\n\n<p>Visualmente, o novo BMW&nbsp;i7&nbsp;\u00e9 completamente novo. A nova identidade visual, que estreou no X7, divide o conjunto \u00f3ptico frontal em duas partes. Na superior, luzes de LED refor\u00e7am a impon\u00eancia e eleg\u00e2ncia do sed\u00e3 fazendo o papel do DRL (Daytime Running Light). Logo abaixo, tamb\u00e9m em LED, mas com tecnologia Matrix, est\u00e3o os far\u00f3is para ilumina\u00e7\u00e3o noturna. A grade frontal tem as bordas iluminadas. O para-choque dianteiro com vincos bem definidos completa o visual, que mescla robustez e eleg\u00e2ncia. Nas laterais, as ma\u00e7anetas s\u00e3o embutidas na carroceria, tornando o visual mais clean e elegante. Na traseira, lanternas afiladas e tridimensionais completam o visual do sed\u00e3. As rodas s\u00e3o de 21 polegadas.<\/p>\n\n\n\n<p>Na fita m\u00e9trica, o BMW&nbsp;i7&nbsp;tem 5,39 metros de comprimento, 1,95 m de largura e 1,54 m de altura. O entre eixos, primordial neste segmento, \u00e9 de impressionantes 3,21 metros. O porta-malas tem capacidade para 500 litros de bagagem, com acionamento el\u00e9trico da tampa traseira &#8211; ou por meio de abertura por sensores, que identificam quando o motorista passa o p\u00e9 por baixo do para-choque.<\/p>\n\n\n\n<p>Equipado com dois motores el\u00e9tricos, um no eixo dianteiro e outro no traseiro, o novo BMW&nbsp;i7&nbsp;tem pot\u00eancia de 544 cv (400 kW) e torque imediato de 745 Nm. Com esse conjunto, o sed\u00e3 mais luxuoso do Brasil tem n\u00fameros dignos de carros esportivos: acelera de 0 a 100 km\/h em apenas 4,7 segundos e tem velocidade m\u00e1xima limitada a 240 km\/h para preserva\u00e7\u00e3o da bateria.<\/p>\n\n\n\n<p><strong>Maior alcance do segmento e tr\u00eas carregadores<\/strong><\/p>\n\n\n\n<p>Com at\u00e9 479 quil\u00f4metros de alcance de acordo com o ciclo PBEV, o&nbsp;i7&nbsp;tem bateria de 101,7 kWh e capacidade de carregamento r\u00e1pido. Em redes DC com 195 kW de pot\u00eancia, o novo BMW&nbsp;i7&nbsp;\u00e9 capaz de recarregar a bateria de 10 a 80% em apenas 34 minutos.<\/p>\n\n\n\n<p>Ainda no quesito recarga, o BMW&nbsp;i7&nbsp;ser\u00e1 o primeiro carro do Brasil a vir de s\u00e9rie com tr\u00eas carregadores totalmente gr\u00e1tis. Ser\u00e3o dois BMW Wallbox (22 kW) e o Flex Charger (11 kW), possibilitando que o cliente opte pela instala\u00e7\u00e3o na resid\u00eancia principal, na segunda casa ou no local de trabalho em centros urbanos, por exemplo. Os clientes que adquirirem as primeiras unidades ganhar\u00e3o duas instala\u00e7\u00f5es podendo escolher entre instalar o BMW Wallbox ou fazer uma adapta\u00e7\u00e3o de tomada industrial para o Flex Charger.<\/p>\n\n\n\n<p>Historicamente o modelo mais completo da BMW, a S\u00e9rie 7, agora em vers\u00e3o totalmente el\u00e9trica, mant\u00e9m a tradi\u00e7\u00e3o e chega recheado de equipamentos. Todos os assistentes de dire\u00e7\u00e3o foram desenvolvidos e aprimorados para o sed\u00e3, que \u00e9 um aut\u00f4nomo n\u00edvel 3 em pa\u00edses que autorizam esse tipo de assistente. O modelo vem equipado com o sistema Driving Assistant Professional, que engloba uma s\u00e9rie de assistentes, como controle adaptativo de velocidade viagem e o Lane Keeping Assistant, que s\u00e3o capazes de manter o carro na estrada com extrema precis\u00e3o sem interfer\u00eancias do motorista, mesmo em situa\u00e7\u00f5es de para e anda de congestionamentos, possui tamb\u00e9m o Remote Control Parking que por meio do aplicativo My BMW, voc\u00ea pode sair do seu ve\u00edculo antes de estacion\u00e1-lo na vaga desejada e com um simples clique no aplicativo, o ve\u00edculo \u00e9 estacionado de forma f\u00e1cil e remota na vaga de estacionamento.<\/p>\n\n\n\n<p>Com o Parking Assistant Professional, o&nbsp;i7&nbsp;estaciona 100% sozinho. N\u00e3o h\u00e1 mais a necessidade sequer de acelerar ou frear. Basta o motorista ativar o sistema e acompanhar as manobras pela tela do sistema multim\u00eddia por meio das c\u00e2meras. H\u00e1 ainda alertas visuais e sonoros, de condi\u00e7\u00f5es de tr\u00e1fego cruzado, riscos de colis\u00e3o traseira, mudan\u00e7as involunt\u00e1rias de faixa de rolamento e controle e preven\u00e7\u00e3o de aproxima\u00e7\u00e3o frontal, entre outras fun\u00e7\u00f5es.<\/p>\n\n\n\n<p>O BMW&nbsp;i7&nbsp;tamb\u00e9m possui um som para aumentar a emo\u00e7\u00e3o de quem est\u00e1 ao volante. Chamada de BMW IconicSounds Electric, a fun\u00e7\u00e3o inclui trilhas compostas pelo renomado compositor Hans Zimmer para proporcionar ainda mais conex\u00e3o emocional entre os ocupantes e o ve\u00edculo.<\/p>\n\n\n\n<p><strong>Smartphone para abertura de portas<\/strong><\/p>\n\n\n\n<p>H\u00e1 ainda o Digital Key Plus, sistema de chave virtual, compat\u00edvel com iPhone e smartphones Samsung Galaxy, que dispensam a chave f\u00edsica e facilitam o acesso ao carro exclusivamente com o celular, a Digital Key Plus ainda pode ser compartilhada com at\u00e9 5 pessoas de forma remota, permitindo uma enorme flexibilidade.<\/p>\n\n\n\n<p>Equipado com o Intelligent Personal Assistant (IPA), o novo&nbsp;i7&nbsp;ganhou skills para interagir de forma ainda mais natural com seus ocupantes, j\u00e1 que o sistema permite intera\u00e7\u00e3o, por voz, com o pr\u00f3prio carro de forma natural para ativar diversas fun\u00e7\u00f5es do ve\u00edculo, como por exemplo, o controle de temperatura, as luzes, a m\u00eddia, modos de experi\u00eancia e abertura de janelas, transformando o ambiente do interior de acordo com o humor do propriet\u00e1rio, tudo por voz. Al\u00e9m do Intelligent Personal Assistant (IPA), o modelo conta com a Alexa, que permite a intera\u00e7\u00e3o com um segundo assistente pessoal de voz dentro do ve\u00edculo, possibilitando automa\u00e7\u00e3o residencial e intera\u00e7\u00f5es \u00fanicas de uma Alexa externa com o carro.<\/p>\n\n\n\n<p>O modelo tamb\u00e9m tem compatibilidade com o My BMW App. Com ele, \u00e9 poss\u00edvel ativar fun\u00e7\u00f5es remotas, como localizar o ve\u00edculo, trancar e destrancar o carro, acender os far\u00f3is, e acionar a ventila\u00e7\u00e3o do carro, e ainda \u00e9 poss\u00edvel visualizar o 3D View. Al\u00e9m disso, com o My BMW App \u00e9 poss\u00edvel verificar o status do carro, caso tenha alguma porta ou janela aberta, ter informa\u00e7\u00f5es sobre a quilometragem, o n\u00edvel de combust\u00edvel, manuten\u00e7\u00f5es e servi\u00e7os necess\u00e1rios, localizar e fazer contato com concession\u00e1rios, mensagem de check control, como flu\u00eddo de freio, e ainda receber notifica\u00e7\u00f5es a cada atualiza\u00e7\u00e3o remota de software (Remote Software Upgrade).<\/p>\n\n\n\n<p>O aplicativo mostra uma vis\u00e3o geral de todas as informa\u00e7\u00f5es sobre o processo de carregamento do carro (status, hora de in\u00edcio e dura\u00e7\u00e3o, autonomia atual, pr\u00e9-condicionamento &#8211; para aquecer o ve\u00edculo no inverno ou resfri\u00e1-lo no ver\u00e3o -, intervalo de tempo para carregamento, programar a pr\u00f3xima recarga e outras configura\u00e7\u00f5es relevantes do ve\u00edculo). Os clientes tamb\u00e9m recebem notifica\u00e7\u00f5es push sobre o status de carregamento.<\/p>\n\n\n\n<p>Outra fun\u00e7\u00e3o interessante do My BMW App \u00e9 a facilidade para encontrar informa\u00e7\u00f5es relevantes para a sua viagem, como: autonomia para a sua viagem, pontos de recarga pr\u00f3ximos a sua localiza\u00e7\u00e3o, tipos de conector e pot\u00eancia de carregadores.<\/p>\n\n\n\n<p>O novo BMW&nbsp;i7&nbsp;chega ao Brasil na vers\u00e3o xDrive60 M Sport em sete op\u00e7\u00f5es de cores (Branco Alpino, Preto Safira, Cinza Sophisto, Branco Mineral, Cinza Oxide, Cinza Brooklyn e Vermelho Aventurine) e cinco op\u00e7\u00f5es de acabamento interno em Couro Merino (Tartufo, Smoke White, Preto, Mocha e Amarone).<\/p>\n","protected":false},"excerpt":{"rendered":"<p>Novo modelo da marca alem\u00e3 no pa\u00eds&nbsp;tem pot\u00eancia de 544 cv (400 kW) e torque imediato de 745 Nm, com um motor el\u00e9trico em cada eixo &nbsp;BMW&nbsp;i7&nbsp;chega ao Brasil para escrever um novo cap\u00edtulo na hist\u00f3ria da ind\u00fastria automotiva e assumir um papel revolucion\u00e1rio, mudando a forma como os passageiros aproveitam o tempo dentro de [&hellip;]<\/p>\n","protected":false},"author":1,"featured_media":1707,"comment_status":"open","ping_status":"open","sticky":false,"template":"","format":"standard","meta":{"footnotes":""},"categories":[5],"tags":[226,381],"class_list":["post-1705","post","type-post","status-publish","format-standard","has-post-thumbnail","hentry","category-auto-premium","tag-bmw","tag-i7"],"amp_enabled":true,"_links":{"self":[{"href":"https:\/\/autosgiros.com.br\/index.php\/wp-json\/wp\/v2\/posts\/1705","targetHints":{"allow":["GET"]}}],"collection":[{"href":"https:\/\/autosgiros.com.br\/index.php\/wp-json\/wp\/v2\/posts"}],"about":[{"href":"https:\/\/autosgiros.com.br\/index.php\/wp-json\/wp\/v2\/types\/post"}],"author":[{"embeddable":true,"href":"https:\/\/autosgiros.com.br\/index.php\/wp-json\/wp\/v2\/users\/1"}],"replies":[{"embeddable":true,"href":"https:\/\/autosgiros.com.br\/index.php\/wp-json\/wp\/v2\/comments?post=1705"}],"version-history":[{"count":2,"href":"https:\/\/autosgiros.com.br\/index.php\/wp-json\/wp\/v2\/posts\/1705\/revisions"}],"predecessor-version":[{"id":1735,"href":"https:\/\/autosgiros.com.br\/index.php\/wp-json\/wp\/v2\/posts\/1705\/revisions\/1735"}],"wp:featuredmedia":[{"embeddable":true,"href":"https:\/\/autosgiros.com.br\/index.php\/wp-json\/wp\/v2\/media\/1707"}],"wp:attachment":[{"href":"https:\/\/autosgiros.com.br\/index.php\/wp-json\/wp\/v2\/media?parent=1705"}],"wp:term":[{"taxonomy":"category","embeddable":true,"href":"https:\/\/autosgiros.com.br\/index.php\/wp-json\/wp\/v2\/categories?post=1705"},{"taxonomy":"post_tag","embeddable":true,"href":"https:\/\/autosgiros.com.br\/index.php\/wp-json\/wp\/v2\/tags?post=1705"}],"curies":[{"name":"wp","href":"https:\/\/api.w.org\/{rel}","templated":true}]}}