{"id":1694,"date":"2023-08-15T18:03:00","date_gmt":"2023-08-15T21:03:00","guid":{"rendered":"https:\/\/autosgiros.com.br\/?p=1694"},"modified":"2023-08-31T21:00:40","modified_gmt":"2023-09-01T00:00:40","slug":"zf-chega-aos-65-anos-de-atuacao-no-brasil-preparada-para-o-futuro","status":"publish","type":"post","link":"https:\/\/autosgiros.com.br\/index.php\/2023\/08\/15\/zf-chega-aos-65-anos-de-atuacao-no-brasil-preparada-para-o-futuro\/","title":{"rendered":"ZF chega aos 65 anos de atua\u00e7\u00e3o no Brasil, preparada para o futuro"},"content":{"rendered":"\n<p><em>Empresa opera com processos robustos e possui iniciativas locais de destaque global, em linha com seus compromissos de sustentabilidade<\/em><\/p>\n\n\n\n<p>A ZF completa 65 anos de Brasil neste ano de 2023 acrescentando \u00e0 sua hist\u00f3ria cap\u00edtulos de grandes transforma\u00e7\u00f5es, inova\u00e7\u00f5es e pioneirismos. Um conjunto de palavras fortes que demonstram uma sequ\u00eancia de decis\u00f5es estrat\u00e9gicas, globais e nacionais, respons\u00e1veis por fortalecer a empresa de tecnologia no campo da mobilidade, tornando-a cada vez mais presente no dia a dia das pessoas.<\/p>\n\n\n\n<p>Nem todos os usu\u00e1rios da mobilidade tem o conhecimento de que, nos ve\u00edculos que circulam por ruas e estradas do Brasil, desde ao mais leves at\u00e9 os mais pesados, h\u00e1 pelo menos uma tecnologia ou componente desenvolvido pela ZF no Brasil ou por outras unidades da empresa ao redor do mundo. O mais importante dessa constata\u00e7\u00e3o n\u00e3o est\u00e1 ligado apenas ao volume, mas \u00e0 sua contribui\u00e7\u00e3o para o avan\u00e7o das tecnologias e solu\u00e7\u00f5es digitais presentes nos ve\u00edculos e, tamb\u00e9m em implementos rodovi\u00e1rios. Sua presen\u00e7a bem-sucedida se estende, por exemplo, para os setores agr\u00edcola, de constru\u00e7\u00e3o, energia e\u00f3lica, mar\u00edtimo e fluvial, al\u00e9m da forte atua\u00e7\u00e3o no setor da reposi\u00e7\u00e3o de pe\u00e7as, com a ZF Aftermarket.<\/p>\n\n\n\n<figure class=\"wp-block-embed is-type-video is-provider-youtube wp-block-embed-youtube wp-embed-aspect-16-9 wp-has-aspect-ratio\"><div class=\"wp-block-embed__wrapper\">\n<iframe loading=\"lazy\" title=\"ZF Am\u00e9rica do Sul: V\u00eddeo Institucional\" width=\"740\" height=\"416\" src=\"https:\/\/www.youtube.com\/embed\/j4Vo8juXBfk?feature=oembed\" frameborder=\"0\" allow=\"accelerometer; autoplay; clipboard-write; encrypted-media; gyroscope; picture-in-picture; web-share\" allowfullscreen><\/iframe>\n<\/div><\/figure>\n\n\n\n<p>\u201cOs passos que influenciaram os avan\u00e7os da ZF est\u00e3o ligados \u00e0 capacidade de nossos times de atender as necessidades do mercado como um todo, hoje e no futuro\u201d, disse Carlos Delich, presidente da ZF na Am\u00e9rica do Sul.<\/p>\n\n\n\n<p><strong>Aquisi\u00e7\u00f5es trouxeram transforma\u00e7\u00f5es com grande impacto<\/strong><\/p>\n\n\n\n<p>Dois dos movimentos de maior transforma\u00e7\u00e3o do Grupo ZF ocorreram ap\u00f3s a incorpora\u00e7\u00e3o, em \u00e2mbito global, da TRW em 2015, e da WABCO em 2020, ambas com forte impacto no Brasil.<\/p>\n\n\n\n<p>As unidades de ambas as marcas instaladas no Pa\u00eds s\u00e3o refer\u00eancias em suas \u00e1reas. Por um lado, a combina\u00e7\u00e3o de for\u00e7as da ZF com a TRW trouxe avan\u00e7os ao desenvolvimento e produ\u00e7\u00e3o de sistemas de seguran\u00e7a ativa e passiva e eletr\u00f4nicos, em Limeira, SP. Por outro lado, a aquisi\u00e7\u00e3o da WABCO, tornou a ZF a maior fornecedora para ve\u00edculos comerciais pesados do mundo, com sistemas de atua\u00e7\u00e3o em dire\u00e7\u00e3o, freios, controle eletr\u00f4nico de estabilidade (ESC), solu\u00e7\u00f5es digitais, entre outros itens, que agregaram as mais avan\u00e7adas tecnologias do mundo para o setor de transportes rodovi\u00e1rio de carga e passageiros, incluindo tecnologias para carretas. Com isso, abriu-se caminho para a constru\u00e7\u00e3o de uma nova hist\u00f3ria. As aquisi\u00e7\u00f5es tornaram a ZF uma das principais provedoras globais de solu\u00e7\u00f5es capazes de agregar mais seguran\u00e7a, efici\u00eancia e sustentabilidade \u00e0 mobilidade.<\/p>\n\n\n\n<p><strong>Unidades e engenharia brasileiras s\u00e3o refer\u00eancias globais<\/strong><\/p>\n\n\n\n<p>As dimens\u00f5es continentais do Brasil, al\u00e9m do vasto potencial e diversidade de demandas por tecnologias mais sustent\u00e1veis, fizeram com que as opera\u00e7\u00f5es da ZF no Pa\u00eds assumissem grande import\u00e2ncia estrat\u00e9gica para todo o Grupo ZF nos \u00faltimos anos e, principalmente, para os clientes instalados no continente sul-americano.<\/p>\n\n\n\n<p>A comprovada experi\u00eancia da engenharia nacional em desenvolver solu\u00e7\u00f5es criativas e eficientes para as mais variadas aplica\u00e7\u00f5es, elevou significativamente a import\u00e2ncia da opera\u00e7\u00e3o no contexto global da empresa. Hoje as unidades da ZF instaladas no Brasil est\u00e3o entre as mais modernas do mundo do Grupo ZF, gra\u00e7as n\u00e3o s\u00f3 aos investimentos em P&amp;D &#8211; Pesquisa e Desenvolvimento, mas em grande parte ao talento dos seus colaboradores.<\/p>\n\n\n\n<p>A unidade respons\u00e1vel pela produ\u00e7\u00e3o de eixos agr\u00edcolas por exemplo, em Sorocaba, SP, \u00e9 um centro global de desenvolvimento para este tipo de produto. A alta demanda nacional do setor agr\u00edcola por solu\u00e7\u00f5es tecnol\u00f3gicas que ofere\u00e7am cada vez mais efici\u00eancia e produtividade favorece ainda mais a engenharia local da ZF.<\/p>\n\n\n\n<p>Outro exemplo em que o \u201cexpertise\u201d da engenharia nacional \u00e9 reconhecido mundialmente est\u00e1 na \u00e1rea de energia e\u00f3lica. Em fun\u00e7\u00e3o do \u201cknow-how\u201d dos profissionais brasileiros no desenvolvimento de caixas multiplicadoras no Pa\u00eds, equipamentos considerados o cora\u00e7\u00e3o da gera\u00e7\u00e3o de energia e\u00f3lica, desde 2020 essa divis\u00e3o no Brasil passou a contribuir diretamente no desenvolvimento de tecnologias e solu\u00e7\u00f5es de servi\u00e7os voltadas ao setor de energia e\u00f3lica global.<\/p>\n\n\n\n<p>Em 2021 a ZF inaugurou em sua unidade industrial de Limeira\/SP uma nova linha de produ\u00e7\u00e3o de colunas de dire\u00e7\u00e3o el\u00e9trica. Considerando as suas tecnologias em termos de controles e automa\u00e7\u00e3o, a unidade se transformou em refer\u00eancia global em seu segmento. A unidade \u00e9 considerada a mais moderna de todo o Grupo ZF no mundo para a produ\u00e7\u00e3o deste tipo de componente, cuja lideran\u00e7a de mercado no Brasil \u00e9 da ZF.<\/p>\n\n\n\n<p>Em apenas seis anos de opera\u00e7\u00e3o, o Centro de Distribui\u00e7\u00e3o da ZF para o mercado de reposi\u00e7\u00e3o, localizado em Itu, SP, onde se concentram as atividades de log\u00edstica de pe\u00e7as das marcas ZF, LEMF\u00d6RDER, SACHS e TRW j\u00e1 est\u00e1 entre os mais digitalizados da ZF Aftermarket em termos globais.<\/p>\n\n\n\n<p>A velocidade na digitaliza\u00e7\u00e3o dos processos vem acelerando as iniciativas digitais e transforma\u00e7\u00f5es para os clientes da ZF Aftermarket em v\u00e1rias frentes, desde o acesso \u00e0 informa\u00e7\u00e3o, programas de qualifica\u00e7\u00e3o at\u00e9 o fornecimento de solu\u00e7\u00f5es de agendamento de servi\u00e7os e compra de pe\u00e7as, por exemplo, entre outras iniciativas que vem mudando dia a dia da cadeia de reposi\u00e7\u00e3o no Brasil.<\/p>\n\n\n\n<p><strong>Localiza\u00e7\u00e3o de produtos e protagonismo no mercado<\/strong><\/p>\n\n\n\n<p>Nestes 65 anos de Brasil, a ZF assumiu protagonismo no desenvolvimento e produ\u00e7\u00e3o local de tecnologias de ponta. Com sua pol\u00edtica de r\u00e1pida transfer\u00eancia tecnol\u00f3gica para o Pa\u00eds, sempre se antecipando \u00e0s necessidades e novas tend\u00eancias nacionais, a empresa tem hist\u00f3rico positivo de localiza\u00e7\u00e3o de produ\u00e7\u00e3o em suas unidades industriais. A experi\u00eancia adquirida neste per\u00edodo de atua\u00e7\u00e3o no Brasil trouxe proximidade com os clientes e com o mercado. Por isso mesmo, a ZF \u00e9 uma das empresas do setor automotivo que mais investiu na localiza\u00e7\u00e3o de produtos nos \u00faltimos anos, favorecendo a introdu\u00e7\u00e3o de tecnologias de alta demanda no Pa\u00eds<\/p>\n\n\n\n<p>Com essa estrat\u00e9gia, o pioneirismo mais uma vez se fez presente na sua hist\u00f3ria. A empresa foi a primeira do setor automotivo brasileiro a nacionalizar, ano passado, o sistema de freio de estacionamento el\u00e9trico, o EPB &#8211; Electric Parking Brake. Os equipamentos, que proporcionam maior seguran\u00e7a e efici\u00eancia nas frenagens, s\u00e3o produzidas na unidade industrial de Limeira, SP, considerada uma das mais modernas do mundo dentro do Grupo ZF. Entre os m\u00e9ritos da unidade paulista est\u00e1 a marca de seis milh\u00f5es de componentes eletr\u00f4nicos produzidos at\u00e9 2022.<\/p>\n\n\n\n<p>Nesta mesma unidade, a ZF tamb\u00e9m passou a produzir, em 2021, a gera\u00e7\u00e3o 7.5 do componente de seguran\u00e7a ativa Airbag Control Unit \u2013 ACU. Desde 2013, a ZF \u00e9 a \u00fanica empresa do setor automotivo a produzir m\u00f3dulos eletr\u00f4nicos de seguran\u00e7a no Brasil. Neste segundo semestre anunciou a produ\u00e7\u00e3o local do ESC (Sistema Eletr\u00f4nico de Estabilidade). Com mais essa nacionaliza\u00e7\u00e3o passou tamb\u00e9m a ser a \u00fanica empresa de tecnologia a produzir no Pa\u00eds a parte eletr\u00f4nica para esse sistema, cuja obrigatoriedade j\u00e1 existe na Europa e, a partir de 2024, tamb\u00e9m ter\u00e1 no Brasil.<\/p>\n\n\n\n<p>A mais nova gera\u00e7\u00e3o de transmiss\u00f5es automatizadas TraXon para ve\u00edculos comerciais tamb\u00e9m passou a ser produzida no Brasil, em Sorocaba, SP, a partir de 2020.<\/p>\n\n\n\n<p>A ZF fez hist\u00f3ria no Brasil sempre oferecendo solu\u00e7\u00f5es avan\u00e7adas que representam o estado da arte em transmiss\u00f5es. Foi assim quando pioneiramente apresentou as primeiras transmiss\u00f5es autom\u00e1ticas para carros de passeio, ainda na d\u00e9cada de 1960. Desde que chegou ao Brasil, em 1958, a ZF \u00e9 conhecida e respeitada pela confiabilidade t\u00e9cnica presente nestes equipamentos. As transmiss\u00f5es ZF, sejam manuais, autom\u00e1ticas ou automatizadas equipam as mais variadas marcas de ve\u00edculos que circulam pelo Brasil, tanto leves como pesados.<\/p>\n\n\n\n<p><strong>Compromisso com pessoas e com a inova\u00e7\u00e3o constante<\/strong><\/p>\n\n\n\n<p>Atualmente a ZF possui oito unidades industriais instaladas no Brasil e uma na Argentina, em San Francisco, com escrit\u00f3rios em Bogot\u00e1, na Col\u00f4mbia, e em Buenos Aires, Argentina e tamb\u00e9m uma pista de testes pr\u00f3pria em Limeira, SP. Al\u00e9m disso, opera com tr\u00eas centros de distribui\u00e7\u00e3o; em Itu e Campinas, SP, e tamb\u00e9m em Cali, na Col\u00f4mbia. Em 2022, a ZF registrou vendas de 7,11 bilh\u00f5es de reais na Am\u00e9rica do Sul, com investimentos de 134,2 milh\u00f5es de reais em P&amp;D \u2013 Pesquisa e Desenvolvimento. A empresa opera hoje com cerca de 5.6 mil colaboradores.<\/p>\n\n\n\n<p>A qualifica\u00e7\u00e3o e aperfei\u00e7oamento de seus profissionais \u00e9 um dos campos de maior valor para a empresa. Neste per\u00edodo de Brasil, j\u00e1 enviou centenas de colaboradores brasileiros para atuar nas mais diversas \u00e1reas e ocupar importantes cargos em suas unidades em todo o mundo.<\/p>\n\n\n\n<p>Como empresa-cidad\u00e3 e socialmente respons\u00e1vel, h\u00e1 mais de 25 anos a ZF mant\u00e9m parceria com o Projeto Pescar, voltado \u00e0 capacita\u00e7\u00e3o de jovens em situa\u00e7\u00e3o de vulnerabilidade social e amplia\u00e7\u00e3o de oportunidades de inser\u00e7\u00e3o ao mercado de trabalho. Durante o per\u00edodo, s\u00f3 com o Projeto Pescar, mais de 400 jovens foram beneficiados.<\/p>\n\n\n\n<p>O compromisso com o bem-estar dos colaboradores \u00e9 uma das verticais da ZF no Brasil. As iniciativas sociais inclu\u00eddas no contexto do ESG (Environmental, Social and Governance), vem de longa data, mas em 2022 incorporou o programa \u201cEmbaixadores da Diversidade\u201d. Desde a sua cria\u00e7\u00e3o, os colaboradores se dedicam a uma agenda regular de educa\u00e7\u00e3o sobre diversidade e inclus\u00e3o, com campanhas e comunica\u00e7\u00f5es estrat\u00e9gicas. Em 2023, o foco das atividades est\u00e1 na proposta de a\u00e7\u00f5es internas voltadas \u00e0 inclus\u00e3o e com potencial de serem implementadas em toda a organiza\u00e7\u00e3o.<\/p>\n\n\n\n<p>O p\u00fablico externo tamb\u00e9m foi contemplado nas a\u00e7\u00f5es de ordem social da empresa por meio da Campanha \u201cAmiguinhos ZF\u201d, iniciativa que tem o objetivo de conscientizar crian\u00e7as e jovens de 4 a 12 anos sobre cidadania, respeito e educa\u00e7\u00e3o sobre mobilidade segura e sustent\u00e1vel. A a\u00e7\u00e3o entrega conte\u00fado gratuito para todo o p\u00fablico por meio de website oficial desde 2020.<\/p>\n\n\n\n<p>Na \u00e1rea ambiental a ZF vem trabalhando dia a dia para atingir a meta de tornar-se globalmente neutra para o clima at\u00e9 2040. Entre in\u00fameras a\u00e7\u00f5es j\u00e1 desenvolvidas, destaque para a marca \u201caterro zero\u201d na planta de Limeira, SP, em 2022 e na unidade II de Sorocaba, em 2021.<\/p>\n\n\n\n<p>Todas essas conquistas trouxeram in\u00fameros pr\u00eamios para a ZF ao longo dos anos, tanto das m\u00eddias especializadas como de seus clientes.<\/p>\n\n\n\n<p>Centen\u00e1ria no mundo, a ZF tem uma rela\u00e7\u00e3o particularmente especial com o Brasil, considerando que aqui a empresa come\u00e7ou sua trajet\u00f3ria de forte internacionaliza\u00e7\u00e3o e expans\u00e3o, instalando sua primeira unidade fora da Alemanha, em 1958. \u201cDesde o in\u00edcio de suas opera\u00e7\u00f5es no Brasil, a ZF vem contribuindo fortemente para enriquecer a hist\u00f3ria global da empresa pelo mundo. O brasileiro \u00e9 reconhecido pela sua paix\u00e3o no que faz e pela inova\u00e7\u00e3o presente no seu DNA. Isso faz toda a diferen\u00e7a para continuarmos avan\u00e7ando com boas e novas solu\u00e7\u00f5es ao mercado\u201d, finaliza Delich.<\/p>\n","protected":false},"excerpt":{"rendered":"<p>Empresa opera com processos robustos e possui iniciativas locais de destaque global, em linha com seus compromissos de sustentabilidade A ZF completa 65 anos de Brasil neste ano de 2023 acrescentando \u00e0 sua hist\u00f3ria cap\u00edtulos de grandes transforma\u00e7\u00f5es, inova\u00e7\u00f5es e pioneirismos. Um conjunto de palavras fortes que demonstram uma sequ\u00eancia de decis\u00f5es estrat\u00e9gicas, globais e [&hellip;]<\/p>\n","protected":false},"author":1,"featured_media":1696,"comment_status":"open","ping_status":"open","sticky":false,"template":"","format":"standard","meta":{"footnotes":""},"categories":[267],"tags":[278],"class_list":["post-1694","post","type-post","status-publish","format-standard","has-post-thumbnail","hentry","category-auto-pecas","tag-zf"],"amp_enabled":true,"_links":{"self":[{"href":"https:\/\/autosgiros.com.br\/index.php\/wp-json\/wp\/v2\/posts\/1694","targetHints":{"allow":["GET"]}}],"collection":[{"href":"https:\/\/autosgiros.com.br\/index.php\/wp-json\/wp\/v2\/posts"}],"about":[{"href":"https:\/\/autosgiros.com.br\/index.php\/wp-json\/wp\/v2\/types\/post"}],"author":[{"embeddable":true,"href":"https:\/\/autosgiros.com.br\/index.php\/wp-json\/wp\/v2\/users\/1"}],"replies":[{"embeddable":true,"href":"https:\/\/autosgiros.com.br\/index.php\/wp-json\/wp\/v2\/comments?post=1694"}],"version-history":[{"count":3,"href":"https:\/\/autosgiros.com.br\/index.php\/wp-json\/wp\/v2\/posts\/1694\/revisions"}],"predecessor-version":[{"id":1819,"href":"https:\/\/autosgiros.com.br\/index.php\/wp-json\/wp\/v2\/posts\/1694\/revisions\/1819"}],"wp:featuredmedia":[{"embeddable":true,"href":"https:\/\/autosgiros.com.br\/index.php\/wp-json\/wp\/v2\/media\/1696"}],"wp:attachment":[{"href":"https:\/\/autosgiros.com.br\/index.php\/wp-json\/wp\/v2\/media?parent=1694"}],"wp:term":[{"taxonomy":"category","embeddable":true,"href":"https:\/\/autosgiros.com.br\/index.php\/wp-json\/wp\/v2\/categories?post=1694"},{"taxonomy":"post_tag","embeddable":true,"href":"https:\/\/autosgiros.com.br\/index.php\/wp-json\/wp\/v2\/tags?post=1694"}],"curies":[{"name":"wp","href":"https:\/\/api.w.org\/{rel}","templated":true}]}}