{"id":1656,"date":"2023-08-25T21:06:00","date_gmt":"2023-08-26T00:06:00","guid":{"rendered":"https:\/\/autosgiros.com.br\/?p=1656"},"modified":"2023-08-29T21:14:42","modified_gmt":"2023-08-30T00:14:42","slug":"audi-marca-presenca-em-projeto-da-casacor-2023","status":"publish","type":"post","link":"https:\/\/autosgiros.com.br\/index.php\/2023\/08\/25\/audi-marca-presenca-em-projeto-da-casacor-2023\/","title":{"rendered":"Audi marca presen\u00e7a em projeto da Casacor 2023"},"content":{"rendered":"\n<p><em>Marca alem\u00e3 \u00e9 o carro oficial do evento deste ano e est\u00e1 acompanhando o maior evento de arquitetura das Am\u00e9ricas por 17 cidades por todo o Brasil<\/em><\/p>\n\n\n\n<p>Uma cabana de luxo constru\u00edda em apenas 43 dias deve chamar aten\u00e7\u00e3o dos visitantes que forem conferir os projetos de arquitetura e decora\u00e7\u00e3o da Casacor RS 2023, evento que acontece de 25 de agosto a 22 de outubro, na Rua Carlos Trein Filho, 705, no cora\u00e7\u00e3o do bairro Bela Vista, em Porto Alegre.<\/p>\n\n\n\n<p>Assinada pelo arquiteto ga\u00facho Saymon Dall Alba, nome \u00e0 frente do Est\u00fadio Saymon Dall Alba, a cabana une o conforto do glamping (esp\u00e9cie de \u201ccamping com glamour\u201d), com a tecnologia da Audi Top Car. No espa\u00e7o, \u00e9 exposto um modelo 100% el\u00e9trico da Audi: e-tron Sportback Performance no valor de R$ 646.9990. Em meio ao cen\u00e1rio urbano do terreno que abriga a mostra, a constru\u00e7\u00e3o foi integrada \u00e0 vegeta\u00e7\u00e3o preservada atrav\u00e9s dos tra\u00e7os caracter\u00edsticos do trabalho do arquiteto, especializado na cria\u00e7\u00e3o de cabanas e hospedagens de alto padr\u00e3o.<\/p>\n\n\n\n<p>A marca alem\u00e3 e o arquiteto apresentar\u00e3o uma experi\u00eancia memor\u00e1vel para o p\u00fablico visitante da mostra: o futuro da mobilidade premium inserida na urbanidade buc\u00f3lica da cabana de alto padr\u00e3o, cujo design cria uma atmosfera acolhedora contempor\u00e2nea e conectada \u00e0 natureza.<\/p>\n\n\n\n<figure class=\"wp-block-image size-large\"><img loading=\"lazy\" decoding=\"async\" width=\"1024\" height=\"576\" src=\"https:\/\/autosgiros.com.br\/wp-content\/uploads\/2023\/08\/Audi-Casa-Cor-02-Foto-Cristiano-Bauce-1024x576.jpg\" alt=\"\" class=\"wp-image-1657\" srcset=\"https:\/\/autosgiros.com.br\/wp-content\/uploads\/2023\/08\/Audi-Casa-Cor-02-Foto-Cristiano-Bauce-1024x576.jpg 1024w, https:\/\/autosgiros.com.br\/wp-content\/uploads\/2023\/08\/Audi-Casa-Cor-02-Foto-Cristiano-Bauce-300x169.jpg 300w, https:\/\/autosgiros.com.br\/wp-content\/uploads\/2023\/08\/Audi-Casa-Cor-02-Foto-Cristiano-Bauce-768x432.jpg 768w, https:\/\/autosgiros.com.br\/wp-content\/uploads\/2023\/08\/Audi-Casa-Cor-02-Foto-Cristiano-Bauce.jpg 1200w\" sizes=\"auto, (max-width: 1024px) 100vw, 1024px\" \/><figcaption class=\"wp-element-caption\">Casacor 2023. Foto: Cristiano Bauce\/Divulga\u00e7\u00e3o<\/figcaption><\/figure>\n\n\n\n<p>Batizada de Cabana N\u00f4ma, a constru\u00e7\u00e3o entra no circuito j\u00e1 \u00e0 venda na sua totalidade. Ao ser adquirida, pode ser transportada para qualquer local do Brasil. Essa caracter\u00edstica inspirou o conceito e o nome do projeto. N\u00f4ma, palavra derivada de n\u00f4made, traduz o desejo de descoberta e de constante movimento. Apresentar a arquitetura como um experi\u00eancia de conex\u00e3o entre a natureza e a tecnologia, foi o ponto de partida do arquiteto para concep\u00e7\u00e3o do trabalho.<\/p>\n\n\n\n<p>Equilibrando privacidade e perspectiva, a planta livre da Cabana N\u00f4ma permite criar uma sensa\u00e7\u00e3o de fluidez e serenidade, proporcionada atrav\u00e9s da luz natural que emana livremente entre os ambientes. O espa\u00e7o exterior oferece uma \u00e1rea de conv\u00edvio ao ar livre com um lounge confort\u00e1vel e um fogo de ch\u00e3o, promovendo momentos de conex\u00e3o e contempla\u00e7\u00e3o da natureza. Outro destaque \u00e9 uma esta\u00e7\u00e3o de carregamento para ve\u00edculos el\u00e9tricos.<\/p>\n\n\n\n<p>Proporcionando um equil\u00edbrio perfeito entre luxo e tecnologia, os interiores receberam mobili\u00e1rio brasileiro assinado por designers como Guilherme Wentz, Roberta Banqueri e Ronald Sasson (Casa de Alessa), al\u00e9m de uma cozinha moderna e equipada. No quarto principal, os visitantes desfrutar\u00e3o de uma experi\u00eancia de descanso e relaxamento, com uma janela estrategicamente posicionada logo acima da cama, permitindo a aprecia\u00e7\u00e3o de uma vista privilegiada do Audi. Integrados, seus quatro ambientes internos s\u00e3o permeados por amplas janelas de vidro, que oferecem vistas deslumbrantes para aprecia\u00e7\u00e3o da paisagem ao seu redor. As fotografias Trailer 1 e 2, fotografias de Romy Pocztaruk (80X80), 2012, tamb\u00e9m da Casa de Alessa, ganharam destaque na parede e inspiraram o nome do projeto.<\/p>\n\n\n\n<p>Com uma abordagem sustent\u00e1vel e atrav\u00e9s da combina\u00e7\u00e3o de materiais comprometidos com conceitos de reintegra\u00e7\u00e3o como light steel frame, elementos met\u00e1licos em contraste com materiais naturais como madeira, tons de pedra e cores claras, a cabana traduz o estilo contempor\u00e2neo caracter\u00edstico de Saymon.<\/p>\n\n\n\n<p><strong>Saymon Dall Alba<\/strong><\/p>\n\n\n\n<p>Formado pela Universidade de Caxias do Sul (UCS), em 2014, e com cursos na Escuela Tecnica Superior de Arquitectura em Sevilla, na Espanha, Saymon comanda o Est\u00fadio Saymon Dall Alba, com uma equipe de profissionais especializados. Al\u00e9m de tocar empreendimentos em \u00e1reas rurais de munic\u00edpios como Caxias, Cambar\u00e1 do Sul, Ant\u00f4nio Prado e S\u00e3o Francisco de Paula, o escrit\u00f3rio j\u00e1 chegou a S\u00e3o Paulo, Cear\u00e1, Santa Catarina e Vit\u00f3ria. Atualmente, o escrit\u00f3rio trabalha projetos em andamento em diversos estados do Brasil. Na onda do glamping e do movimento das tiny houses (micro-casas com conceito sustent\u00e1vel), a maioria s\u00e3o propostas voltadas para AirBnb (aplicativo de hospedagem), que envolvem conex\u00e3o com a natureza, mas com todo o conforto poss\u00edvel.<\/p>\n\n\n\n<p><strong>Audi e-tron<\/strong><\/p>\n\n\n\n<figure class=\"wp-block-image size-large\"><img loading=\"lazy\" decoding=\"async\" width=\"1024\" height=\"576\" src=\"https:\/\/autosgiros.com.br\/wp-content\/uploads\/2023\/08\/Audi-Casa-Cor-01-Foto-Cristiano-Bauce-1024x576.jpg\" alt=\"\" class=\"wp-image-1658\" srcset=\"https:\/\/autosgiros.com.br\/wp-content\/uploads\/2023\/08\/Audi-Casa-Cor-01-Foto-Cristiano-Bauce-1024x576.jpg 1024w, https:\/\/autosgiros.com.br\/wp-content\/uploads\/2023\/08\/Audi-Casa-Cor-01-Foto-Cristiano-Bauce-300x169.jpg 300w, https:\/\/autosgiros.com.br\/wp-content\/uploads\/2023\/08\/Audi-Casa-Cor-01-Foto-Cristiano-Bauce-768x432.jpg 768w, https:\/\/autosgiros.com.br\/wp-content\/uploads\/2023\/08\/Audi-Casa-Cor-01-Foto-Cristiano-Bauce.jpg 1200w\" sizes=\"auto, (max-width: 1024px) 100vw, 1024px\" \/><figcaption class=\"wp-element-caption\">Casacor 2023. Foto: Cristiano Bauce\/Divulga\u00e7\u00e3o<\/figcaption><\/figure>\n\n\n\n<p>Com visual esportivo e linhas flu\u00eddas, o primeiro modelo e-tron foi lan\u00e7ado no Brasil em abril de 2020 como o primeiro ve\u00edculo 100% el\u00e9trico da fabricante. O carro faz parte da linha de ve\u00edculos el\u00e9tricos (EV) da Audi e representa seu compromisso com a mobilidade sustent\u00e1vel. Com impressionantes capacidades de desempenho, foi projetado para oferecer uma longa autonomia el\u00e9trica, atendendo \u00e0s necessidades de condu\u00e7\u00e3o di\u00e1ria e viagens de longa dist\u00e2ncia.<\/p>\n\n\n\n<p>No interior do ve\u00edculo, um espa\u00e7o luxuoso e tecnologicamente avan\u00e7ado, reflete o compromisso da Audi com a qualidade premium. O modelo possui uma cabine espa\u00e7osa com materiais de alta qualidade, assentos confort\u00e1veis e uma variedade de recursos e tecnologias inovadoras, incluindo um painel de instrumentos digital, telas sens\u00edveis ao toque para entretenimento e controle de climatiza\u00e7\u00e3o, sistemas avan\u00e7ados de assist\u00eancia ao motorista e recursos de conectividade.<\/p>\n\n\n\n<p><strong>Servi\u00e7o Casacor Rio Grande do Sul<br><\/strong>De 25 de agosto a 22 de outubro<br>Rua Carlos Trein Filho, 705 &#8211; bairro Bela Vista &#8211; Porto Alegre\/RS<\/p>\n\n\n\n<p>Hor\u00e1rios de funcionamento:<br>Ter\u00e7a-feira a sexta-feira: das 13h \u00e0s 20h30 (visita\u00e7\u00e3o at\u00e9 22h)<br>S\u00e1bados: das 12h \u00e0s 20h30 (visita\u00e7\u00e3o at\u00e9 22h)<br>Domingos e feriados: das 12h \u00e0s 20h (visita\u00e7\u00e3o at\u00e9 21h30)<br>Ingressos <a href=\"http:\/\/appcasacor.com.br\/events\/rio-grande-do-sul-2023\" target=\"_blank\" rel=\"noreferrer noopener\">na bilheteria virtual ou neste link<\/a><\/p>\n","protected":false},"excerpt":{"rendered":"<p>Marca alem\u00e3 \u00e9 o carro oficial do evento deste ano e est\u00e1 acompanhando o maior evento de arquitetura das Am\u00e9ricas por 17 cidades por todo o Brasil Uma cabana de luxo constru\u00edda em apenas 43 dias deve chamar aten\u00e7\u00e3o dos visitantes que forem conferir os projetos de arquitetura e decora\u00e7\u00e3o da Casacor RS 2023, evento [&hellip;]<\/p>\n","protected":false},"author":1,"featured_media":1659,"comment_status":"open","ping_status":"open","sticky":false,"template":"","format":"standard","meta":{"footnotes":""},"categories":[215,5],"tags":[236,373,372],"class_list":["post-1656","post","type-post","status-publish","format-standard","has-post-thumbnail","hentry","category-mercado-rs","category-auto-premium","tag-audi","tag-casacor","tag-e-tron"],"amp_enabled":true,"_links":{"self":[{"href":"https:\/\/autosgiros.com.br\/index.php\/wp-json\/wp\/v2\/posts\/1656","targetHints":{"allow":["GET"]}}],"collection":[{"href":"https:\/\/autosgiros.com.br\/index.php\/wp-json\/wp\/v2\/posts"}],"about":[{"href":"https:\/\/autosgiros.com.br\/index.php\/wp-json\/wp\/v2\/types\/post"}],"author":[{"embeddable":true,"href":"https:\/\/autosgiros.com.br\/index.php\/wp-json\/wp\/v2\/users\/1"}],"replies":[{"embeddable":true,"href":"https:\/\/autosgiros.com.br\/index.php\/wp-json\/wp\/v2\/comments?post=1656"}],"version-history":[{"count":1,"href":"https:\/\/autosgiros.com.br\/index.php\/wp-json\/wp\/v2\/posts\/1656\/revisions"}],"predecessor-version":[{"id":1660,"href":"https:\/\/autosgiros.com.br\/index.php\/wp-json\/wp\/v2\/posts\/1656\/revisions\/1660"}],"wp:featuredmedia":[{"embeddable":true,"href":"https:\/\/autosgiros.com.br\/index.php\/wp-json\/wp\/v2\/media\/1659"}],"wp:attachment":[{"href":"https:\/\/autosgiros.com.br\/index.php\/wp-json\/wp\/v2\/media?parent=1656"}],"wp:term":[{"taxonomy":"category","embeddable":true,"href":"https:\/\/autosgiros.com.br\/index.php\/wp-json\/wp\/v2\/categories?post=1656"},{"taxonomy":"post_tag","embeddable":true,"href":"https:\/\/autosgiros.com.br\/index.php\/wp-json\/wp\/v2\/tags?post=1656"}],"curies":[{"name":"wp","href":"https:\/\/api.w.org\/{rel}","templated":true}]}}