{"id":1536,"date":"2023-08-22T17:00:34","date_gmt":"2023-08-22T20:00:34","guid":{"rendered":"https:\/\/autosgiros.com.br\/?p=1536"},"modified":"2023-10-22T11:08:46","modified_gmt":"2023-10-22T14:08:46","slug":"coluna-autos-giros-versao-exclusiva-celebra-25-anos-de-strada","status":"publish","type":"post","link":"https:\/\/autosgiros.com.br\/index.php\/2023\/08\/22\/coluna-autos-giros-versao-exclusiva-celebra-25-anos-de-strada\/","title":{"rendered":"Coluna Autos Giros 02 \u2013 Vers\u00e3o exclusiva celebra 25 anos de Strada"},"content":{"rendered":"\n<p>Aos completar 25 anos de presen\u00e7a no mercado, a Fiat Strada ganha a vers\u00e3o especial Edizione 25, que possui apenas 1.025 unidades dispon\u00edveis. E ela chega com a nova motoriza\u00e7\u00e3o turbo 200 Flex que a tornaram a primeira picape B-picape turbo flex no mundo.<\/p>\n\n\n\n<p>O motor, que estreou no Pulse, conta com maior performance e mais efici\u00eancia, gra\u00e7as ao uso de tr\u00eas cilindros &#8211; seguindo a tend\u00eancia mundial de downsizing e entregando um conjunto mais leve. Com 130 cv de pot\u00eancia e torque de 200 Nm, ele acelera de 0 a 100km\/h em 9,5 segundos. A nova motoriza\u00e7\u00e3o, que tamb\u00e9m equipa as vers\u00f5es top de linha Ranch e Ultra, \u00e9 combinada com o c\u00e2mbio autom\u00e1tico CVT com op\u00e7\u00e3o de 7 marchas.<\/p>\n\n\n\n<p>A vers\u00e3o Ultra, inclusive, j\u00e1 \u00e9 conhecida na Toro e chega para completar a fam\u00edlia Strada na linha 2024. A vers\u00e3o Edizione, ali\u00e1s, \u00e9 uma configura\u00e7\u00e3o Ultra com pacote de equipamentos e diferenciais visuais ampliado.<\/p>\n\n\n\n<p>A vers\u00e3o Endurance passa contar com o motor 1.3 Firefly, de 107 cv e 134 Nm, que faz at\u00e9 14,2 Km\/l na estrada. Este motor &#8211; tamb\u00e9m presente nas vers\u00f5es Volcano e Freedom &#8211; \u00e9 combinado com c\u00e2mbio manual de cinco marchas.<\/p>\n\n\n\n<p><em><a href=\"https:\/\/autosgiros.com.br\/index.php\/2023\/08\/10\/picape-fiat-ganha-motor-flex-e-versao-ultra-para-celebrar-25-anos-de-strada\/\" target=\"_blank\" rel=\"noreferrer noopener\">Leia mais&#8230;<\/a><\/em><\/p>\n\n\n\n<p><strong>BMW Motorrad comemora 100 anos com edi\u00e7\u00e3o especial<\/strong><\/p>\n\n\n\n<p>Edi\u00e7\u00e3o comemorativa pelos 100 anos da BMW Motorrad, a BMW R 18 &#8211; 100 Anos j\u00e1 est\u00e1 com as manoplas ao alcance dos motociclistas brasileiros. Isso porque a moto j\u00e1 est\u00e1 \u00e0 venda nos concession\u00e1rios nacionais, somente com 30 unidades das 1.923 unidades produzidas \u2014 o que requer alta velocidade para os que desejam pilotar a Cruiser, inspirada na cl\u00e1ssica BMW R 5, dos anos 30 do s\u00e9culo passado.<\/p>\n\n\n\n<p>Com linhas cl\u00e1ssicas e estilosas e o maior motor boxer j\u00e1 produzido na hist\u00f3ria da BMW Motorrad, a R 18 &#8211; 100 Anos se destaca pela pintura cl\u00e1ssica e superf\u00edcies cromadas. A combina\u00e7\u00e3o de cores da BMW R 18 &#8211; 100 Anos alia pintura preta e superf\u00edcies cromadas de alto brilho, bem como linhas brancas duplas e um emblema \u201c100 Anos\u201d.<\/p>\n\n\n\n<p>O para-lama da roda dianteira e as tampas laterais s\u00e3o pintadas de preto, o banco tem acabamento bi-tom, combinando preto com vermelho Oxford e refor\u00e7ando o car\u00e1ter exclusivo do modelo, enquanto o escapamento \u00e9 assinado pela renomada Akrapovic. Al\u00e9m disso, a R 18 &#8211; 100 Anos \u00e9 equipada com pacote Option 719, linha com acess\u00f3rios de customiza\u00e7\u00e3o e pe\u00e7as com detalhes usinados, pintados e, muitas vezes, feitos a m\u00e3o da BMW Motorrad.<\/p>\n\n\n\n<p><em><a href=\"https:\/\/autosgiros.com.br\/index.php\/2023\/08\/17\/bmw-motorrad-comemora-100-anos-com-edicao-especial\/\" target=\"_blank\" rel=\"noreferrer noopener\">Leia mais&#8230;<\/a><\/em><\/p>\n\n\n\n<p><strong>Pacote de seguran\u00e7a avan\u00e7ada incrementa a linha Hyundai 2024<\/strong><\/p>\n\n\n\n<p>A Hyundai Motor Brasil est\u00e1 apresentando mais vers\u00f5es e atualiza\u00e7\u00f5es para o Novo Hyundai HB20S e para o SUV Hyundai Creta, ampliando a gama de configura\u00e7\u00f5es dos modelos produzidos em Piracicaba (SP). Novos itens de design, conforto e seguran\u00e7a passam a complementar, de s\u00e9rie, os modelos j\u00e1 presentes na linha.<\/p>\n\n\n\n<p>Al\u00e9m disso, a denomina\u00e7\u00e3o \u201cPlus\u201d, no caso do Hyundai Creta, e \u201cSafety\u201d, no Novo Hyundai HB20S, chegam para identificar os novos produtos. Os dois modelos recebem o sistema de seguran\u00e7a avan\u00e7ada Smartsense, com fun\u00e7\u00f5es como frenagem autom\u00e1tica (FCA), assistente de perman\u00eancia e centraliza\u00e7\u00e3o em faixa (LFA e LKA), farol alto adaptativo (HBA) e detector de fadiga (DAW).<\/p>\n\n\n\n<p>O novo HB20S Platinum Safety TGDI AT traz tamb\u00e9m bancos revestidos em couro na cor cinza com acabamento perfurado, al\u00e9m dos equipamentos j\u00e1 presentes na configura\u00e7\u00e3o Platinum. O SUV Creta, por sua vez, traz o Supervision Cluster de 7\u201d, Smart Camera 360\u00ba, c\u00e2mera para monitoramento de ponto cego, freio de estacionamento eletr\u00f4nico com auto hold, banco do motorista com ventila\u00e7\u00e3o e seletor de modo de dire\u00e7\u00e3o.<\/p>\n\n\n\n<p><em><a href=\"https:\/\/autosgiros.com.br\/index.php\/2023\/08\/15\/pacote-de-seguranca-avancada-incrementa-linhas-hyundai-hb20s-e-creta-2024\/\" target=\"_blank\" rel=\"noreferrer noopener\">Leia mais&#8230;<\/a><\/em><\/p>\n\n\n\n<p><strong>Ca\u00e7amba pronta para tudo<\/strong><\/p>\n\n\n\n<p>A Chevrolet Silverado, que estreia em breve no mercado brasileiro, vai oferecer a maior e mais funcional ca\u00e7amba da categoria, seja para o dia a dia, para o lazer ou trabalho.&nbsp; Entre suas caracter\u00edsticas est\u00e3o os 1.781 litros de capacidade projetada para acomoda\u00e7\u00e3o dos mais variados tipos de objetos; c\u00e2mera de alta defini\u00e7\u00e3o para acompanhamento da carga e 12 ganchos internos para arma\u00e7\u00e3o.<em>(<a href=\"https:\/\/autosgiros.com.br\/index.php\/2023\/08\/16\/chevrolet-silverado-chega-no-fim-do-mes-com-a-maior-cacamba-da-categoria\/\" target=\"_blank\" rel=\"noreferrer noopener\">Leia mais&#8230;<\/a>)<\/em><\/p>\n\n\n\n<p><strong>\u00d3leo exclusivo<\/strong><\/p>\n\n\n\n<p>Desenvolvida especificamente para ve\u00edculos comerciais da Mercedes-Benz, a linha de lubrificantes \u00d3leo Genu\u00edno Mercedes-Benz proporciona longa vida \u00fatil e mais prote\u00e7\u00e3o para os motores de caminh\u00f5es e \u00f4nibus. Dispon\u00edvel nas vers\u00f5es de \u00f3leo para motores, c\u00e2mbios, eixos e retarder, os produtos trazem os padr\u00f5es de qualidade da marca alem\u00e3 e atendem o Proconve P8 (Euro 6).<em> (<a rel=\"noreferrer noopener\" href=\"https:\/\/autosgiros.com.br\/index.php\/2023\/08\/15\/oleo-mercedes-benz-assegura-longa-vida-util-para-motores-de-caminhoes-e-onibus\/\" target=\"_blank\">Leia mais&#8230;<\/a>)<\/em><\/p>\n\n\n\n<p><strong>Tecnologia no mundo agro<\/strong><\/p>\n\n\n\n<p>No campo, cada tipo de equipamento, tratores, plantadeiras, colheitadeiras e pulverizadores, tem suas particularidades, e o agricultor precisa sempre garantir que seu maquin\u00e1rio esteja pronto para ser utilizado na janela de tempo dispon\u00edvel. Uma solu\u00e7\u00e3o para este controle \u00e9 o aplicativo M\u00e3o na Roda Massey Ferguson, que auxilia a monitorar essas informa\u00e7\u00f5es e na manuten\u00e7\u00e3o de cada maquin\u00e1rio. <em>(<a rel=\"noreferrer noopener\" href=\"https:\/\/autosgiros.com.br\/index.php\/2023\/08\/18\/preparacao-das-maquinas-agricolas-garante-eficiencia-e-disponibilidade-durante-a-safra\/\" target=\"_blank\">Leia mais&#8230;<\/a>)<\/em><\/p>\n\n\n\n<hr class=\"wp-block-separator has-alpha-channel-opacity\"\/>\n\n\n\n<p><em><strong><em><strong>Esta coluna foi publicada nos <em><strong>jornais<\/strong><\/em><\/strong><\/em> <em><strong><em><strong>A Not\u00edcia, de Cachoeira do Sul (RS)<\/strong><\/em>, Cidade, de Uruguaiana (RS) e Folha do Sul, de Bag\u00e9 (RS).<\/strong><\/em><\/strong><\/em><\/p>\n\n\n\n<div data-wp-interactive=\"core\/file\" class=\"wp-block-file\"><object data-wp-bind--hidden=\"!state.hasPdfPreview\" hidden class=\"wp-block-file__embed\" data=\"https:\/\/autosgiros.com.br\/wp-content\/uploads\/2023\/08\/Coluna-02-19-de-agosto-de-2023.pdf\" type=\"application\/pdf\" style=\"width:100%;height:600px\" aria-label=\"Incorporado de Coluna-02-19-de-agosto-de-2023.\"><\/object><a id=\"wp-block-file--media-d5a7abae-974b-4f8a-b84c-d3d920a89559\" href=\"https:\/\/autosgiros.com.br\/wp-content\/uploads\/2023\/08\/Coluna-02-19-de-agosto-de-2023.pdf\">Coluna-02-19-de-agosto-de-2023<\/a><a href=\"https:\/\/autosgiros.com.br\/wp-content\/uploads\/2023\/08\/Coluna-02-19-de-agosto-de-2023.pdf\" class=\"wp-block-file__button wp-element-button\" download aria-describedby=\"wp-block-file--media-d5a7abae-974b-4f8a-b84c-d3d920a89559\">Baixar<\/a><\/div>\n","protected":false},"excerpt":{"rendered":"<p>Aos completar 25 anos de presen\u00e7a no mercado, a Fiat Strada ganha a vers\u00e3o especial Edizione 25, que possui apenas 1.025 unidades dispon\u00edveis. E ela chega com a nova motoriza\u00e7\u00e3o turbo 200 Flex que a tornaram a primeira picape B-picape turbo flex no mundo. O motor, que estreou no Pulse, conta com maior performance e [&hellip;]<\/p>\n","protected":false},"author":1,"featured_media":1538,"comment_status":"open","ping_status":"open","sticky":false,"template":"","format":"standard","meta":{"footnotes":""},"categories":[300],"tags":[226,225,348,222,305,223,352,294,219,319,298,346],"class_list":["post-1536","post","type-post","status-publish","format-standard","has-post-thumbnail","hentry","category-coluna-ag","tag-bmw","tag-chevrolet","tag-creta","tag-fiat","tag-hb20","tag-hyundai","tag-massey-ferguson","tag-mercedes-benz","tag-motorrad","tag-silverado","tag-stellantis","tag-strada"],"amp_enabled":true,"_links":{"self":[{"href":"https:\/\/autosgiros.com.br\/index.php\/wp-json\/wp\/v2\/posts\/1536","targetHints":{"allow":["GET"]}}],"collection":[{"href":"https:\/\/autosgiros.com.br\/index.php\/wp-json\/wp\/v2\/posts"}],"about":[{"href":"https:\/\/autosgiros.com.br\/index.php\/wp-json\/wp\/v2\/types\/post"}],"author":[{"embeddable":true,"href":"https:\/\/autosgiros.com.br\/index.php\/wp-json\/wp\/v2\/users\/1"}],"replies":[{"embeddable":true,"href":"https:\/\/autosgiros.com.br\/index.php\/wp-json\/wp\/v2\/comments?post=1536"}],"version-history":[{"count":6,"href":"https:\/\/autosgiros.com.br\/index.php\/wp-json\/wp\/v2\/posts\/1536\/revisions"}],"predecessor-version":[{"id":2808,"href":"https:\/\/autosgiros.com.br\/index.php\/wp-json\/wp\/v2\/posts\/1536\/revisions\/2808"}],"wp:featuredmedia":[{"embeddable":true,"href":"https:\/\/autosgiros.com.br\/index.php\/wp-json\/wp\/v2\/media\/1538"}],"wp:attachment":[{"href":"https:\/\/autosgiros.com.br\/index.php\/wp-json\/wp\/v2\/media?parent=1536"}],"wp:term":[{"taxonomy":"category","embeddable":true,"href":"https:\/\/autosgiros.com.br\/index.php\/wp-json\/wp\/v2\/categories?post=1536"},{"taxonomy":"post_tag","embeddable":true,"href":"https:\/\/autosgiros.com.br\/index.php\/wp-json\/wp\/v2\/tags?post=1536"}],"curies":[{"name":"wp","href":"https:\/\/api.w.org\/{rel}","templated":true}]}}