{"id":1448,"date":"2023-08-09T08:18:00","date_gmt":"2023-08-09T11:18:00","guid":{"rendered":"https:\/\/autosgiros.com.br\/?p=1448"},"modified":"2023-08-29T21:13:23","modified_gmt":"2023-08-30T00:13:23","slug":"vw-faz-parceria-com-finep-para-projetos-de-inovacao-e-sustentabilidade","status":"publish","type":"post","link":"https:\/\/autosgiros.com.br\/index.php\/2023\/08\/09\/vw-faz-parceria-com-finep-para-projetos-de-inovacao-e-sustentabilidade\/","title":{"rendered":"VW faz parceria com Finep para projetos de Inova\u00e7\u00e3o e Sustentabilidade"},"content":{"rendered":"\n<p><em>Plano Estrat\u00e9gico de Inova\u00e7\u00e3o &amp; Sustentabilidade da Volkswagen do Brasil visa trazer avan\u00e7os para a empresa e benef\u00edcios para a sociedade e o meio ambiente<\/em><\/p>\n\n\n\n<p>A Volkswagen do Brasil assinou contrato com a Finep para capta\u00e7\u00e3o de recursos a serem investidos em um Plano Estrat\u00e9gico de Inova\u00e7\u00e3o &amp; Sustentabilidade visando a continuidade do desenvolvimento de pesquisas e projetos em descarboniza\u00e7\u00e3o, Ind\u00fastria 4.0 para sustentabilidade, transforma\u00e7\u00e3o digital e eletr\u00f4nica embarcada em seus ve\u00edculos. No valor de R$ 259 milh\u00f5es, a linha de cr\u00e9dito adquirida pela Volkswagen do Brasil junto \u00e0 Finep \u00e9 Top 10 entre as maiores opera\u00e7\u00f5es feitas para empresas na hist\u00f3ria de 56 anos da Finep e a maior opera\u00e7\u00e3o da ag\u00eancia p\u00fablica nos \u00faltimos dois anos (base 2022 e 2023).<\/p>\n\n\n\n<p>\u201cA parceria in\u00e9dita entre a Volkswagen do Brasil e a Finep \u00e9 muito importante para acelerarmos o nosso Plano Estrat\u00e9gico de Inova\u00e7\u00e3o &amp; Sustentabilidade, tamb\u00e9m alinhado \u00e0 estrat\u00e9gia global da Volkswagen Way to Zero para neutraliza\u00e7\u00e3o de carbono at\u00e9 2050. Com pesquisas e projetos inovadores nas \u00e1reas de descarboniza\u00e7\u00e3o, Ind\u00fastria 4.0 para sustentabilidade, transforma\u00e7\u00e3o digital e eletr\u00f4nica embarcada em ve\u00edculos, a Volkswagen do Brasil incentiva a transforma\u00e7\u00e3o do setor automotivo rumo a um modelo ainda mais sustent\u00e1vel, com maior efici\u00eancia energ\u00e9tica, tecnologia, digitaliza\u00e7\u00e3o e seguran\u00e7a. Temos o compromisso de evoluir continuamente em processos e produtos, trazendo avan\u00e7os para a Volkswagen, seu portf\u00f3lio de ve\u00edculos e beneficiando a sociedade e o planeta\u201d, afirma Ciro Possobom, CEO da Volkswagen do Brasil.<\/p>\n\n\n\n<p>\u201cO financiamento \u00e0 Volkswagen do Brasil est\u00e1 alinhado com as pol\u00edticas de neoindustrializa\u00e7\u00e3o e de transi\u00e7\u00e3o ecol\u00f3gica do Governo Federal, aumentando a competitividade do setor automotivo e reduzindo as emiss\u00f5es de carbono por meio da inova\u00e7\u00e3o. O apoio da Finep se destinar\u00e1 \u00e0 estrat\u00e9gia de descarboniza\u00e7\u00e3o da Volkswagen do Brasil e ao desenvolvimento de alta tecnologia em digitaliza\u00e7\u00e3o e conectividade aplicada ao setor automotivo, trazendo benef\u00edcios para a sociedade, o meio ambiente e toda a cadeia automotiva, incluindo os setores de mobilidade e log\u00edstica\u201d, diz Celso Pansera, presidente da Finep.<\/p>\n\n\n\n<p><strong>VW investe em descarboniza\u00e7\u00e3o, tecnologia e transforma\u00e7\u00e3o digital<\/strong><\/p>\n\n\n\n<p>O Plano Estrat\u00e9gico de Inova\u00e7\u00e3o &amp; Sustentabilidade da Volkswagen do Brasil visa desenvolver pesquisas, projetos e evoluir ainda mais em tr\u00eas frentes nas quais a empresa j\u00e1 atua: \u2018Descarboniza\u00e7\u00e3o\u2019, \u2018Ind\u00fastria 4.0 para Sustentabilidade\u2019 e \u2018Transforma\u00e7\u00e3o Digital de Processos &amp; Eletr\u00f4nica Embarcada\u2019.<\/p>\n\n\n\n<p>O pilar \u2018Descarboniza\u00e7\u00e3o\u2019 inclui as atividades, processos e tecnologias para reduzir a pegada de carbono dos ve\u00edculos em todo o ciclo de vida, entre os quais o desenvolvimento do Way to Zero Center para gerenciamento de CO<sub>2<\/sub>&nbsp;e de pesquisas que possam gerar a\u00e7\u00f5es vinculadas aos ve\u00edculos para atingir sua neutralidade em carbono. Localizado na f\u00e1brica Anchieta da Volkswagen do Brasil, em S\u00e3o Bernardo do Campo (SP), o Way to Zero Center fomenta a inova\u00e7\u00e3o e a gera\u00e7\u00e3o de conhecimento cient\u00edfico e tecnol\u00f3gico na \u00e1rea da mobilidade de baixo carbono, inclusive biocombust\u00edveis. A iniciativa abre oportunidades para a ind\u00fastria como um todo, pois ao investir em pesquisa e desenvolvimento, promove o networking com troca de informa\u00e7\u00f5es que fortalecem o setor de energia renov\u00e1vel no Brasil.<\/p>\n\n\n\n<p>As pesquisas ampliam a base tecnol\u00f3gica para desenvolver alternativas inovadoras e com voca\u00e7\u00e3o nas especificidades da Regi\u00e3o Am\u00e9rica do Sul que permitam alcan\u00e7ar, localmente, a meta global da Volkswagen para neutraliza\u00e7\u00e3o de carbono at\u00e9 2050 (estrat\u00e9gia Way to Zero). Entre os estudos est\u00e3o, por exemplo, pesquisas relacionadas a c\u00e9lulas de combust\u00edvel a etanol para produ\u00e7\u00e3o de energia el\u00e9trica (bioeletrifica\u00e7\u00e3o) visando conhecer a viabilidade de inserir essa fonte renov\u00e1vel de energia na estrat\u00e9gia de mobilidade el\u00e9trica dos modelos Volkswagen em regi\u00f5es onde a tecnologia faz sentido.<\/p>\n\n\n\n<p>O compromisso com a \u2018Descarboniza\u00e7\u00e3o\u2019 tamb\u00e9m impacta positivamente a sociedade. Ao investir em pesquisas para ve\u00edculos mais eficientes e em tecnologias embarcadas mais sustent\u00e1veis, a Volkswagen do Brasil fomenta o desenvolvimento local de novas compet\u00eancias, bem como de novas oportunidades e modelos de neg\u00f3cio necess\u00e1rios para a constru\u00e7\u00e3o de um ecossistema de mobilidade livre do carbono para todos.<\/p>\n\n\n\n<p>A frente de \u2018Ind\u00fastria 4.0 para Sustentabilidade\u2019 contempla o desenvolvimento de novas tecnologias para aumentar a efici\u00eancia e reduzir ainda mais a pegada de carbono no processo produtivo da f\u00e1brica Anchieta.<\/p>\n\n\n\n<p>No pilar de \u2018Transforma\u00e7\u00e3o Digital de Processos &amp; Eletr\u00f4nica Embarcada\u2019 est\u00e3o previstos o desenvolvimento de novas tecnologias inovadoras e acess\u00f3rios eletr\u00f4nicos, o investimento em solu\u00e7\u00f5es de transforma\u00e7\u00e3o digital para processos operacionais, entre outros projetos. O foco em digitaliza\u00e7\u00e3o e conectividade acelera ainda mais a transforma\u00e7\u00e3o da empresa e dos produtos.<\/p>\n\n\n\n<p>Ao avan\u00e7ar na \u2018Transforma\u00e7\u00e3o Digital de Processos &amp; Eletr\u00f4nica Embarcada\u2019, a Volkswagen do Brasil est\u00e1 impulsionando o desenvolvimento de tecnologias inovadoras que aumentar\u00e3o ainda mais a efici\u00eancia, sustentabilidade, seguran\u00e7a, conectividade, intelig\u00eancia e conforto de seus ve\u00edculos.<\/p>\n\n\n\n<p>A <strong>Finep<\/strong><\/p>\n\n\n\n<p>A Finep \u00e9 uma ag\u00eancia p\u00fablica brasileira de financiamento de pesquisas e projetos voltados \u00e0 ci\u00eancia, tecnologia e inova\u00e7\u00e3o em empresas, universidades, institutos tecnol\u00f3gicos e outras institui\u00e7\u00f5es p\u00fablicas ou privadas. A Finep \u00e9 vinculada ao MCTI (Minist\u00e9rio da Ci\u00eancia, Tecnologia e Inova\u00e7\u00e3o).<\/p>\n","protected":false},"excerpt":{"rendered":"<p>Plano Estrat\u00e9gico de Inova\u00e7\u00e3o &amp; Sustentabilidade da Volkswagen do Brasil visa trazer avan\u00e7os para a empresa e benef\u00edcios para a sociedade e o meio ambiente A Volkswagen do Brasil assinou contrato com a Finep para capta\u00e7\u00e3o de recursos a serem investidos em um Plano Estrat\u00e9gico de Inova\u00e7\u00e3o &amp; Sustentabilidade visando a continuidade do desenvolvimento de [&hellip;]<\/p>\n","protected":false},"author":1,"featured_media":1449,"comment_status":"open","ping_status":"open","sticky":false,"template":"","format":"standard","meta":{"footnotes":""},"categories":[1],"tags":[329,328,265],"class_list":["post-1448","post","type-post","status-publish","format-standard","has-post-thumbnail","hentry","category-auto","tag-finep","tag-sustentabilidade","tag-volkswagen"],"amp_enabled":true,"_links":{"self":[{"href":"https:\/\/autosgiros.com.br\/index.php\/wp-json\/wp\/v2\/posts\/1448","targetHints":{"allow":["GET"]}}],"collection":[{"href":"https:\/\/autosgiros.com.br\/index.php\/wp-json\/wp\/v2\/posts"}],"about":[{"href":"https:\/\/autosgiros.com.br\/index.php\/wp-json\/wp\/v2\/types\/post"}],"author":[{"embeddable":true,"href":"https:\/\/autosgiros.com.br\/index.php\/wp-json\/wp\/v2\/users\/1"}],"replies":[{"embeddable":true,"href":"https:\/\/autosgiros.com.br\/index.php\/wp-json\/wp\/v2\/comments?post=1448"}],"version-history":[{"count":1,"href":"https:\/\/autosgiros.com.br\/index.php\/wp-json\/wp\/v2\/posts\/1448\/revisions"}],"predecessor-version":[{"id":1450,"href":"https:\/\/autosgiros.com.br\/index.php\/wp-json\/wp\/v2\/posts\/1448\/revisions\/1450"}],"wp:featuredmedia":[{"embeddable":true,"href":"https:\/\/autosgiros.com.br\/index.php\/wp-json\/wp\/v2\/media\/1449"}],"wp:attachment":[{"href":"https:\/\/autosgiros.com.br\/index.php\/wp-json\/wp\/v2\/media?parent=1448"}],"wp:term":[{"taxonomy":"category","embeddable":true,"href":"https:\/\/autosgiros.com.br\/index.php\/wp-json\/wp\/v2\/categories?post=1448"},{"taxonomy":"post_tag","embeddable":true,"href":"https:\/\/autosgiros.com.br\/index.php\/wp-json\/wp\/v2\/tags?post=1448"}],"curies":[{"name":"wp","href":"https:\/\/api.w.org\/{rel}","templated":true}]}}