{"id":1396,"date":"2023-08-07T15:43:21","date_gmt":"2023-08-07T18:43:21","guid":{"rendered":"https:\/\/autosgiros.com.br\/?p=1396"},"modified":"2023-08-29T21:08:44","modified_gmt":"2023-08-30T00:08:44","slug":"vw-comemora-os-20-anos-do-total-flex-com-adesivo-exclusivo","status":"publish","type":"post","link":"https:\/\/autosgiros.com.br\/index.php\/2023\/08\/07\/vw-comemora-os-20-anos-do-total-flex-com-adesivo-exclusivo\/","title":{"rendered":"VW comemora os 20 anos do Total Flex com adesivo exclusivo"},"content":{"rendered":"\n<p><em>Modelos produzidos no Brasil receber\u00e3o adesivo no vidro traseiro, comemorando as duas d\u00e9cadas de pioneirismo da marca na tecnologia flex<\/em><\/p>\n\n\n\n<p>No ano em que a Volkswagen comemora os 20 anos da tecnologia Total Flex, revolucionando o mercado com a mistura livre de etanol e gasolina, os modelos produzidos nas plantas brasileiras (Anchieta, Taubat\u00e9 e S\u00e3o Jos\u00e9 dos Pinhais) recebem adesivo comemorativo com produ\u00e7\u00e3o limitada at\u00e9 dezembro de 2023.<\/p>\n\n\n\n<p>Aplicado no vidro traseiro de Polo, Virtus, Nivus, T-Cross e Saveiro, o selo exclusivo tr\u00e1s o logo da tecnologia Total Flex revitalizado para a comemora\u00e7\u00e3o. Ao lado, um QR Code direciona o novo propriet\u00e1rio de um VW ao aplicativo do programa Abaste\u00e7a Consciente.<\/p>\n\n\n\n<p>Lan\u00e7ado durante o Rock in Rio de 2022, o maior festival de m\u00fasica e entretenimento do mundo, o programa Abaste\u00e7a Consciente tem uma fun\u00e7\u00e3o: incentivar a escolha do etanol no momento que o cliente abastece o seu Volkswagen.<\/p>\n\n\n\n<p>No aplicativo, o consumidor pode fazer as contas com a calculadora digital para saber qual combust\u00edvel \u00e9 mais vantajoso: etanol ou gasolina. Muito al\u00e9m da quest\u00e3o financeira, a ferramenta mostra qual ser\u00e1 a emiss\u00e3o de CO2 (di\u00f3xido de carbono) de acordo com o combust\u00edvel escolhido, considerando a metodologia \u201cpo\u00e7o-\u00e0-roda\u201d. Assim, o cliente pode olhar \u2013 ao mesmo tempo \u2013 para o bolso e para o meio ambiente.<\/p>\n\n\n\n<p><strong>Etanol ou gasolina?<\/strong><\/p>\n\n\n\n<p>Foi em mar\u00e7o de 2003 que a marca alem\u00e3 mostrou ao p\u00fablico o Gol Power 1.6 Total Flex, primeiro modelo no Pa\u00eds capaz de rodar com gasolina, etanol ou a mistura dos dois combust\u00edveis em qualquer propor\u00e7\u00e3o. Substituto do Gol, o rec\u00e9m-lan\u00e7ado Polo Track \u00e9 o mais novo modelo da marca a ser equipado com a tecnologia. E mais do que toda a sua gama de ve\u00edculos nacionais com propulsores flex\u00edveis, a Volkswagen oferece ainda o Taos, fabricado na Argentina, tamb\u00e9m com motor flex.<\/p>\n\n\n\n<p>A investiga\u00e7\u00e3o da possibilidade de usar misturas de etanol e gasolina iniciou em 1992, juntamente com o desenvolvimento do sistema de inje\u00e7\u00e3o de combust\u00edvel com controle digital. J\u00e1 no in\u00edcio dos anos 2000, a decis\u00e3o da Volkswagen em implementar o Total Flex foi suportada pela exist\u00eancia de infraestrutura estabelecida para o etanol, pelo interesse do consumidor, e pela maturidade da tecnologia de controle digital dos motores, desenvolvida ao longo da d\u00e9cada de 1990.<\/p>\n\n\n\n<p>De l\u00e1 para c\u00e1, muito mudou em termos de tecnologia. A Volkswagen lan\u00e7ou a primeira vers\u00e3o de um carro Flex sem o \u201ctanquinho\u201d no \u201cPolo eFlex\u201d, em 2009. As rotinas de software ficaram mais sofisticadas, identificando de forma mais segura o combust\u00edvel e adaptando rapidamente o motor.<\/p>\n\n\n\n<p>H\u00e1 duas d\u00e9cadas, os motores flex\u00edveis continuaram a ser desenvolvidos, visando sempre a maior efici\u00eancia energ\u00e9tica e, consequentemente, a redu\u00e7\u00e3o de emiss\u00f5es. Inaugurado recentemente, o Way to Zero Center, localizado na f\u00e1brica da Anchieta, \u00e9 o local de pesquisa que abrange projetos e tecnologias que ir\u00e3o contribuir com a descarboniza\u00e7\u00e3o do setor automotivo, o que inclui a pesquisa em etanol.<\/p>\n\n\n\n<p>Desde o lan\u00e7amento do primeiro modelo Total Flex, a Volkswagen do Brasil j\u00e1 comercializou mais 8 milh\u00f5es de ve\u00edculos flex\u00edveis.<\/p>\n","protected":false},"excerpt":{"rendered":"<p>Modelos produzidos no Brasil receber\u00e3o adesivo no vidro traseiro, comemorando as duas d\u00e9cadas de pioneirismo da marca na tecnologia flex No ano em que a Volkswagen comemora os 20 anos da tecnologia Total Flex, revolucionando o mercado com a mistura livre de etanol e gasolina, os modelos produzidos nas plantas brasileiras (Anchieta, Taubat\u00e9 e S\u00e3o [&hellip;]<\/p>\n","protected":false},"author":1,"featured_media":1397,"comment_status":"open","ping_status":"open","sticky":false,"template":"","format":"standard","meta":{"footnotes":""},"categories":[1],"tags":[229],"class_list":["post-1396","post","type-post","status-publish","format-standard","has-post-thumbnail","hentry","category-auto","tag-vw"],"amp_enabled":true,"_links":{"self":[{"href":"https:\/\/autosgiros.com.br\/index.php\/wp-json\/wp\/v2\/posts\/1396","targetHints":{"allow":["GET"]}}],"collection":[{"href":"https:\/\/autosgiros.com.br\/index.php\/wp-json\/wp\/v2\/posts"}],"about":[{"href":"https:\/\/autosgiros.com.br\/index.php\/wp-json\/wp\/v2\/types\/post"}],"author":[{"embeddable":true,"href":"https:\/\/autosgiros.com.br\/index.php\/wp-json\/wp\/v2\/users\/1"}],"replies":[{"embeddable":true,"href":"https:\/\/autosgiros.com.br\/index.php\/wp-json\/wp\/v2\/comments?post=1396"}],"version-history":[{"count":1,"href":"https:\/\/autosgiros.com.br\/index.php\/wp-json\/wp\/v2\/posts\/1396\/revisions"}],"predecessor-version":[{"id":1398,"href":"https:\/\/autosgiros.com.br\/index.php\/wp-json\/wp\/v2\/posts\/1396\/revisions\/1398"}],"wp:featuredmedia":[{"embeddable":true,"href":"https:\/\/autosgiros.com.br\/index.php\/wp-json\/wp\/v2\/media\/1397"}],"wp:attachment":[{"href":"https:\/\/autosgiros.com.br\/index.php\/wp-json\/wp\/v2\/media?parent=1396"}],"wp:term":[{"taxonomy":"category","embeddable":true,"href":"https:\/\/autosgiros.com.br\/index.php\/wp-json\/wp\/v2\/categories?post=1396"},{"taxonomy":"post_tag","embeddable":true,"href":"https:\/\/autosgiros.com.br\/index.php\/wp-json\/wp\/v2\/tags?post=1396"}],"curies":[{"name":"wp","href":"https:\/\/api.w.org\/{rel}","templated":true}]}}