{"id":1213,"date":"2023-07-19T09:15:00","date_gmt":"2023-07-19T12:15:00","guid":{"rendered":"https:\/\/autosgiros.com.br\/?p=1213"},"modified":"2023-07-24T09:24:07","modified_gmt":"2023-07-24T12:24:07","slug":"bmw-ix1-chega-ao-brasil-com-destaque-para-performance-alcance-e-tecnologia","status":"publish","type":"post","link":"https:\/\/autosgiros.com.br\/index.php\/2023\/07\/19\/bmw-ix1-chega-ao-brasil-com-destaque-para-performance-alcance-e-tecnologia\/","title":{"rendered":"BMW iX1 chega ao Brasil com destaque para performance, alcance e tecnologia"},"content":{"rendered":"\n<p><em>Modelo tem 313 cv de pot\u00eancia, 494 Nm de torque e alcance de at\u00e9 303 km no ciclo PBEV<\/em><\/p>\n\n\n\n<p>Pioneira no segmento de el\u00e9tricos no Brasil, a BMW anuncia a chegada de mais um modelo para ampliar sua gama de ve\u00edculos 100% el\u00e9tricos no pa\u00eds. Trata-se do BMW iX1, vers\u00e3o el\u00e9trica do BMW X1, SAV premium mais vendido do Brasil h\u00e1 seis anos.&nbsp;Com visual esportivo e bom equil\u00edbrio entre pot\u00eancia, torque e alcance, o modelo refor\u00e7a a estrat\u00e9gia de eletrifica\u00e7\u00e3o do BMW Group de sempre oferecer os modelos mais modernos no mercado brasileiro, em linha com o que h\u00e1 de mais avan\u00e7ado no mercado europeu.&nbsp;<\/p>\n\n\n\n<p>Fabricado na planta do BMW Group localizada em Regensburg, na Alemanha, o BMW iX1 se assemelha bastante com o BMW X1 M Sport, vers\u00e3o topo de linha do modelo a combust\u00e3o. Com visual praticamente id\u00eantico, o modelo se diferencia externamente apenas pelo \u2018i\u2019 na traseira, logo antes X1. Os far\u00f3is, s\u00e3o full LEDs adaptativos assim como as luzes da lanternas. As rodas s\u00e3o 20 polegadas.<\/p>\n\n\n\n<p>A mesma coisa acontece no interior. Tudo \u00e9 id\u00eantico ao da vers\u00e3o a combust\u00e3o, que acumula f\u00e3s ao redor do mundo e foi bastante elogiado nesta nova gera\u00e7\u00e3o. Destaque para o BMW Live Cockpit Professional, uma incr\u00edvel tela curvada \u2014 composta por duas pe\u00e7as, de 10,25\u201d (painel de instrumentos) e 10,7\u201d (multim\u00eddia) \u2014, com o novo Sistema Operacional 8 e exibe as informa\u00e7\u00f5es de maneira atraente e intuitiva.<\/p>\n\n\n\n<figure class=\"wp-block-image size-large\"><img loading=\"lazy\" decoding=\"async\" width=\"1024\" height=\"576\" src=\"https:\/\/autosgiros.com.br\/wp-content\/uploads\/2023\/07\/BMW-IX1-01-1024x576.jpg\" alt=\"\" class=\"wp-image-1215\" srcset=\"https:\/\/autosgiros.com.br\/wp-content\/uploads\/2023\/07\/BMW-IX1-01-1024x576.jpg 1024w, https:\/\/autosgiros.com.br\/wp-content\/uploads\/2023\/07\/BMW-IX1-01-300x169.jpg 300w, https:\/\/autosgiros.com.br\/wp-content\/uploads\/2023\/07\/BMW-IX1-01-768x432.jpg 768w, https:\/\/autosgiros.com.br\/wp-content\/uploads\/2023\/07\/BMW-IX1-01-1536x864.jpg 1536w, https:\/\/autosgiros.com.br\/wp-content\/uploads\/2023\/07\/BMW-IX1-01.jpg 1600w\" sizes=\"auto, (max-width: 1024px) 100vw, 1024px\" \/><\/figure>\n\n\n\n<p>E as semelhan\u00e7as acabam por a\u00ed. O novo BMW iX1 \u00e9 movido por dois motores, localizados um em cada eixo, resultando em uma tra\u00e7\u00e3o integral xDrive. Ambos os motores fornecem uma pot\u00eancia combinada de 230 kW \/ 313 cv e um torque total de 494 Nm. Com esse conjunto, o modelo acelera de 0 a 100 km\/h em apenas 5,6 segundos. Posicionada no assoalho, a bateria de alta tens\u00e3o do BMW iX1 tem capacidade total de 66,5 kWh. S\u00e3o at\u00e9 303 km de alcance, de acordo com o Programa Brasileiro de Etiquetagem Veicular do Inmetro.<\/p>\n\n\n\n<p>O BMW iX1 carrega 100% de sua bateria em 6h30m na BMW Wallbox configurada em 11 kW. Para garantir a recarga em casa e em viagens, dois carregadores de alta pot\u00eancia acompanham o carro: um carregador Flex Charger port\u00e1til, que tamb\u00e9m oferece pot\u00eancia de at\u00e9 11 kW e uma BMW Wallbox de at\u00e9 22 kW. Os carregadores possuem padr\u00e3o de tomada tipo-2, internacional, compat\u00edvel com todos os ve\u00edculos BMW e de outras marcas. J\u00e1 para recarga em carregadores ultrarr\u00e1pidos, s\u00e3o necess\u00e1rios 38 minutos para recarregar de 10 a 80%, faixa de recarga mais comum em deslocamentos.<\/p>\n\n\n\n<figure class=\"wp-block-image size-large\"><img loading=\"lazy\" decoding=\"async\" width=\"1024\" height=\"576\" src=\"https:\/\/autosgiros.com.br\/wp-content\/uploads\/2023\/07\/BMW-IX1-03-1024x576.jpg\" alt=\"\" class=\"wp-image-1216\" srcset=\"https:\/\/autosgiros.com.br\/wp-content\/uploads\/2023\/07\/BMW-IX1-03-1024x576.jpg 1024w, https:\/\/autosgiros.com.br\/wp-content\/uploads\/2023\/07\/BMW-IX1-03-300x169.jpg 300w, https:\/\/autosgiros.com.br\/wp-content\/uploads\/2023\/07\/BMW-IX1-03-768x432.jpg 768w, https:\/\/autosgiros.com.br\/wp-content\/uploads\/2023\/07\/BMW-IX1-03-1536x864.jpg 1536w, https:\/\/autosgiros.com.br\/wp-content\/uploads\/2023\/07\/BMW-IX1-03.jpg 1598w\" sizes=\"auto, (max-width: 1024px) 100vw, 1024px\" \/><\/figure>\n\n\n\n<p>No quesito conectividade, o novo BMW iX1 conta com o BMW ConnectedDrive, que fornece servi\u00e7os como: Chamada de Emerg\u00eancia Inteligente, aviso de manuten\u00e7\u00e3o por telemetria, navega\u00e7\u00e3o com informa\u00e7\u00e3o de tr\u00e2nsito em tempo real, portais de not\u00edcias, clima e aplicativos. Destaque para Digital Key plus que substitui as chaves f\u00edsicas do ve\u00edculo para a abertura das portas e igni\u00e7\u00e3o do motor. Contando com a mais nova, r\u00e1pida e segura tecnologia, chamada de UWB (banda ultra larga), n\u00e3o h\u00e1 mais a necessidade de aproximar o smartphone ou smartwatch da ma\u00e7aneta do ve\u00edculo para abri-lo e do carregador sem fio no console para ligar o motor. A tecnologia est\u00e1 dispon\u00edvel para modelos compat\u00edveis da Apple e Samsung. O cliente tamb\u00e9m pode compartilhar chaves de forma totalmente digital, por envio de mensagem.<\/p>\n\n\n\n<p>H\u00e1 ainda os servi\u00e7os remotos que podem ser acionados a partir do app My BMW, como trancar e destrancar as portas, buzinar, climatizar, localizar o ve\u00edculo e enviar destinos diretamente ao sistema de navega\u00e7\u00e3o. Ainda \u00e9 poss\u00edvel utilizar aplicativos de smartphones, com prepara\u00e7\u00e3o para Apple CarPlay e Android Auto sem fio.<\/p>\n\n\n\n<p>Entre os equipamentos dispon\u00edveis sistema Parking Assistant Plus (que auxilia o motorista a estacionar), ar-condicionado com controle digital autom\u00e1tico, BMW Comfort Access 2.0 (destrava e acende luzes de boas-vindas ao se aproximar do carro e tranca o ve\u00edculo ao se afastar sem necessidade de encostar na chave, al\u00e9m de possibilitar a abertura do porta-malas atrav\u00e9s da aproxima\u00e7\u00e3o do p\u00e9 no para-choque traseiro), Driving Assistant Plus (assistente de condu\u00e7\u00e3o inteligente em situa\u00e7\u00f5es de tr\u00e2nsito lento ou em longos deslocamentos, informando o motorista, por meio de alertas visuais e sonoros, mudan\u00e7as involunt\u00e1rias de faixa de rolamento e controle e preven\u00e7\u00e3o de aproxima\u00e7\u00e3o frontal, entre outras fun\u00e7\u00f5es), Head-Up Display, teto solar panor\u00e2mico, sistema de som Harman Kardon e carregador de smartphone sem fio.<\/p>\n\n\n\n<p>H\u00e1 ainda o Assistente Pessoal Inteligente BMW (Intelligent Personal Assistant, capaz de executar in\u00fameras fun\u00e7\u00f5es no ve\u00edculo ou explicar o funcionamento de equipamentos, sendo ativado por comando de voz com a frase \u201cOl\u00e1 BMW\u201d, ou qualquer outra frase que for programada pelo motorista. O modelo pode ainda se conectar com a Amazon Alexa e casas inteligentes, al\u00e9m de estar apto para receber atualiza\u00e7\u00f5es remotas de software quando dispon\u00edveis.<\/p>\n\n\n\n<figure class=\"wp-block-image size-large\"><img loading=\"lazy\" decoding=\"async\" width=\"1024\" height=\"576\" src=\"https:\/\/autosgiros.com.br\/wp-content\/uploads\/2023\/07\/BMW-IX1-02-1024x576.jpg\" alt=\"\" class=\"wp-image-1217\" srcset=\"https:\/\/autosgiros.com.br\/wp-content\/uploads\/2023\/07\/BMW-IX1-02-1024x576.jpg 1024w, https:\/\/autosgiros.com.br\/wp-content\/uploads\/2023\/07\/BMW-IX1-02-300x169.jpg 300w, https:\/\/autosgiros.com.br\/wp-content\/uploads\/2023\/07\/BMW-IX1-02-768x432.jpg 768w, https:\/\/autosgiros.com.br\/wp-content\/uploads\/2023\/07\/BMW-IX1-02-1536x864.jpg 1536w, https:\/\/autosgiros.com.br\/wp-content\/uploads\/2023\/07\/BMW-IX1-02.jpg 1600w\" sizes=\"auto, (max-width: 1024px) 100vw, 1024px\" \/><\/figure>\n\n\n\n<p>O novo BMW iX1 xDrive30 M Sport j\u00e1 est\u00e1 \u00e0 venda nas concession\u00e1rias da BMW no Brasil em seis op\u00e7\u00f5es de cores para a carroceria (Branco Alpino, Preto Safira, Branco Mineral, Azul Portim\u00e3o, Cape York Green e Space Silver) e tr\u00eas op\u00e7\u00f5es de acabamento interno (Couro Vernasca Preto\/Preto, Mocha\/Preto e Oyster\/Preto). Todos os BMW iX1 chegam ao Brasil com o programa BSI gratuito pelo per\u00edodo de quatro anos e sem limite de quilometragem. O BMW Service Inclusive (BSI) \u00e9 um programa que oferece servi\u00e7os de manuten\u00e7\u00e3o de ve\u00edculos BMW, com cobertura mundial na rede de concession\u00e1rias autorizadas, sem custo adicional dos servi\u00e7os cobertos.<\/p>\n","protected":false},"excerpt":{"rendered":"<p>Modelo tem 313 cv de pot\u00eancia, 494 Nm de torque e alcance de at\u00e9 303 km no ciclo PBEV Pioneira no segmento de el\u00e9tricos no Brasil, a BMW anuncia a chegada de mais um modelo para ampliar sua gama de ve\u00edculos 100% el\u00e9tricos no pa\u00eds. Trata-se do BMW iX1, vers\u00e3o el\u00e9trica do BMW X1, SAV [&hellip;]<\/p>\n","protected":false},"author":1,"featured_media":1214,"comment_status":"open","ping_status":"open","sticky":false,"template":"","format":"standard","meta":{"footnotes":""},"categories":[5],"tags":[226],"class_list":["post-1213","post","type-post","status-publish","format-standard","has-post-thumbnail","hentry","category-auto-premium","tag-bmw"],"amp_enabled":true,"_links":{"self":[{"href":"https:\/\/autosgiros.com.br\/index.php\/wp-json\/wp\/v2\/posts\/1213","targetHints":{"allow":["GET"]}}],"collection":[{"href":"https:\/\/autosgiros.com.br\/index.php\/wp-json\/wp\/v2\/posts"}],"about":[{"href":"https:\/\/autosgiros.com.br\/index.php\/wp-json\/wp\/v2\/types\/post"}],"author":[{"embeddable":true,"href":"https:\/\/autosgiros.com.br\/index.php\/wp-json\/wp\/v2\/users\/1"}],"replies":[{"embeddable":true,"href":"https:\/\/autosgiros.com.br\/index.php\/wp-json\/wp\/v2\/comments?post=1213"}],"version-history":[{"count":1,"href":"https:\/\/autosgiros.com.br\/index.php\/wp-json\/wp\/v2\/posts\/1213\/revisions"}],"predecessor-version":[{"id":1218,"href":"https:\/\/autosgiros.com.br\/index.php\/wp-json\/wp\/v2\/posts\/1213\/revisions\/1218"}],"wp:featuredmedia":[{"embeddable":true,"href":"https:\/\/autosgiros.com.br\/index.php\/wp-json\/wp\/v2\/media\/1214"}],"wp:attachment":[{"href":"https:\/\/autosgiros.com.br\/index.php\/wp-json\/wp\/v2\/media?parent=1213"}],"wp:term":[{"taxonomy":"category","embeddable":true,"href":"https:\/\/autosgiros.com.br\/index.php\/wp-json\/wp\/v2\/categories?post=1213"},{"taxonomy":"post_tag","embeddable":true,"href":"https:\/\/autosgiros.com.br\/index.php\/wp-json\/wp\/v2\/tags?post=1213"}],"curies":[{"name":"wp","href":"https:\/\/api.w.org\/{rel}","templated":true}]}}