{"id":1192,"date":"2023-07-19T10:25:00","date_gmt":"2023-07-19T13:25:00","guid":{"rendered":"https:\/\/autosgiros.com.br\/?p=1192"},"modified":"2023-08-29T20:59:24","modified_gmt":"2023-08-29T23:59:24","slug":"audi-do-brasil-lanca-e-tron-gt-com-experiencia-de-pista-no-iconico-autodromo-de-interlagos","status":"publish","type":"post","link":"https:\/\/autosgiros.com.br\/index.php\/2023\/07\/19\/audi-do-brasil-lanca-e-tron-gt-com-experiencia-de-pista-no-iconico-autodromo-de-interlagos\/","title":{"rendered":"Audi do Brasil lan\u00e7a e-tron GT com experi\u00eancia de pista no ic\u00f4nico Aut\u00f3dromo de Interlagos"},"content":{"rendered":"\n<p><em>Ve\u00edculo tem pre\u00e7o especial de R$ 699.000,00 para venda e mensalidade a partir de R$ 15.480,00 no programa Audi Signature<\/em><\/p>\n\n\n\n<p>A Audi do Brasil est\u00e1 realizando o lan\u00e7amento oficial do e-tron GT no Brasil de uma maneira especial: o novo esportivo el\u00e9trico da marca das quatro argolas est\u00e1 dispon\u00edvel aos clientes e convidados que estiverem presentes na segunda edi\u00e7\u00e3o do Festival Interlagos, entre os dias 20 e 23 de julho, na cidade de S\u00e3o Paulo.<\/p>\n\n\n\n<p>Fabricado na planta de Neckarsulm (Alemanha) em uma linha de montagem 100% neutra em carbono, o esportivo el\u00e9trico chega para ampliar o portf\u00f3lio de vers\u00f5es da fam\u00edlia 100% el\u00e9trica da Audi, pelo pre\u00e7o especial sugerido de R$ 699.000,00 \u2013 v\u00e1lido at\u00e9 o fim do m\u00eas de julho. O ve\u00edculo tamb\u00e9m estar\u00e1 dispon\u00edvel no programa por assinatura Audi Signature com mensalidades a partir de R$ 15.480,00 no plano de 36 meses.<\/p>\n\n\n\n<p><strong>Herdeiro RS<\/strong><\/p>\n\n\n\n<p>&#8220;O e-tron GT herda as qualidades do seu irm\u00e3o RS, como o visual marcante e a din\u00e2mica incompar\u00e1vel, por\u00e9m com uma orienta\u00e7\u00e3o mais urbana. \u00c9 sem d\u00favida uma op\u00e7\u00e3o vers\u00e1til e completa para quem deseja um esportivo el\u00e9trico de luxo&#8221;, avalia Diego Borghi, Diretor de Vendas da Audi do Brasil.<\/p>\n\n\n\n<p>Visualmente, o e-tron GT esbanja linhas consagradas com propor\u00e7\u00f5es largas, silhueta plana, ampla dist\u00e2ncia entre-eixos e centro de gravidade baixo. Na dianteira, os far\u00f3is full LED Matrix separados pela grade frontal Singleframe exibem um visual harm\u00f4nico e envolvente. H\u00e1 ainda rodas exclusivas de 20 polegadas com detalhes em preto brilhante, frisos decorativos na cor preta e grade singleframe na cor Cinza Heckla.<\/p>\n\n\n\n<p>Internamente, o modelo transmite a sensa\u00e7\u00e3o de cockpit, com posi\u00e7\u00e3o baixa de assento e painel de instrumentos levemente inclinado ao condutor. Os materiais aplicados seguem conceitos sustent\u00e1veis, com uso de materiais reciclados feitos de garrafas pl\u00e1sticas usadas e fibras residuais.<\/p>\n\n\n\n<p><strong>476 cavalos<\/strong><\/p>\n\n\n\n<figure class=\"wp-block-image size-large\"><img loading=\"lazy\" decoding=\"async\" width=\"1024\" height=\"576\" src=\"https:\/\/autosgiros.com.br\/wp-content\/uploads\/2023\/07\/Audi-Festival-Interlagos-03-1024x576.jpg\" alt=\"\" class=\"wp-image-1193\" srcset=\"https:\/\/autosgiros.com.br\/wp-content\/uploads\/2023\/07\/Audi-Festival-Interlagos-03-1024x576.jpg 1024w, https:\/\/autosgiros.com.br\/wp-content\/uploads\/2023\/07\/Audi-Festival-Interlagos-03-300x169.jpg 300w, https:\/\/autosgiros.com.br\/wp-content\/uploads\/2023\/07\/Audi-Festival-Interlagos-03-768x432.jpg 768w, https:\/\/autosgiros.com.br\/wp-content\/uploads\/2023\/07\/Audi-Festival-Interlagos-03-1536x864.jpg 1536w, https:\/\/autosgiros.com.br\/wp-content\/uploads\/2023\/07\/Audi-Festival-Interlagos-03.jpg 1600w\" sizes=\"auto, (max-width: 1024px) 100vw, 1024px\" \/><\/figure>\n\n\n\n<p>Em termos de performance, o coeficiente de arrasto de apenas 0,24 fornece alta efici\u00eancia e longo alcance. O propulsor el\u00e9trico com 476 cavalos de pot\u00eancia (at\u00e9 530 cv no modo overboost) e torque de 640 Nm atua em sintonia com a tra\u00e7\u00e3o integral quattro e proporciona um desempenho altamente esportivo: a acelera\u00e7\u00e3o de 0 a 100 km\/h \u00e9 feita em 4,1 segundos, e a velocidade m\u00e1xima \u00e9 de 245 km\/h.<\/p>\n\n\n\n<p>As baterias de alta tens\u00e3o situadas sob o assoalho da cabine t\u00eam capacidade de carga de 93 kWh (capacidade de carga AC de 22 kW) e proporcionam uma autonomia de 458 a 501 quil\u00f4metros, pelo ciclo WLTP (Worldwide Harmonised Light Vehicles Test Procedure, na sigla em ingl\u00eas); ou 308 quil\u00f4metros, pela medi\u00e7\u00e3o do Instituto Nacional de Metrologia, Qualidade e Tecnologia (Inmetro).<\/p>\n\n\n\n<p>J\u00e1 a generosa lista de equipamentos o coloca como o modelo mais completo da categoria. O Audi e-tron GT oferece, entre outros, far\u00f3is Matrix LED com setas din\u00e2micas; controle de cruzeiro adaptativo (ACC); monitor de ponto cego (Lane Change assistant); aviso de mudan\u00e7a de faixa (Lane Keeping Assist &#8211; LKAS; com emergency assist); c\u00e2mera 360\u00b0 com Sistema Parking Assist; teto panor\u00e2mico de vidro; e o sistema de som Bang &amp; Olufsen.<\/p>\n\n\n\n<p><strong>Audi do Brasil no Festival Interlagos<\/strong><\/p>\n\n\n\n<figure class=\"wp-block-image size-large\"><img loading=\"lazy\" decoding=\"async\" width=\"1024\" height=\"576\" src=\"https:\/\/autosgiros.com.br\/wp-content\/uploads\/2023\/07\/Audi-Festival-Interlagos-02-1024x576.jpg\" alt=\"\" class=\"wp-image-1194\" srcset=\"https:\/\/autosgiros.com.br\/wp-content\/uploads\/2023\/07\/Audi-Festival-Interlagos-02-1024x576.jpg 1024w, https:\/\/autosgiros.com.br\/wp-content\/uploads\/2023\/07\/Audi-Festival-Interlagos-02-300x169.jpg 300w, https:\/\/autosgiros.com.br\/wp-content\/uploads\/2023\/07\/Audi-Festival-Interlagos-02-768x432.jpg 768w, https:\/\/autosgiros.com.br\/wp-content\/uploads\/2023\/07\/Audi-Festival-Interlagos-02.jpg 1500w\" sizes=\"auto, (max-width: 1024px) 100vw, 1024px\" \/><\/figure>\n\n\n\n<p>A marca das quatro argolas participa da segunda edi\u00e7\u00e3o do Festival Interlagos, que ocorre entre os dias 20 e 23 de julho no Aut\u00f3dromo de Interlagos, em S\u00e3o Paulo. A primeira edi\u00e7\u00e3o da feira, realizada em 2022,&nbsp; reuniu 100 mil pessoas em seus cinco dias de opera\u00e7\u00e3o, tornando o evento um dos maiores de pista do Brasil.<\/p>\n\n\n\n<p>Al\u00e9m do lan\u00e7amento oficial com experi\u00eancia em pista do novo e-tron GT ao p\u00fablico, imprensa e convidados da marca, a fabricante disponibilizar\u00e1 outros dez modelos para serem avaliados no c\u00e9lebre circuito, palco de in\u00fameras conquistas pelas m\u00e3os do eterno chefe Ayrton Senna. Entre eles est\u00e3o aos modelos A3, Q3, e-tron GT e toda a linha RS (RS e-tron GT, RS 6 Avant, RS 5 Competition Plus, RS 5 Competition Plus Track e RS Q8). Al\u00e9m deles, haver\u00e1 uma exposi\u00e7\u00e3o exclusiva no estande da marca dos modelos RS 5 Competition Plus, A5 carbon edition, Q5 TFSIe, e-tron Sportback e e-tron GT.<\/p>\n\n\n\n<p>O espa\u00e7o exclusivo da Audi no Festival Interlagos ter\u00e1 ainda um configurador exclusivo dos modelos em 3D e uma \u00e1rea dedicada aos itens da Audi Collection, a linha exclusiva de acess\u00f3rios, roupas e itens inspirados na tecnologia de ponta, design e esportividade da marca. Tudo desenvolvido para combinar com seu estilo dentro e fora das pistas.<\/p>\n\n\n\n<p><strong>Novidades do Audi Signature<\/strong><\/p>\n\n\n\n<p>O espa\u00e7o Audi Signature \u2013 anteriormente denominado Audi Luxury Signature &#8211; apresentar\u00e1 novidades ao p\u00fablico. Al\u00e9m da mudan\u00e7a na nomenclatura, o programa de assinaturas oferece agora a modalidade de pagamento da mensalidade por cart\u00e3o de cr\u00e9dito (antes havia somente a op\u00e7\u00e3o por boleto banc\u00e1rio). Al\u00e9m da comodidade em ter o custo da assinatura debitado automaticamente do cart\u00e3o de cr\u00e9dito, o cliente poder\u00e1 contar com outros benef\u00edcios como ac\u00famulo de pontos em programas relacionados ao cart\u00e3o de cr\u00e9dito.<\/p>\n\n\n\n<p>O programa celebra ainda o recorde de assinaturas no primeiro semestre deste ano, per\u00edodo em que atingiu o patamar de assinaturas do acumulado do ano passado. Por fim, o programa est\u00e1 lan\u00e7ando um portal exclusivo,&nbsp;<a href=\"http:\/\/www.audisignature.com.br\/\" target=\"_blank\" rel=\"noreferrer noopener\">www.audisignature.com.br<\/a>, com todas as informa\u00e7\u00f5es dos modelos, pre\u00e7os e condi\u00e7\u00f5es dispon\u00edveis. Lan\u00e7ado em 2020, o Audi Signature se expandiu por todas as concession\u00e1rias da marca no Brasil e possibilita conhecer toda a sofistica\u00e7\u00e3o e tecnologia dos ve\u00edculos da fabricante, em op\u00e7\u00f5es de 18, 24 meses ou 36 meses e com mensalidades que cobrem revis\u00f5es, seguro, IPVA, licenciamento e documenta\u00e7\u00e3o geral, al\u00e9m de assist\u00eancia 24 horas do Audi Class Service.<\/p>\n\n\n\n<p><strong>Audi<\/strong>&nbsp;<strong>Approved Plus \u2013 Seminovos Certificados<\/strong><\/p>\n\n\n\n<p>O espa\u00e7o Audi Approved Plus, o programa de seminovos certificados da marca das quatro argolas, tamb\u00e9m apresentar\u00e1 novidades ao p\u00fablico. O programa ampliou para at\u00e9 2 anos a garantia e certifica\u00e7\u00e3o de f\u00e1brica.<\/p>\n\n\n\n<p>J\u00e1 a elegibilidade dos modelos aptos a ingressar no programa passou de at\u00e9 5 anos para at\u00e9 6 anos, ou seja, os ve\u00edculos com fabrica\u00e7\u00e3o a partir de 2017 j\u00e1 podem integrar o programa. A partir de agora, os clientes t\u00eam a op\u00e7\u00e3o de adquirir pacotes de revis\u00f5es dos ve\u00edculos seminovos nas concession\u00e1rias autorizadas da Audi do Brasil, tornando o processo de manuten\u00e7\u00e3o mais seguro, confi\u00e1vel e com excelentes condi\u00e7\u00f5es ao cliente. &nbsp;<\/p>\n\n\n\n<p>Os modelos que integram o programa s\u00e3o submetidos a uma rigorosa inspe\u00e7\u00e3o de 188 itens (19 itens adicionais na linha e-tron), sendo o ve\u00edculo totalmente inspecionado, e se necess\u00e1rio realizada a substitui\u00e7\u00e3o por Pe\u00e7as Genu\u00ednas Audi para a manuten\u00e7\u00e3o da sua condi\u00e7\u00e3o original de f\u00e1brica. Al\u00e9m disso, o programa oferece a Assist\u00eancia 24 Horas, que inclui servi\u00e7os como chaveiro, pane seca, despachante, transporte alternativo, hospedagem, troca de pneu, servi\u00e7o de guincho e carro reserva.<\/p>\n\n\n\n<p><strong>Melhor Valor de Revenda<\/strong><\/p>\n\n\n\n<p>Fabricado na planta de S\u00e3o Jos\u00e9 dos Pinhais (PR), o Audi Q3 foi consagrado como SUV Compacto Premium com o maior valor de revenda do pa\u00eds no Pr\u00eamio Melhor Revenda 2022, promovido pela Quatro Rodas e a Kelley Blue Book (KBB) Brasil. Ap\u00f3s um ano de uso, o modelo conseguiu reter 99,57% do seu valor de mercado \u2013 desvaloriza\u00e7\u00e3o de apenas 0,43%, um recorde no segmento.<\/p>\n\n\n\n<p>J\u00e1 o Audi e-tron foi premiado na 9\u00aa edi\u00e7\u00e3o do Selo Maior Valor de Revenda \u2013 Autos 2022, realizado pela Ag\u00eancia Autoinforme em parceria com a Textofinal de Comunica\u00e7\u00e3o. O modelo el\u00e9trico apresentou uma valoriza\u00e7\u00e3o de 0,4% no \u00faltimo ano, o \u00fanico entre todos os el\u00e9tricos, e foi o vencedor na categoria El\u00e9tricos acima de R$ 300 mil.<\/p>\n","protected":false},"excerpt":{"rendered":"<p>Ve\u00edculo tem pre\u00e7o especial de R$ 699.000,00 para venda e mensalidade a partir de R$ 15.480,00 no programa Audi Signature A Audi do Brasil est\u00e1 realizando o lan\u00e7amento oficial do e-tron GT no Brasil de uma maneira especial: o novo esportivo el\u00e9trico da marca das quatro argolas est\u00e1 dispon\u00edvel aos clientes e convidados que estiverem [&hellip;]<\/p>\n","protected":false},"author":1,"featured_media":1195,"comment_status":"open","ping_status":"open","sticky":false,"template":"","format":"standard","meta":{"footnotes":""},"categories":[5],"tags":[236],"class_list":["post-1192","post","type-post","status-publish","format-standard","has-post-thumbnail","hentry","category-auto-premium","tag-audi"],"amp_enabled":true,"_links":{"self":[{"href":"https:\/\/autosgiros.com.br\/index.php\/wp-json\/wp\/v2\/posts\/1192","targetHints":{"allow":["GET"]}}],"collection":[{"href":"https:\/\/autosgiros.com.br\/index.php\/wp-json\/wp\/v2\/posts"}],"about":[{"href":"https:\/\/autosgiros.com.br\/index.php\/wp-json\/wp\/v2\/types\/post"}],"author":[{"embeddable":true,"href":"https:\/\/autosgiros.com.br\/index.php\/wp-json\/wp\/v2\/users\/1"}],"replies":[{"embeddable":true,"href":"https:\/\/autosgiros.com.br\/index.php\/wp-json\/wp\/v2\/comments?post=1192"}],"version-history":[{"count":1,"href":"https:\/\/autosgiros.com.br\/index.php\/wp-json\/wp\/v2\/posts\/1192\/revisions"}],"predecessor-version":[{"id":1196,"href":"https:\/\/autosgiros.com.br\/index.php\/wp-json\/wp\/v2\/posts\/1192\/revisions\/1196"}],"wp:featuredmedia":[{"embeddable":true,"href":"https:\/\/autosgiros.com.br\/index.php\/wp-json\/wp\/v2\/media\/1195"}],"wp:attachment":[{"href":"https:\/\/autosgiros.com.br\/index.php\/wp-json\/wp\/v2\/media?parent=1192"}],"wp:term":[{"taxonomy":"category","embeddable":true,"href":"https:\/\/autosgiros.com.br\/index.php\/wp-json\/wp\/v2\/categories?post=1192"},{"taxonomy":"post_tag","embeddable":true,"href":"https:\/\/autosgiros.com.br\/index.php\/wp-json\/wp\/v2\/tags?post=1192"}],"curies":[{"name":"wp","href":"https:\/\/api.w.org\/{rel}","templated":true}]}}